{"id":114855,"date":"2023-07-10T17:32:16","date_gmt":"2023-07-10T20:32:16","guid":{"rendered":"https:\/\/www.blogdopaulonunes.com\/v5\/?p=114855"},"modified":"2023-07-10T17:32:16","modified_gmt":"2023-07-10T20:32:16","slug":"as-mensagens-do-celular-de-george-washington-e-seu-plano-para-explodir-o-aeroporto-de-brasilia","status":"publish","type":"post","link":"https:\/\/www.blogdopaulonunes.com\/v5\/index.php\/2023\/07\/10\/as-mensagens-do-celular-de-george-washington-e-seu-plano-para-explodir-o-aeroporto-de-brasilia\/","title":{"rendered":"As mensagens do celular de George Washington e seu plano para explodir o aeroporto de Bras\u00edlia"},"content":{"rendered":"<p style=\"text-align: justify;\">\n<p class=\"lead\" style=\"text-align: justify;\"><b>Por Denise Assis, Brasil 247 &#8211;<\/b>\u00a0Mensagens in\u00e9ditas do celular do empres\u00e1rio George Washington de Oliveira Sousa (Marab\u00e1), obtidas com exclusividade pelo\u00a0<b>Brasil 247<\/b>, revelam detalhes do plano terrorista para explodir uma bomba perto do Aeroporto Internacional de Bras\u00edlia no dia 24 de dezembro de 2022. Em mensagens enviadas ao deputado federal Elieser Gir\u00e3o (PL-RN), e ao senador Eduardo Gir\u00e3o (Novo- CE), George Washington apelou para o uso dos CACs (Colecionador, Atirador Desportivo e Ca\u00e7ador) em apoio ao plano terrorista. O deputado Elieser Gir\u00e3o, de megafone em punho, anunciou para os bolsonaristas: \u201ccoloquem os sapatinhos na janela. Teremos novidade no Natal\u201d. A \u201cnovidade\u201d, eram dezenas de v\u00edtimas que em consequ\u00eancia do atentado idealizado por George, poderiam ter ido pelos ares, no aeroporto da capital federal, na v\u00e9spera dos festejos natalinos.<\/p>\n<p class=\"lead\" style=\"text-align: justify;\">As mensagens constam em material enviado sigiloso pela Pol\u00edcia Civil do Distrito Federal no dia 22 de junho de 2023 \u00e0 Comiss\u00e3o Parlamentar Mista de Inqu\u00e9rito (CPMI), que busca esclarecer o golpe do dia 8 de janeiro de 2023. \u00a0O\u00a0<b>247<\/b>\u00a0teve acesso \u00e0 documenta\u00e7\u00e3o e e conversou com o deputado federal Rogerio Correia (PT-MG), integrante da Comiss\u00e3o Parlamentar Mista de Inqu\u00e9rito (CPMI). Na avalia\u00e7\u00e3o do deputado, esse material \u00e9 muito importante para pautar os trabalhos da comiss\u00e3o que vai interrogar \u00a0na pr\u00f3xima ter\u00e7a-feira (11\/07), Mauro Cid (ajudante-de-ordem de Bolsonaro). \u00a0Para o parlamentar, os documentos \u201cdemonstram um envolvimento de v\u00e1rias pessoas com o terrorista George Washington, entre elas at\u00e9 deputados. Isso, segundo Rogerio Correa, desmancha a narrativa que Mauro Cid tem repetido, a de que para o pr\u00f3prio Bolsonaro o telefone de seu ajudante-de-ordens era apenas um muro de lamenta\u00e7\u00f5es. Nas conversas trocadas no aplicativo de mensagens fica claro que as conversas n\u00e3o tinham nada de muro de lamenta\u00e7\u00f5es. \u00a0Era algo muito mais s\u00e9rio, que por pouco n\u00e3o foi concretizado. S\u00f3 deu errado porque houve falha na \u00faltima hora, ressaltou o deputado do PT.<\/p>\n<p class=\"lead\" style=\"text-align: justify;\">\u201cO que existe nesse material come\u00e7a a mostrar que n\u00e3o apenas essas pessoas confessam que foram l\u00e1 para isso, para poder estabelecer uma quebra, n\u00e9, da democracia e ocupar os poderes para destituir o presidente eleito, mas tamb\u00e9m come\u00e7a agora a aparecer uma organiza\u00e7\u00e3o por tr\u00e1s, inclusive, de atos que eles falavam que teriam que seriam atos que levados a cabo criariam um caos e dentro disso tem esse caso, que \u00e9 o mais expl\u00edcito do caminh\u00e3o a bomba, mas tem tamb\u00e9m o fechamento de rodovias, que levariam ao caos. E aquele ato do dia 12 levaria a que setores das For\u00e7as Armadas fizessem uma interven\u00e7\u00e3o para que o Bolsonaro voltasse. Que era o que eles esperavam para fechar e dar o golpe\u201d.<\/p>\n<p class=\"lead\" style=\"text-align: justify;\">Ao obter acesso ao celular de George Washington &#8211; um Samsung S21, IMEI: 351751190123219, de cor preta, com senha: GEGI2630 -, a Pol\u00edcia Civil do DF avan\u00e7ou bastante nas investiga\u00e7\u00f5es. A partir do conte\u00fado \u00e9 poss\u00edvel, por exemplo, verificar que a afirma\u00e7\u00e3o de que o explosivo era destinado a postes de energia n\u00e3o condiz com a verdade, pois nos\u00a0<i>prints<\/i>\u00a0de p\u00e1ginas das suas conversas saltam di\u00e1logos em que ele fala sobre colocar a bomba no caminh\u00e3o, deixando claro que este j\u00e1 era o plano desde o in\u00edcio.<\/p>\n<p class=\"lead\" style=\"text-align: justify;\">Primeiro a ser detido pelo atentado, em Auto de Pris\u00e3o em Flagrante, George Washington encontra-se preso e foi condenado pela Justi\u00e7a a 9 anos e 4 meses de pris\u00e3o, em regime fechado, incurso nos crimes previstos nos artigos 12, 14 e 16, da Lei 10.826\/2003, que versam sobre o porte ilegal de armas. O seu comparsa Alan Diego dos Santos Rodrigues se encontra preso e recebeu pena de cinco anos e quatro meses. Ambos foram condenados em primeira inst\u00e2ncia em 11 de maio, pela Justi\u00e7a do Distrito Federal, podendo recorrer.<\/p>\n<p class=\"lead\" style=\"text-align: justify;\">George Washington foi detido no mesmo dia 24, por suposto envolvimento no caso e contou que veio do Par\u00e1 para Bras\u00edlia, a fim de participar das manifesta\u00e7\u00f5es (em apoio ao ex-presidente Jair Bolsonaro \u2013 PL-, derrotado nas elei\u00e7\u00f5es), que ocorriam em frente ao quartel-general do Ex\u00e9rcito.<\/p>\n<p class=\"lead\" style=\"text-align: justify;\">George foi localizado e preso por ordem do delegado-chefe adjunto, Paulo Renato Fay\u00e3o, em um apartamento na regi\u00e3o do Sudoeste e confessou que tinha inten\u00e7\u00e3o de explodir o artefato no aeroporto. Com ele, foi apreendido um arsenal com pelo menos duas espingardas, um fuzil, dois rev\u00f3lveres, tr\u00eas pistolas, centenas de muni\u00e7\u00f5es e uniformes camuflados. No apartamento, foram encontradas outras cinco emuls\u00f5es explosivas (clique aqui, para ver a rela\u00e7\u00e3o completa:\u00a0<a href=\"https:\/\/bit.ly\/44elZIh\" target=\"_blank\" rel=\"noopener\"><u>https:\/\/bit.ly\/44elZIh<\/u><\/a>). \u00c0 \u00e9poca, George Washington disse que &#8220;queria dar in\u00edcio ao caos&#8221;<\/p>\n<p class=\"lead\" style=\"text-align: justify;\">Hoje, infere-se, que o plano era for\u00e7ar a decreta\u00e7\u00e3o de uma Garantia da Lei e da Ordem \u2013 GLO, o que colocaria o poder em m\u00e3os do Ex\u00e9rcito.<\/p>\n<p class=\"lead\" style=\"text-align: justify;\">A Pol\u00edcia Militar do Distrito Federal detonou o explosivo ap\u00f3s o artefato ser encontrado pelo motorista do caminh\u00e3o-tanque, Jeferson Henrique Ribeiro da Silveira, estacionado no p\u00e1tio do aeroporto, com combust\u00edvel para avi\u00f5es, na manh\u00e3 de 24 de dezembro. O motorista n\u00e3o soube dizer quem havia deixado o material ali e a pol\u00edcia descartou a participa\u00e7\u00e3o dele no caso. A tentativa de explos\u00e3o n\u00e3o impactou as opera\u00e7\u00f5es no Aeroporto JK e o motorista, conforme verifica\u00e7\u00e3o da PC-DF, n\u00e3o teve participa\u00e7\u00e3o no caso.<\/p>\n<p class=\"lead\" style=\"text-align: justify;\">Ao ser ouvido, George Washington afirmou que estava preparado para a \u201cguerra\u201d, aguardando uma convoca\u00e7\u00e3o do Ex\u00e9rcito, pois era um defensor da liberdade, estando, em suas palavras, \u201cpara matar ou para morrer\u201d.<\/p>\n<p class=\"lead\" style=\"text-align: justify;\">Ele confessou sua participa\u00e7\u00e3o no atentado daquela manh\u00e3, afirmando que, no dia 23\/12, \u00e0 noite, foi at\u00e9 o QG e deixou o artefato explosivo j\u00e1 preparado, com Alan Diego dos Santos Rodrigues, seu c\u00famplice no atentado. Disse tamb\u00e9m que acreditava que o explosivo \u201cseria colocado t\u00e3o somente em um poste para interromper a transmiss\u00e3o de energia para Bras\u00edlia\u201d. George, por\u00e9m, foi enf\u00e1tico em asseverar que sua a\u00e7\u00e3o foi Ideol\u00f3gica\u201d e \u201cem defesa da liberdade\u201d.<\/p>\n<p class=\"lead\" style=\"text-align: justify;\">De posse das declara\u00e7\u00f5es, a Pol\u00edcia Civil concluiu que ele n\u00e3o estava agindo sozinho e empreendeu dilig\u00eancias, a fim de chegar nos demais participantes da a\u00e7\u00e3o criminosa. Em um dos relat\u00f3rios produzidos pela equipe de investigadores da DRACO, o de n\u00famero 11\/2023 3\/ 45, a Pol\u00edcia chegou aos seguintes nomes:<\/p>\n<p class=\"lead\" style=\"text-align: justify;\"><b>Alan Diego dos Santos Rodrigues<\/b>, nascido aos 14\/07\/1990 em Comodoro\/MT.\u00a0<b>Wellington Macedo de Souza<\/b>, vulgo \u201cPreso do Xand\u00e3o\u201d nascido aos 05\/02\/1975 em Fortaleza\/CE. Conforme mencionado no referido relat\u00f3rio, foi poss\u00edvel verificar que Wellington Macedo de Souza circulou durante toda a madrugada do dia 24\/12\/2022 pelo aeroporto de Bras\u00edlia. Ao que as dilig\u00eancias indicam, Wellington estava no ve\u00edculo Hyundai\/Creta de cor branca, placa GGH7D35, que \u00e9 de propriedade de sua companheira Andressa Aguiar da Silva Macedo.\u00a0<b>Andressa Aguiar da Silva Macedo<\/b>, nascida no dia 05\/02\/1975 em Sobral\/CE. Propriet\u00e1ria do ve\u00edculo Hyundai\/Creta, GGH7D35. De acordo com o mencionado no relat\u00f3rio n\u00ba 11\/2023 \u2013 DECOR, no dia 06\/01\/2023, a equipe policial realizou acompanhamento do Hyundai\/Creta de propriedade da companheira de Wellington Macedo de Souza, ocasi\u00e3o em que foi poss\u00edvel observar que outro indiv\u00edduo estava no ve\u00edculo. \u201cEm continuidade ao monitoramento do Hyundai\/Creta, verificou-se que este saiu de Bras\u00edlia no dia 09\/01\/2023 e, no dia 11\/01\/2023, j\u00e1 se encontrava em Foz do Igua\u00e7u\/PR. Tomamos conhecimento de que o referido ve\u00edculo foi abordado pela Pol\u00edcia Rodovi\u00e1ria Federal no dia 12\/01\/2023 no munic\u00edpio de Ubirat\u00e3\/PR. Em contato com a equipe policial que realizou a abordagem, tomamos conhecimento de que o motorista do Hyundai\/Creta era Paulo Leandro Galdo Rodrigues, a mesma pessoa registrada no acompanhamento realizado no dia 06\/01\/2023\u201d, conclu\u00edram os policiais.\u00a0<b>Paulo Leandro Galdo Rodrigues<\/b>, nascido no dia 15\/04\/1980. Informamos, ainda, que, com o objetivo de identificar o maior n\u00famero de indiv\u00edduos envolvidos no atentado \u00e0 bomba no aeroporto de Bras\u00edlia, foi realizada an\u00e1lise parcial do aparelho celular que estava na posse de George Washington de Oliveira Leal na ocasi\u00e3o de sua pris\u00e3o.<\/p>\n<h2><b>George Washington apelou a congressistas radicais e \u00e0s FAs, por golpe\u00a0<\/b><\/h2>\n<p class=\"lead\" style=\"text-align: justify;\">Na data de 11\/12\/2022, um dia antes dos atos de vandalismo que marcaram Bras\u00edlia, George enviou mensagens por meio do aplicativo Instagram ao General Elieser Gir\u00e3o, entre elas, um link de uma publica\u00e7\u00e3o que se refere \u00e0 poss\u00edvel cria\u00e7\u00e3o de uma for\u00e7a de seguran\u00e7a paralela pelo governo do presidente Lula. Em seguida, colocou-se \u00e0 disposi\u00e7\u00e3o para uma convoca\u00e7\u00e3o das for\u00e7as armadas.<\/p>\n","protected":false},"excerpt":{"rendered":"<p>Por Denise Assis, Brasil 247 &#8211;\u00a0Mensagens in\u00e9ditas do celular do empres\u00e1rio George Washington de Oliveira Sousa (Marab\u00e1), obtidas com exclusividade pelo\u00a0Brasil 247, revelam detalhes do plano terrorista para explodir uma bomba perto do Aeroporto Internacional de Bras\u00edlia no dia 24 de dezembro de 2022. Em mensagens enviadas ao deputado federal Elieser Gir\u00e3o (PL-RN), e ao [&hellip;]<\/p>\n","protected":false},"author":2,"featured_media":114856,"comment_status":"open","ping_status":"open","sticky":false,"template":"","format":"standard","meta":[],"categories":[127,105],"tags":[990,1616,1613,1615,1614],"_links":{"self":[{"href":"https:\/\/www.blogdopaulonunes.com\/v5\/index.php\/wp-json\/wp\/v2\/posts\/114855"}],"collection":[{"href":"https:\/\/www.blogdopaulonunes.com\/v5\/index.php\/wp-json\/wp\/v2\/posts"}],"about":[{"href":"https:\/\/www.blogdopaulonunes.com\/v5\/index.php\/wp-json\/wp\/v2\/types\/post"}],"author":[{"embeddable":true,"href":"https:\/\/www.blogdopaulonunes.com\/v5\/index.php\/wp-json\/wp\/v2\/users\/2"}],"replies":[{"embeddable":true,"href":"https:\/\/www.blogdopaulonunes.com\/v5\/index.php\/wp-json\/wp\/v2\/comments?post=114855"}],"version-history":[{"count":1,"href":"https:\/\/www.blogdopaulonunes.com\/v5\/index.php\/wp-json\/wp\/v2\/posts\/114855\/revisions"}],"predecessor-version":[{"id":114857,"href":"https:\/\/www.blogdopaulonunes.com\/v5\/index.php\/wp-json\/wp\/v2\/posts\/114855\/revisions\/114857"}],"wp:featuredmedia":[{"embeddable":true,"href":"https:\/\/www.blogdopaulonunes.com\/v5\/index.php\/wp-json\/wp\/v2\/media\/114856"}],"wp:attachment":[{"href":"https:\/\/www.blogdopaulonunes.com\/v5\/index.php\/wp-json\/wp\/v2\/media?parent=114855"}],"wp:term":[{"taxonomy":"category","embeddable":true,"href":"https:\/\/www.blogdopaulonunes.com\/v5\/index.php\/wp-json\/wp\/v2\/categories?post=114855"},{"taxonomy":"post_tag","embeddable":true,"href":"https:\/\/www.blogdopaulonunes.com\/v5\/index.php\/wp-json\/wp\/v2\/tags?post=114855"}],"curies":[{"name":"wp","href":"https:\/\/api.w.org\/{rel}","templated":true}]}}