{"id":114838,"date":"2023-07-10T05:02:43","date_gmt":"2023-07-10T08:02:43","guid":{"rendered":"https:\/\/www.blogdopaulonunes.com\/v5\/?p=114838"},"modified":"2023-07-10T05:02:43","modified_gmt":"2023-07-10T08:02:43","slug":"em-aracatu-governo-da-bahia-entrega-mais-uma-escola-em-tempo-integral-e-pavimentacao-das-vias-de-acesso-a-cidade","status":"publish","type":"post","link":"https:\/\/www.blogdopaulonunes.com\/v5\/index.php\/2023\/07\/10\/em-aracatu-governo-da-bahia-entrega-mais-uma-escola-em-tempo-integral-e-pavimentacao-das-vias-de-acesso-a-cidade\/","title":{"rendered":"Em Aracatu, Governo da Bahia entrega mais uma escola em Tempo Integral e pavimenta\u00e7\u00e3o das vias de acesso \u00e0 cidade"},"content":{"rendered":"<div><\/div>\n<div><\/div>\n<div style=\"text-align: justify;\">O munic\u00edpio de Aracatu, no sudoeste baiano, teve uma sexta-feira (7) agitada. Isso porque recebeu a visita do governador Jer\u00f4nimo Rodrigues, para a entrega de obras e servi\u00e7os de educa\u00e7\u00e3o e infraestrutura. Al\u00e9m da pavimenta\u00e7\u00e3o das vias de acesso \u00e0 sede e de diversas ruas do munic\u00edpio, teve a inaugura\u00e7\u00e3o de mais um Col\u00e9gio Estadual de Tempo Integral. Este j\u00e1 \u00e9 o 17\u00ba somente este ano.<\/div>\n<div><\/div>\n<div style=\"text-align: justify;\">Durante a agenda, o governador se comprometeu em voltar para fazer mais entregas, garantindo melhorias na qualidade de vida da popula\u00e7\u00e3o de Aracatu. &#8220;Hoje foi mais um dia entregas no interior. Aqui, foi uma escola super equipada, neste novo formato de educa\u00e7\u00e3o que estamos trabalhando, e pavimenta\u00e7\u00e3o dos acessos \u00e0 entrada da cidade. E vamos voltar, j\u00e1 j\u00e1, para fazer outras entregas. Estou encantado com o trabalho que vem sendo feito em Aracatu pelo Governo Municipal, e com a parceira entre o Estado e o governo Federal, vamos fazer ainda mais&#8221;, afirmou Jer\u00f4nimo.<\/div>\n<div><\/div>\n<div style=\"text-align: justify;\">O Estado, atrav\u00e9s da Secretaria estadual da Educa\u00e7\u00e3o, investiu mais de R$ 21 milh\u00f5es no novo Col\u00e9gio de Tempo Integral. O pr\u00e9dio conta com 12 salas de aulas, quatro laborat\u00f3rios, duas salas multifuncionais, biblioteca, teatro com capacidade para 200 pessoas, restaurante e campo de futebol society com pista de atletismo. Houve ainda a recupera\u00e7\u00e3o do gin\u00e1sio coberto. A obra foi realizada pela Companhia de Desenvolvimento Urbano da Bahia (Conder), \u00f3rg\u00e3o vinculado \u00e0 Secretaria estadual de Desenvolvimento Urbano (Sedur).<\/div>\n<div><\/div>\n<div style=\"text-align: justify;\">Os estudantes Natan Leite e Daiane Pereira aprovaram a nova unidade de ensino. &#8220;\u00c9 uma escola surreal de linda, gigante. E eu creio que ela vai ajudar futuramente os jovens em suas carreiras profissionais, com essa infraestrutura altamente qualificada&#8221;, surpreende-se a estudante Daiane Pereira. J\u00e1 para Natan Leite, a estrutura vai fornecer muitos materiais para aprendizagem. &#8220;Muitos livros, equipamentos para fazer experimentos, como microsc\u00f3pios melhores, que auxiliam na an\u00e1lise de c\u00e9lulas, por exemplo, bem como contribuir para os estudos em biologia, qu\u00edmica, f\u00edsica&#8221;, observou.<\/div>\n<div><\/div>\n<div style=\"text-align: justify;\">A secret\u00e1ria da Educa\u00e7\u00e3o, Ad\u00e9lia Pinheiro, considera um grande refor\u00e7o para a educa\u00e7\u00e3o na cidade. &#8220;Essa \u00e9 a 17\u00aa escola de tempo integral somente este ano, na gest\u00e3o do governador Jer\u00f4nimo Rodrigues. Uma escola completa, oferecendo um conjunto de cen\u00e1rios de aprendizagem e de perman\u00eancia qualitativa com bem estar para nossos professores, estudantes e trabalhadores da educa\u00e7\u00e3o&#8221;, afirmou Ad\u00e9lia.<\/div>\n<div style=\"text-align: justify;\"><img loading=\"lazy\" class=\"alignnone size-full wp-image-114840\" src=\"https:\/\/www.blogdopaulonunes.com\/v5\/wp-content\/uploads\/2023\/07\/Aracatu-aula9.png\" alt=\"\" width=\"301\" height=\"201\" \/><\/div>\n<div style=\"text-align: justify;\">Na ocasi\u00e3o, tamb\u00e9m foi entregue um \u00f4nibus escolar, que vai atender aos estudantes da zona rural do munic\u00edpio.<\/div>\n<div><\/div>\n<div><b>Infraestrutura<\/b><\/div>\n<div><\/div>\n<div style=\"text-align: justify;\">As atividades da agropecu\u00e1ria e os servi\u00e7os oferecidos na regi\u00e3o v\u00e3o ser facilitados com o asfaltamento de seis quil\u00f4metros da pista que d\u00e1 acesso \u00e0 sede do munic\u00edpio. O valor investido pela Secretaria de Infraestrutura do Estado (Seinfra) nesta obra foi da ordem de R$ 4,6 milh\u00f5es.<\/div>\n<div><\/div>\n<div style=\"text-align: justify;\">Por meio da parceria da Conder com a prefeitura local, foi entregue a pavimenta\u00e7\u00e3o de ruas do bairro Bons Ares. A interven\u00e7\u00e3o, feita em paralelep\u00edpedo, com drenagem superficial, meio-fio e cal\u00e7ada, alcan\u00e7a as ruas dos L\u00edrios, das Orqu\u00eddeas, das Margaridas, das Hort\u00eansias e das Ac\u00e1cias. O investimento soma R$ 584,8 mil.<\/div>\n<div><\/div>\n<div><b>Abastecimento<\/b><\/div>\n<div><\/div>\n<div style=\"text-align: justify;\">Os moradores da zona rural v\u00e3o ser beneficiados ainda com dois Sistemas Integrados de Abastecimento de \u00c1gua. Os equipamentos, implantados pela Secretaria Estadual de Infraestrutura H\u00eddrica e Saneamento (SIHS), foram dados por entregues pelo governador. Um deles vai atender cerca de 300 moradores das localidades de Angico, Carrapicho e Morro e recebeu investimento aproximado de R$ 1,25 milh\u00e3o. O segundo sistema custou cerca de R$ 1,06 milh\u00e3o e atender\u00e1 outros 160 pequenos agricultores das localidades de Lero, Pedra, Calif\u00f3rnia, Zacarias e Lagoa do Prudente.<\/div>\n<div><\/div>\n<div><b>S\u00e3o Pedro<\/b><\/div>\n<div><\/div>\n<div style=\"text-align: justify;\">\u00c0 noite, o governador foi at\u00e9 a pra\u00e7a prestigiar o \u2018Arrai\u00e1 do Gerer\u00ea\u2019, em celebra\u00e7\u00e3o ao S\u00e3o Pedro da cidade. Se apresentaram Can\u00e1rios do Reino; Silvanno Salles; Adevaldo Teles; Vaguinho Matias e Deivinho Porto. Os festejos fazem parte do investimento do Governo estadual, superior a R$ 100 milh\u00f5es no S\u00e3o Jo\u00e3o da Bahia 2023. Mais de 280 munic\u00edpios baianos receberam apoio para a realiza\u00e7\u00e3o da festa, com impacto positivo na economia local e do estado, com a gera\u00e7\u00e3o de emprego e renda durante o per\u00edodo.<\/div>\n<div><\/div>\n<div><\/div>\n<div><b>Fotos: Jo\u00e1 Souza\/GOVBA<\/b><\/div>\n","protected":false},"excerpt":{"rendered":"<p>O munic\u00edpio de Aracatu, no sudoeste baiano, teve uma sexta-feira (7) agitada. Isso porque recebeu a visita do governador Jer\u00f4nimo Rodrigues, para a entrega de obras e servi\u00e7os de educa\u00e7\u00e3o e infraestrutura. Al\u00e9m da pavimenta\u00e7\u00e3o das vias de acesso \u00e0 sede e de diversas ruas do munic\u00edpio, teve a inaugura\u00e7\u00e3o de mais um Col\u00e9gio Estadual [&hellip;]<\/p>\n","protected":false},"author":2,"featured_media":114839,"comment_status":"open","ping_status":"open","sticky":false,"template":"","format":"standard","meta":[],"categories":[74,72],"tags":[1602,1603,437],"_links":{"self":[{"href":"https:\/\/www.blogdopaulonunes.com\/v5\/index.php\/wp-json\/wp\/v2\/posts\/114838"}],"collection":[{"href":"https:\/\/www.blogdopaulonunes.com\/v5\/index.php\/wp-json\/wp\/v2\/posts"}],"about":[{"href":"https:\/\/www.blogdopaulonunes.com\/v5\/index.php\/wp-json\/wp\/v2\/types\/post"}],"author":[{"embeddable":true,"href":"https:\/\/www.blogdopaulonunes.com\/v5\/index.php\/wp-json\/wp\/v2\/users\/2"}],"replies":[{"embeddable":true,"href":"https:\/\/www.blogdopaulonunes.com\/v5\/index.php\/wp-json\/wp\/v2\/comments?post=114838"}],"version-history":[{"count":1,"href":"https:\/\/www.blogdopaulonunes.com\/v5\/index.php\/wp-json\/wp\/v2\/posts\/114838\/revisions"}],"predecessor-version":[{"id":114841,"href":"https:\/\/www.blogdopaulonunes.com\/v5\/index.php\/wp-json\/wp\/v2\/posts\/114838\/revisions\/114841"}],"wp:featuredmedia":[{"embeddable":true,"href":"https:\/\/www.blogdopaulonunes.com\/v5\/index.php\/wp-json\/wp\/v2\/media\/114839"}],"wp:attachment":[{"href":"https:\/\/www.blogdopaulonunes.com\/v5\/index.php\/wp-json\/wp\/v2\/media?parent=114838"}],"wp:term":[{"taxonomy":"category","embeddable":true,"href":"https:\/\/www.blogdopaulonunes.com\/v5\/index.php\/wp-json\/wp\/v2\/categories?post=114838"},{"taxonomy":"post_tag","embeddable":true,"href":"https:\/\/www.blogdopaulonunes.com\/v5\/index.php\/wp-json\/wp\/v2\/tags?post=114838"}],"curies":[{"name":"wp","href":"https:\/\/api.w.org\/{rel}","templated":true}]}}