{"id":114835,"date":"2023-07-10T04:49:45","date_gmt":"2023-07-10T07:49:45","guid":{"rendered":"https:\/\/www.blogdopaulonunes.com\/v5\/?p=114835"},"modified":"2023-07-10T04:49:45","modified_gmt":"2023-07-10T07:49:45","slug":"com-decada-seca-90-das-cidades-com-mais-casas-vazias-ficam-no-semiarido","status":"publish","type":"post","link":"https:\/\/www.blogdopaulonunes.com\/v5\/index.php\/2023\/07\/10\/com-decada-seca-90-das-cidades-com-mais-casas-vazias-ficam-no-semiarido\/","title":{"rendered":"Com d\u00e9cada seca, 90% das cidades com mais casas vazias ficam no semi\u00e1rido"},"content":{"rendered":"<div class=\"\">\n<header>\n<div class=\"type-content-wrapper image-full\">\n<div class=\"type-content-validation\">\n<div class=\"tooltip-wrapper\">\n<div class=\"tooltip-container \">\n<div class=\"w-tooltip \"><\/div>\n<\/div>\n<\/div>\n<\/div>\n<\/div>\n<div class=\"slot-e\"><\/div>\n<\/header>\n<\/div>\n<div class=\"\">\n<div class=\"row\">\n<div class=\"col-sm-24 col-md-16 col-lg-17 content-article\">\n<div class=\"row\">\n<figure class=\"photo col-xs-8 col-sm-24 representative crop-615x300 figure\">\n<div class=\"image bg\"><picture><source srcset=\"https:\/\/conteudo.imguol.com.br\/2012\/05\/15\/16mai2012---casa-colocada-a-venda-denuncia-exodo-rural-em-santa-brigida-ba-com-maior-seca-em-decadas-nordeste-revive-exodo-e-abandono-do-campo-1337117865184_300x200.jpg.webp\" type=\"image\/webp\" media=\"(max-width: 767px)\" \/><source srcset=\"https:\/\/conteudo.imguol.com.br\/2012\/05\/15\/16mai2012---casa-colocada-a-venda-denuncia-exodo-rural-em-santa-brigida-ba-com-maior-seca-em-decadas-nordeste-revive-exodo-e-abandono-do-campo-1337117865184_615x300.jpg.webp\" type=\"image\/webp\" media=\"(min-width: 768px)\" \/><source srcset=\"https:\/\/conteudo.imguol.com.br\/2012\/05\/15\/16mai2012---casa-colocada-a-venda-denuncia-exodo-rural-em-santa-brigida-ba-com-maior-seca-em-decadas-nordeste-revive-exodo-e-abandono-do-campo-1337117865184_300x200.jpg\" type=\"image\/jpeg\" media=\"(max-width: 767px)\" \/><source srcset=\"https:\/\/conteudo.imguol.com.br\/2012\/05\/15\/16mai2012---casa-colocada-a-venda-denuncia-exodo-rural-em-santa-brigida-ba-com-maior-seca-em-decadas-nordeste-revive-exodo-e-abandono-do-campo-1337117865184_615x300.jpg\" type=\"image\/jpeg\" media=\"(min-width: 768px)\" \/><\/picture>\n<div class=\"pinit-wraper\"><\/div>\n<\/div><figcaption class=\"container bottom-title\">16.mai.2012 &#8211; Casa colocada \u00e0 venda denuncia \u00eaxodo rural em Santa Br\u00edgida (BA)Imagem: Beto Mac\u00e1rio\/UOL<\/figcaption><\/figure>\n<div class=\"col-xs-8 col-lg-3 col-md-3 col-sm-3 col-xs-24 has-title-sponsor share-sticky\">\n<div class=\"hidden-xs\">\n<div class=\"share   share-vertical share-left share-large share-fixed\" data-config=\"{&quot;facebookApi&quot;:false,&quot;characters-limit&quot;:{&quot;twitter&quot;:{&quot;text&quot;:90}},&quot;xs&quot;:{&quot;order&quot;:{&quot;before&quot;:&quot;whatsapp;facebook;twitter;linkedin&quot;},&quot;mode&quot;:&quot;horizontal;small;&quot;},&quot;omniturereferences&quot;:{&quot;facebook&quot;:&quot;compartilhe_facebook&quot;,&quot;twitter&quot;:&quot;compartilhe_twitter&quot;,&quot;pinterest&quot;:&quot;compartilhe_pinterest&quot;,&quot;linkedin&quot;:&quot;compartilhe_linkedin&quot;,&quot;mail&quot;:&quot;compartilhe_email&quot;,&quot;whatsapp&quot;:&quot;compartilhe_whatsapp&quot;,&quot;messenger&quot;:&quot;compartilhe_messenger&quot;,&quot;viber&quot;:&quot;compartilhe_viber&quot;,&quot;more-open&quot;:&quot;compartilhe_expandir&quot;,&quot;more-close&quot;:&quot;compartilhe_fechar&quot;,&quot;save-link&quot;:&quot;link&quot;},&quot;defaultapis&quot;:{},&quot;components&quot;:[&quot;see-later&quot;,&quot;comment-counter&quot;],&quot;defaults&quot;:{&quot;see-later&quot;:{},&quot;general&quot;:{&quot;domain&quot;:&quot;noticias.uol.com.br&quot;,&quot;subject&quot;:&quot;Veja no UOL&quot;,&quot;body&quot;:&quot;Vi no UOL e acho que pode interessar a voc\u00ea:\\nhttps:\/\/noticias.uol.com.br\/colunas\/carlos-madeiro\/2023\/07\/10\/censo-com-decada-de-seca-semiarido-perde-moradores-em-metade-das-cidades.htm?utm_campaign=carlos-madeiro&amp;utm_content=veja-texto-completo&amp;utm_medium=email&amp;utm_source=notificacao-coluna&quot;,&quot;redirect&quot;:&quot;https:\/\/tm.uol.com.br\/bt\/facebook_auth\/facebook-track-share.html?group=B&quot;,&quot;site&quot;:&quot;UOLNoticias @UOL&quot;,&quot;follow-title&quot;:&quot;UOL Not\u00edcias&quot;,&quot;image&quot;:{&quot;src&quot;:&quot;http:\/\/conteudo.imguol.com.br\/2012\/05\/15\/16mai2012---casa-colocada-a-venda-denuncia-exodo-rural-em-santa-brigida-ba-com-maior-seca-em-decadas-nordeste-revive-exodo-e-abandono-do-campo-1337117865184_615x300.jpg&quot;,&quot;sizes&quot;:{&quot;personalizado&quot;:&quot;&quot;,&quot;original&quot;:&quot;900x506&quot;},&quot;height&quot;:506,&quot;width&quot;:900,&quot;crops&quot;:&quot;80x80;100x70;128x96;142x100;142x200;300x100;300x200;300x300;300x420;300x500;615x300;564x430;615x470;900x506;956x500;1024x687&quot;,&quot;type&quot;:&quot;&quot;,&quot;titulo&quot;:&quot;16.mai.2012 - Casa colocada \u00e0 venda denuncia \u00eaxodo rural em Santa Br\u00edgida (BA)&quot;,&quot;credito&quot;:&quot;Beto Mac\u00e1rio\/UOL&quot;},&quot;title&quot;:&quot;Carlos Madeiro - Com d\u00e9cada seca, 90% das cidades com mais casas vazias ficam no semi\u00e1rido&quot;,&quot;description&quot;:&quot;O Censo 2022 revelou que \u00e9 no semi\u00e1rido brasileiro que est\u00e3o 18 dos 20 munic\u00edpios com maior percentual de resid\u00eanc&quot;,&quot;date&quot;:&quot;10\/07\/2023 04h00&quot;,&quot;kicker&quot;:&quot;Carlos Madeiro&quot;,&quot;url&quot;:&quot;https:\/\/noticias.uol.com.br\/colunas\/carlos-madeiro\/2023\/07\/10\/censo-com-decada-de-seca-semiarido-perde-moradores-em-metade-das-cidades.htm?utm_campaign=carlos-madeiro&amp;utm_content=veja-texto-completo&amp;utm_medium=email&amp;utm_source=notificacao-coluna&quot;},&quot;facebook&quot;:{&quot;app_id&quot;:&quot;190329594333794&quot;},&quot;readspeaker&quot;:{}},&quot;sm&quot;:{&quot;order&quot;:{&quot;before&quot;:&quot;facebook;twitter&quot;,&quot;more&quot;:&quot;whatsapp;linkedin&quot;},&quot;mode&quot;:&quot;vertical;left;medium;fixed&quot;},&quot;md&quot;:{&quot;order&quot;:{&quot;before&quot;:&quot;facebook;twitter&quot;,&quot;more&quot;:&quot;whatsapp;linkedin&quot;},&quot;mode&quot;:&quot;vertical;left;large;fixed&quot;},&quot;lg&quot;:{&quot;order&quot;:{&quot;before&quot;:&quot;facebook;twitter&quot;,&quot;more&quot;:&quot;whatsapp;linkedin&quot;},&quot;mode&quot;:&quot;vertical;left;large;fixed&quot;},&quot;audience&quot;:{&quot;click&quot;:{&quot;component&quot;:&quot;share&quot;,&quot;mediaName&quot;:&quot;Not\u00edcia&quot;,&quot;onlyLoad&quot;:true,&quot;source&quot;:&quot;https:\/\/noticias.uol.com.br\/colunas\/carlos-madeiro\/2023\/07\/10\/censo-com-decada-de-seca-semiarido-perde-moradores-em-metade-das-cidades.htm?utm_campaign=carlos-madeiro&amp;utm_content=veja-texto-completo&amp;utm_medium=email&amp;utm_source=notificacao-coluna&quot;},&quot;pv&quot;:{&quot;mediaName&quot;:&quot;Not\u00edcia&quot;,&quot;mediaType&quot;:&quot;article&quot;,&quot;mediaId&quot;:&quot;16833fa7d4252936e8438fe4744e5e3020230707&quot;,&quot;mediaTitle&quot;:&quot;Com d\u00e9cada seca, 90% das cidades com mais casas vazias ficam no semi\u00e1rido&quot;,&quot;collection&quot;:&quot;Carlos Madeiro&quot;,&quot;tags&quot;:&quot;81544,35976,80789,79406,11229&quot;,&quot;channel&quot;:&quot;blogs e colunas&quot;,&quot;central&quot;:&quot;noticias&quot;,&quot;author&quot;:&quot;Carlos Madeiro&quot;,&quot;publicationDate&quot;:&quot;20230710040000&quot;}}}\" data-url=\"https:\/\/noticias.uol.com.br\/colunas\/carlos-madeiro\/2023\/07\/10\/censo-com-decada-de-seca-semiarido-perde-moradores-em-metade-das-cidades.htm?utm_campaign=carlos-madeiro&amp;utm_content=veja-texto-completo&amp;utm_medium=email&amp;utm_source=notificacao-coluna\" data-originalmode=\"vertical,left,large,fixed\">\n<div class=\"share-item more-item clearfix\">\n<div class=\"share-item group\">\n<div class=\"overflow\">\n<div class=\"share-item social-item whatsapp\" data-ref=\"whatsapp\" data-target-click=\"\">\n<div class=\"table\">\n<div><\/div>\n<\/div>\n<\/div>\n<div class=\"share-item social-item linkedin\" data-ref=\"linkedin\" data-target-click=\"\">\n<div class=\"table\">\n<div><\/div>\n<\/div>\n<\/div>\n<\/div>\n<\/div>\n<\/div>\n<\/div>\n<\/div>\n<\/div>\n<div class=\"col-xs-8 col-sm-21 col-md-21\">\n<div class=\"image-content-pad\">\n<div class=\"  author  has-image\" data-src=\"mouseover\"><img class=\"img-author mask-circle\" src=\"https:\/\/conteudo.imguol.com.br\/0d\/2022\/02\/02\/carlos-madeiro-150-1643816038527_150x150.jpg\" \/><\/p>\n<div class=\"tooltip-container \">\n<div class=\"w-tooltip single\" data-config=\"[{&quot;first&quot;:true,&quot;title&quot;:&quot;Carlos Madeiro&quot;,&quot;description&quot;:&quot;Formado em jornalismo  pela Universidade Federal de Alagoas e com especializa\u00e7\u00e3o em gest\u00e3o de conte\u00fado em jornalismo pela Universidade Mackenzie, Carlos Madeiro atua h\u00e1 20 anos e escreve para o UOL desde 2009, participando de grandes coberturas e fazendo reportagens e an\u00e1lises sobre o Nordeste e o Norte do Brasil.&quot;,&quot;image&quot;:{&quot;sizes&quot;:{&quot;personalizado&quot;:&quot;&quot;,&quot;original&quot;:&quot;150x150&quot;},&quot;height&quot;:&quot;&quot;,&quot;width&quot;:&quot;&quot;,&quot;crops&quot;:&quot;80x80;142x100;150x150&quot;,&quot;src&quot;:&quot;http:\/\/conteudo.imguol.com.br\/0d\/2022\/02\/02\/carlos-madeiro-150-1643816038527_150x150.jpg&quot;,&quot;type&quot;:&quot;&quot;,&quot;credit&quot;:&quot;&quot;,&quot;classe&quot;:&quot;img-author mask-circle&quot;},&quot;link&quot;:&quot;https:\/\/noticias.uol.com.br\/colunas\/carlos-madeiro\/&quot;,&quot;email&quot;:&quot;&quot;,&quot;disclaimer&quot;:&quot;** Este texto n\u00e3o reflete, necessariamente, a opini\u00e3o do UOL.&quot;}]\">\n<h5 class=\"open-tooltip\"><a title=\"Carlos Madeiro\" href=\"https:\/\/noticias.uol.com.br\/colunas\/carlos-madeiro\/\">Carlos Madeiro<\/a><\/h5>\n<\/div>\n<\/div>\n<\/div>\n<div class=\"text  \">\n<p style=\"text-align: justify;\">O\u00a0<a href=\"https:\/\/noticias.uol.com.br\/cotidiano\/ultimas-noticias\/2023\/06\/28\/resultado-censo-2022-brasil-203-milhoes-de-habitantes.htm\">Censo 2022\u00a0<\/a>revelou que \u00e9 no semi\u00e1rido brasileiro que est\u00e3o 18 dos 20 munic\u00edpios com maior percentual de resid\u00eancias fechadas de forma permanente. Na \u00faltima d\u00e9cada, a regi\u00e3o sofreu a\u00a0<a href=\"https:\/\/noticias.uol.com.br\/meio-ambiente\/ultimas-noticias\/redacao\/2018\/03\/03\/seca-de-2012-a-2017-no-semiarido-foi-a-mais-longa-da-historia.htm\">sua maior seca em 100 anos<\/a>, com a destrui\u00e7\u00e3o de planta\u00e7\u00f5es e a morte de animais.<\/p>\n<h2>O que mostra o Censo<\/h2>\n<p style=\"text-align: justify;\"><span class=\"topicText\"><strong><a href=\"https:\/\/noticias.uol.com.br\/colunas\/carlos-madeiro\/2022\/02\/19\/delimitacao-do-semiarido-entra-espirito-santo.htm\">O semi\u00e1rido brasileiro<\/a>\u00a0tem uma popula\u00e7\u00e3o de 27 milh\u00f5es de pessoas<\/strong>, na divis\u00e3o por territ\u00f3rios do IBGE.<\/span><\/p>\n<div class=\"slot-m\">\n<div class=\"related-content-hyperlink with-image\">\n<div class=\"related-content \" data-audience-print=\"{&quot;label&quot;:&quot;visualizado-3-chamadas&quot;,&quot;component&quot;:&quot;related-content-editorial&quot;}\" data-audience-print-url=\"noticias.uol.com.br\/colunas\/carlos-madeiro\/2023\/07\/10\/censo-com-decada-de-seca-semiarido-perde-moradores-em-metade-das-cidades.htm\">\n<div class=\"row\">\n<div class=\"thumbnail-standard col-xs-8 col-sm-8 alignmentSide\">\n<div class=\"row thumbnail-standard-wrapper\">\n<figure class=\"thumb-image col-xs-4 col-sm-24\">\n<div class=\"thumb-layer\"><\/div>\n<\/figure>\n<div class=\"thumb-caption col-xs-6 col-sm-24\">\n<h3 class=\"thumb-title \" style=\"text-align: justify;\">Avan\u00e7o de usinas de energia solar desmata e exclui moradores no semi\u00e1rido<\/h3>\n<\/div>\n<\/div>\n<\/div>\n<div class=\"thumbnail-standard col-xs-8 col-sm-8 alignmentSide\" style=\"text-align: justify;\">\n<div class=\"row thumbnail-standard-wrapper\">\n<figure class=\"thumb-image col-xs-4 col-sm-24\">\n<div class=\"thumb-layer\"><\/div>\n<\/figure>\n<div class=\"thumb-caption col-xs-6 col-sm-24\">\n<h3 class=\"thumb-title \">Festa da \u00e1gua: semi\u00e1rido registra reservat\u00f3rios cheios ap\u00f3s seca hist\u00f3rica<\/h3>\n<\/div>\n<\/div>\n<\/div>\n<div class=\"thumbnail-standard col-xs-8 col-sm-8 alignmentSide\">\n<div class=\"row thumbnail-standard-wrapper\">\n<figure class=\"thumb-image col-xs-4 col-sm-24\" style=\"text-align: justify;\">\n<div class=\"thumb-layer\"><\/div>\n<\/figure>\n<div class=\"thumb-caption col-xs-6 col-sm-24\">\n<h3 class=\"thumb-title \" style=\"text-align: justify;\">Brasil tem 203 milh\u00f5es de habitantes, aponta Censo; domic\u00edlios crescem mais<\/h3>\n<\/div>\n<\/div>\n<\/div>\n<\/div>\n<\/div>\n<\/div>\n<\/div>\n<p style=\"text-align: justify;\"><span class=\"topicText\"><strong>Entre 2010 e 2022, a popula\u00e7\u00e3o cresceu 3,7% na regi\u00e3o, abaixo da m\u00e9dia nacional de crescimento<\/strong>, que foi de 6,5% no mesmo per\u00edodo.<\/span><\/p>\n<p style=\"text-align: justify;\"><span class=\"topicText\"><strong>Dos 1.262 munic\u00edpios no semi\u00e1rido, 644 (51%) perderam popula\u00e7\u00e3o nesses 12 anos.<\/strong>\u00a0\u00c9 uma porcentagem maior do que a m\u00e9dia nacional, j\u00e1 que 43% dos munic\u00edpios (2.399) encolheram em popula\u00e7\u00e3o desde 2010. Por outro lado, 606 cidades no semi\u00e1rido tiveram crescimento (48%), o que pode indicar uma migra\u00e7\u00e3o interna na regi\u00e3o \u2014 s\u00f3 12 munic\u00edpios ficaram est\u00e1veis no n\u00famero de habitantes.<\/span><\/p>\n<p style=\"text-align: justify;\"><span class=\"topicText\"><strong>No semi\u00e1rido est\u00e3o 90% das cidades com maior percentual de casas vazias de forma permanente:<\/strong>\u00a0s\u00e3o 17 no Nordeste e a outra \u00e9 Nova Bel\u00e9m (MG). S\u00f3 n\u00e3o est\u00e3o no semi\u00e1rido Campos Verdes (GO) e Arco-\u00cdris (SP). Veja no mapa abaixo as 20 cidades com essa caracter\u00edstica.<\/span><\/p>\n<p>&nbsp;<\/p>\n<div class=\"flourish-embed\" data-src=\"visualisation\/14374806?2\" data-url=\"https:\/\/flo.uri.sh\/visualisation\/14374806\/embed\"><iframe title=\"Interactive or visual content\" src=\"https:\/\/flo.uri.sh\/visualisation\/14374806\/embed?auto=1\" frameborder=\"0\" scrolling=\"no\" sandbox=\"allow-same-origin allow-forms allow-scripts allow-downloads allow-popups allow-popups-to-escape-sandbox allow-top-navigation-by-user-activation\" data-mce-fragment=\"1\"><\/iframe><\/div>\n<p>&nbsp;<\/p>\n<p style=\"text-align: justify;\"><span class=\"topicText\"><strong>A sa\u00edda das pessoas tem rela\u00e7\u00e3o direta com a hist\u00f3rica falta de oportunidades e a busca por universidades e empregos em centros maiores,\u00a0<\/strong>segundo especialistas consultados pelo coluna. Na d\u00e9cada passada, o processo foi impulsionado pela crise econ\u00f4mica a partir de 2015 e pela longa seca na regi\u00e3o.<\/span><\/p>\n<p style=\"text-align: justify;\"><cite>O Nordeste \u00e9 marcado historicamente pela perda de popula\u00e7\u00e3o, n\u00e3o \u00e9 um fen\u00f4meno novo. Apesar do crescimento e amplia\u00e7\u00e3o dos programas de transfer\u00eancia de renda, fatores microecon\u00f4micos relacionados a esses munic\u00edpios ajudam a entender a imigra\u00e7\u00e3o na perspectiva de massas.&#8221;<\/cite><strong>J\u00e1rvis Campos, professor da UFRN e coordenador do Comit\u00ea de Proje\u00e7\u00f5es e Estimativas Demogr\u00e1ficas da Associa\u00e7\u00e3o Brasileira de Estudos Populacionais<\/strong><\/p>\n<p style=\"text-align: justify;\"><span class=\"topicText\"><strong>S\u00e3o Jo\u00e3o do Jaguaribe (CE) lidera: a cada 100 im\u00f3veis, 29 est\u00e3o desocupados, diz o IBGE.<\/strong>\u00a0A cidade tamb\u00e9m\u00a0<a href=\"https:\/\/noticias.uol.com.br\/cotidiano\/ultimas-noticias\/2022\/07\/03\/a-cidade-mais-violenta-do-pais-anuario-brasileiro-de-seguranca-publica.htm\">foi apontada, em 2022, com a maior taxa de assassinatos do pa\u00eds.<\/a>\u00a0A coluna ouviu alguns pesquisadores do tema, mas n\u00e3o h\u00e1 estudos que liguem a sa\u00edda das pessoas da cidade com a viol\u00eancia. A reportagem n\u00e3o conseguiu contato com a prefeitura.<\/span><\/p>\n<div class=\"photoembed-wrapper\">\n<figure class=\"photo photo-embed no-gutter col-sm-24  crop-750x421 limit-crop  figure\" data-format=\"horizontal\">\n<div class=\"image bg\">\n<div class=\"placeholder\">\n<div class=\"pinit-wraper\"><img loading=\"lazy\" class=\"pinit-img loaded\" src=\"https:\/\/conteudo.imguol.com.br\/c\/noticias\/99\/2022\/07\/01\/a-rural-sao-joao-do-jaguaribe-ce-e-apontada-como-a-cidade-mais-violenta-do-brasil-de-acordo-com-o-anuario-brasileiro-de-seguranca-publica-1656689862953_v2_750x421.jpg.webp\" alt=\"jagua - Reprodu\u00e7\u00e3o da internet - Reprodu\u00e7\u00e3o da internet\" width=\"750\" height=\"421\" data-src=\"https:\/\/conteudo.imguol.com.br\/c\/noticias\/99\/2022\/07\/01\/a-rural-sao-joao-do-jaguaribe-ce-e-apontada-como-a-cidade-mais-violenta-do-brasil-de-acordo-com-o-anuario-brasileiro-de-seguranca-publica-1656689862953_v2_750x421.jpg.webp\" data-crop=\"{&quot;xs&quot;:&quot;450x253&quot;,&quot;sm&quot;:&quot;750x421&quot;,&quot;md&quot;:&quot;600x337&quot;,&quot;lg&quot;:&quot;750x421&quot;}\" data-crazyload=\"loaded\" \/><\/div>\n<div class=\"slot-a\"><\/div>\n<\/div>\n<\/div><figcaption class=\"container bottom-title\">\n<div>A rural S\u00e3o Jo\u00e3o do Jaguaribe (CE), cidade mais violenta do Brasil, de acordo com o Anu\u00e1rio Brasileiro de Seguran\u00e7a P\u00fablica<\/div>\n<p>Imagem: Reprodu\u00e7\u00e3o da internet<\/figcaption><\/figure>\n<\/div>\n<h2>O que acontece no Nordeste<\/h2>\n<p style=\"text-align: justify;\"><span class=\"topicText\"><strong>A regi\u00e3o vive migra\u00e7\u00f5es dentro do pr\u00f3prio Nordeste<\/strong>, especialmente dos jovens que buscam oportunidades de estudo gra\u00e7as \u00e0 expans\u00e3o de cursos superiores nas capitais e cidades polos.<\/span><\/p>\n<p style=\"text-align: justify;\"><span class=\"topicText\"><strong>O crescimento do n\u00famero de universit\u00e1rios contribui para a migra\u00e7\u00e3o.\u00a0<\/strong>Em 2022, segundo o Censo Escolar do\u00a0<a href=\"https:\/\/educacao.uol.com.br\/faq\/mec-o-que-significa-como-consultar-instituicoes-e-outras-duvidas.htm\">MEC<\/a>, o Nordeste tinha 1,8 milh\u00e3o de estudantes no ensino superior. Em 2010, esse n\u00famero era de 1 milh\u00e3o. Muitos desses cursos est\u00e3o fora do semi\u00e1rido, onde h\u00e1 universidades federais e estaduais que ofertam todas as \u00e1reas de gradua\u00e7\u00e3o, por exemplo.<\/span><\/p>\n<div class=\"photoembed-wrapper\">\n<figure class=\"photo photo-embed no-gutter col-sm-12 col-md-13 col-lg-11  crop-450x450 limit-crop  figure\" data-format=\"quadrado\">\n<div class=\"image bg\">\n<div class=\"placeholder\">\n<div class=\"pinit-wraper\"><img loading=\"lazy\" class=\"pinit-img loaded\" src=\"https:\/\/conteudo.imguol.com.br\/c\/noticias\/4f\/2023\/07\/07\/ana-clara-lima-aluna-da-ufrn-em-natal-1688738376863_v2_450x450.jpg.webp\" alt=\"Ana Clara Lima, aluna da UFRN, em Natal - Arquivo pessoal - Arquivo pessoal\" width=\"450\" height=\"450\" data-src=\"https:\/\/conteudo.imguol.com.br\/c\/noticias\/4f\/2023\/07\/07\/ana-clara-lima-aluna-da-ufrn-em-natal-1688738376863_v2_450x450.jpg.webp\" data-crop=\"{&quot;xs&quot;:&quot;300x300&quot;,&quot;lg&quot;:&quot;450x450&quot;}\" data-crazyload=\"loaded\" \/><\/div>\n<div class=\"slot-a\"><\/div>\n<\/div>\n<\/div><figcaption class=\"container bottom-title\">\n<div>Ana Clara Lima, aluna da UFRN, em Natal Imagem: Arquivo pessoal<\/div>\n<\/figcaption><\/figure>\n<\/div>\n<p style=\"text-align: justify;\"><span class=\"topicText\">Ana Clara Lima saiu de Caic\u00f3, no semi\u00e1rido potiguar, para cursar Ci\u00eancia e Tecnologia na UFRN (Universidade Federal do Rio Grande do Norte) em 2016. Deixou a fam\u00edlia na cidade e hoje mora sozinha na capital do Rio Grande do Norte. Segundo o Censo, Caic\u00f3 perdeu 1,5 mil moradores entre 2010 e 2022 e est\u00e1 entre as que mais diminu\u00edram sua popula\u00e7\u00e3o no RN no per\u00edodo.<\/span><\/p>\n<p style=\"text-align: justify;\"><cite>Cursei tamb\u00e9m engenheira ambiental e hoje estou fazendo mestrado em demografia. Deixei Caic\u00f3 porque queria fazer faculdade no ramo de exatas, e l\u00e1 n\u00e3o tinha.&#8221;<\/cite><strong>Ana Clara Lima<\/strong><\/p>\n<p style=\"text-align: justify;\"><span class=\"topicText\"><strong>Desenvolvimento do Nordeste reduziu o fluxo de sa\u00edda para regi\u00f5es mais ricas do pa\u00eds, afirma o professor da UFRN.<\/strong>\u00a0Hoje os jovens migram para locais mais pr\u00f3ximos de casa, na maioria das vezes dentro da regi\u00e3o. &#8220;Sem d\u00favida a migra\u00e7\u00e3o da fronteira agr\u00edcola n\u00e3o \u00e9 a mesma daquela observada nos anos 1960 e 70 para o sul do pa\u00eds. Hoje \u00e9 muito mais diversificada&#8221;, comenta o pesquisador J\u00e1rvis Campos.<\/span><\/p>\n<p style=\"text-align: justify;\"><span class=\"topicText\"><strong>Ao longo dos Censos, o Nordeste sempre teve saldo negativo de popula\u00e7\u00e3o migrante<\/strong>\u00a0\u2014 ou seja, sa\u00edam mais pessoas do que chegavam. Em 2000, esse saldo foi de menos 764 mil pessoas; em 2010, caiu para menos 701 mil. Como os dados detalhados ainda n\u00e3o foram divulgados, n\u00e3o se sabe o saldo de 2022. &#8220;Mas para esse Censo esperamos ter uma nova redu\u00e7\u00e3o das perdas populacionais&#8221;, pondera J\u00e1rvis.<\/span><\/p>\n<p style=\"text-align: justify;\"><span class=\"topicText\"><strong>Dos pequenos munic\u00edpios do semi\u00e1rido para as cidades polo da regi\u00e3o.<\/strong>\u00a0A tend\u00eancia \u00e9 essa, em busca de oportunidades, conforme os dados j\u00e1 divulgados.<\/span><\/p>\n<p style=\"text-align: justify;\"><cite>Essa migra\u00e7\u00e3o \u00e9 natural naqueles munic\u00edpios que sofrem com estagna\u00e7\u00e3o econ\u00f4mica, n\u00e3o \u00e9 um fen\u00f4meno s\u00f3 no Nordeste e n\u00e3o significa um esvaziamento de toda a regi\u00e3o.&#8221;<\/cite><strong>J\u00e1rvis Campos<\/strong><\/p>\n<h2>Seca dificulta vida no campo<\/h2>\n<p style=\"text-align: justify;\"><span class=\"topicText\">A \u00faltima d\u00e9cada de seca deixou marcas profundas que ajudam a explicar a queda de popula\u00e7\u00e3o nos munic\u00edpios que t\u00eam voca\u00e7\u00e3o rural, analisa Humberto Barbosa, pesquisador da Ufal (Universidade Federal de Alagoas) e um dos autores do livro &#8220;Um s\u00e9culo de seca&#8221;.<\/span><\/p>\n<p style=\"text-align: justify;\"><cite>A desertifica\u00e7\u00e3o e as secas limitaram os rendimentos na agropecu\u00e1ria familiar, e a juventude rural fica sem perspectivas para sobreviver da agricultura. Isso aumenta a migra\u00e7\u00e3o.&#8221;<\/cite><strong>Humberto Barbosa, pesquisador da Ufal<\/strong><\/p>\n<p style=\"text-align: justify;\"><span class=\"topicText\">A pedido da coluna, Barbosa montou um mapa que revela uma perda de biomassa (mat\u00e9ria org\u00e2nica com origem nas \u00e1reas florestais) em 51% do Nordeste entre 2010 e 2022.<\/span><\/p>\n<div class=\"photoembed-wrapper\">\n<figure class=\"photo photo-embed no-gutter col-sm-24  crop-750x1 limit-crop  figure\" data-format=\"horizontal\">\n<div class=\"image bg\">\n<div class=\"placeholder\">\n<div class=\"pinit-wraper\"><img loading=\"lazy\" class=\"pinit-img loaded\" src=\"https:\/\/conteudo.imguol.com.br\/c\/noticias\/b9\/2023\/07\/07\/mapa-semiarido-desertificacao-1688737904081_v2_750x1.jpg.webp\" alt=\"Mapa semi\u00e1rido desertifica\u00e7\u00e3o - Programa de monitoramento da desertifica\u00e7\u00e3o por sat\u00e9lite no Semi\u00e1rido\/CNPq\/Ufal  - Programa de monitoramento da desertifica\u00e7\u00e3o por sat\u00e9lite no Semi\u00e1rido\/CNPq\/Ufal \" width=\"750\" height=\"1\" data-src=\"https:\/\/conteudo.imguol.com.br\/c\/noticias\/b9\/2023\/07\/07\/mapa-semiarido-desertificacao-1688737904081_v2_750x1.jpg.webp\" data-crop=\"{&quot;xs&quot;:&quot;450x1&quot;,&quot;sm&quot;:&quot;750x1&quot;,&quot;md&quot;:&quot;750x1&quot;,&quot;lg&quot;:&quot;750x1&quot;}\" data-crazyload=\"loaded\" \/><\/div>\n<div class=\"slot-a\"><\/div>\n<\/div>\n<\/div><figcaption class=\"container bottom-credit\">Imagem: Programa de monitoramento da desertifica\u00e7\u00e3o por sat\u00e9lite no Semi\u00e1rido\/CNPq\/Ufal<\/figcaption><\/figure>\n<\/div>\n<p style=\"text-align: justify;\"><span class=\"topicText\">Para o pesquisador,\u00a0<a href=\"https:\/\/noticias.uol.com.br\/colunas\/carlos-madeiro\/2022\/03\/07\/nordeste-esta-secando-com-mudancas-climaticas-alerta-relatorio-do-ipcc.htm\">estudos mostram que o Nordeste est\u00e1 ficando ainda mais seco<\/a>, e as mudan\u00e7as clim\u00e1ticas tendem a agravar a situa\u00e7\u00e3o. A degrada\u00e7\u00e3o ocorre pela perda da vegeta\u00e7\u00e3o causada pela a\u00e7\u00e3o humana.<\/span><\/p>\n<p style=\"text-align: justify;\"><cite>H\u00e1 tamb\u00e9m uma a\u00e7\u00e3o clim\u00e1tica, as secas acumuladas que intensificam a perda de vegeta\u00e7\u00e3o e de fertilidade. Com isso, o agricultor abandona \u00e1reas degradadas em busca de \u00e1reas f\u00e9rteis.&#8221;<\/cite><strong>Humberto Barbosa<\/strong><\/p>\n<h2>Cen\u00e1rio poderia ser pior<\/h2>\n<p style=\"text-align: justify;\"><span class=\"topicText\">Para Cleyton Monte, cientista pol\u00edtico e pesquisador da UFC (Universidade Federal do Cear\u00e1), o Nordeste consegue segurar mais moradores no semi\u00e1rido do que em outras \u00e9pocas.<\/span><\/p>\n<p style=\"text-align: justify;\"><cite>N\u00f3s temos hoje uma s\u00e9rie de pol\u00edticas sociais em n\u00edveis federal, estadual e em muitos munic\u00edpios que reduzem a mis\u00e9ria e a quest\u00e3o da fome. At\u00e9 a d\u00e9cada de 1990, quando t\u00ednhamos estiagem severa, n\u00e3o havia qualquer tipo de amparo a esses moradores, e eles sa\u00edam em massa.&#8221;<\/cite><strong>Cleyton Monte, pesquisador da UFC<\/strong><\/p>\n<p style=\"text-align: justify;\"><cite>Essa nova gera\u00e7\u00e3o j\u00e1 \u00e9 mais qualificada. Os jovens do Nordeste t\u00eam agora mais escolariza\u00e7\u00e3o, e muitas vezes n\u00e3o ficam restritos ao mundo rural. A agricultura familiar \u2014 que \u00e9 a realidade da maioria dos pequenos munic\u00edpios nordestinos \u2014 n\u00e3o atrai, e eles migram para regi\u00f5es que t\u00eam mais oportunidades.&#8221;<\/cite><\/p>\n<div class=\"photoembed-wrapper\">\n<figure class=\"photo photo-embed no-gutter col-sm-24  crop-750x421 limit-crop  figure\" data-format=\"horizontal\">\n<div class=\"image bg\">\n<div class=\"placeholder\">\n<div class=\"pinit-wraper\"><img loading=\"lazy\" class=\"pinit-img loaded\" src=\"https:\/\/conteudo.imguol.com.br\/c\/parceiros\/83\/2018\/12\/06\/parte-da-tela-os-retirantes-pintada-por-portinari-em-1944-doacoes-via-imposto-de-renda-1544088277236_v2_750x421.jpg.webp\" alt=\"Parte da tela &quot;Os Retirantes&quot;, pintada por Portinari em 1944 e que retrata fuga da seca - Reprodu\u00e7\u00e3o - Reprodu\u00e7\u00e3o\" width=\"750\" height=\"421\" data-src=\"https:\/\/conteudo.imguol.com.br\/c\/parceiros\/83\/2018\/12\/06\/parte-da-tela-os-retirantes-pintada-por-portinari-em-1944-doacoes-via-imposto-de-renda-1544088277236_v2_750x421.jpg.webp\" data-crop=\"{&quot;xs&quot;:&quot;450x253&quot;,&quot;sm&quot;:&quot;750x421&quot;,&quot;md&quot;:&quot;600x337&quot;,&quot;lg&quot;:&quot;750x421&quot;}\" data-crazyload=\"loaded\" \/><\/div>\n<div class=\"slot-a\"><\/div>\n<\/div>\n<\/div><figcaption class=\"container bottom-title\">\n<div>Parte da tela &#8220;Os Retirantes&#8221;, pintada por Portinari em 1944 e que retrata fuga da seca Imagem: Reprodu\u00e7\u00e3o<\/div>\n<\/figcaption><\/figure>\n<\/div>\n<\/div>\n<\/div>\n<\/div>\n<\/div>\n<\/div>\n<\/div>\n<\/div>\n","protected":false},"excerpt":{"rendered":"<p>16.mai.2012 &#8211; Casa colocada \u00e0 venda denuncia \u00eaxodo rural em Santa Br\u00edgida (BA)Imagem: Beto Mac\u00e1rio\/UOL Carlos Madeiro O\u00a0Censo 2022\u00a0revelou que \u00e9 no semi\u00e1rido brasileiro que est\u00e3o 18 dos 20 munic\u00edpios com maior percentual de resid\u00eancias fechadas de forma permanente. Na \u00faltima d\u00e9cada, a regi\u00e3o sofreu a\u00a0sua maior seca em 100 anos, com a destrui\u00e7\u00e3o de [&hellip;]<\/p>\n","protected":false},"author":2,"featured_media":114836,"comment_status":"open","ping_status":"open","sticky":false,"template":"","format":"standard","meta":[],"categories":[113,105],"tags":[275,757,1551,1601,1600],"_links":{"self":[{"href":"https:\/\/www.blogdopaulonunes.com\/v5\/index.php\/wp-json\/wp\/v2\/posts\/114835"}],"collection":[{"href":"https:\/\/www.blogdopaulonunes.com\/v5\/index.php\/wp-json\/wp\/v2\/posts"}],"about":[{"href":"https:\/\/www.blogdopaulonunes.com\/v5\/index.php\/wp-json\/wp\/v2\/types\/post"}],"author":[{"embeddable":true,"href":"https:\/\/www.blogdopaulonunes.com\/v5\/index.php\/wp-json\/wp\/v2\/users\/2"}],"replies":[{"embeddable":true,"href":"https:\/\/www.blogdopaulonunes.com\/v5\/index.php\/wp-json\/wp\/v2\/comments?post=114835"}],"version-history":[{"count":1,"href":"https:\/\/www.blogdopaulonunes.com\/v5\/index.php\/wp-json\/wp\/v2\/posts\/114835\/revisions"}],"predecessor-version":[{"id":114837,"href":"https:\/\/www.blogdopaulonunes.com\/v5\/index.php\/wp-json\/wp\/v2\/posts\/114835\/revisions\/114837"}],"wp:featuredmedia":[{"embeddable":true,"href":"https:\/\/www.blogdopaulonunes.com\/v5\/index.php\/wp-json\/wp\/v2\/media\/114836"}],"wp:attachment":[{"href":"https:\/\/www.blogdopaulonunes.com\/v5\/index.php\/wp-json\/wp\/v2\/media?parent=114835"}],"wp:term":[{"taxonomy":"category","embeddable":true,"href":"https:\/\/www.blogdopaulonunes.com\/v5\/index.php\/wp-json\/wp\/v2\/categories?post=114835"},{"taxonomy":"post_tag","embeddable":true,"href":"https:\/\/www.blogdopaulonunes.com\/v5\/index.php\/wp-json\/wp\/v2\/tags?post=114835"}],"curies":[{"name":"wp","href":"https:\/\/api.w.org\/{rel}","templated":true}]}}