{"id":114629,"date":"2023-06-12T14:15:49","date_gmt":"2023-06-12T17:15:49","guid":{"rendered":"https:\/\/www.blogdopaulonunes.com\/v5\/?p=114629"},"modified":"2023-06-12T14:19:13","modified_gmt":"2023-06-12T17:19:13","slug":"pib-cresce-19-como-brasil-se-compara-a-outros-paises","status":"publish","type":"post","link":"https:\/\/www.blogdopaulonunes.com\/v5\/index.php\/2023\/06\/12\/pib-cresce-19-como-brasil-se-compara-a-outros-paises\/","title":{"rendered":"PIB cresce 1,9%: como Brasil se compara a outros pa\u00edses"},"content":{"rendered":"<p>&nbsp;<\/p>\n<div class=\"bbc-1151pbn ebmt73l0\" dir=\"ltr\">\n<h1 id=\"content\" class=\"bbc-14gqcmb e1p3vdyi0\" tabindex=\"-1\"><\/h1>\n<\/div>\n<div class=\"bbc-1ka88fa ebmt73l0\" dir=\"ltr\">\n<figure class=\"bbc-1qdcvv9 e1aczekt0\">\n<div class=\"bbc-172p16q ebmt73l0\" dir=\"ltr\">\n<div class=\"bbc-172p16q ebmt73l0\" dir=\"ltr\">\n<div class=\"bbc-189y18v ebmt73l0\" dir=\"ltr\">\n<div class=\"bbc-997y1y eihqrxw0\" data-e2e=\"image-placeholder\">\n<h6 class=\"bbc-1s1cxbv ewbcsnk0\" role=\"text\"><span class=\"bbc-m04vo2\">CR\u00c9DITO,<\/span><span lang=\"en-GB\">GETTY IMAGES<\/span><\/h6>\n<\/div>\n<\/div>\n<\/div>\n<\/div>\n<\/figure>\n<\/div>\n<div class=\"bbc-19j92fr ebmt73l0\" dir=\"ltr\">\n<p class=\"bbc-hhl7in e17g058b0\" dir=\"ltr\">A economia brasileira cresceu 1,9% nos primeiros tr\u00eas meses do ano em compara\u00e7\u00e3o com os tr\u00eas meses imediatamente anteriores \u2014 um crescimento acima do que v\u00e1rios analistas de mercado esperavam.<\/p>\n<\/div>\n<div class=\"bbc-19j92fr ebmt73l0\" dir=\"ltr\">\n<p class=\"bbc-hhl7in e17g058b0\" dir=\"ltr\" style=\"text-align: justify;\">Os n\u00fameros foram divulgados pelo IBGE nesta quinta-feira (1\/6).<\/p>\n<\/div>\n<div class=\"bbc-19j92fr ebmt73l0\" dir=\"ltr\" style=\"text-align: justify;\">\n<p class=\"bbc-hhl7in e17g058b0\" dir=\"ltr\">Os dados mostram que a agropecu\u00e1ria foi o \u201cmotor\u201d do crescimento brasileiro no in\u00edcio de 2023 \u2014 com expans\u00e3o de 21,6% nos tr\u00eas primeiros meses do ano em compara\u00e7\u00e3o com o \u00faltimo trimestre de 2022. O setor de servi\u00e7os tamb\u00e9m registrou alta, de 0,6%. J\u00e1 a ind\u00fastria teve uma leve queda de 0,1% na atividade.<\/p>\n<\/div>\n<div class=\"bbc-19j92fr ebmt73l0\" dir=\"ltr\" style=\"text-align: justify;\">\n<p class=\"bbc-hhl7in e17g058b0\" dir=\"ltr\">Enquanto o Brasil come\u00e7ou 2023 com crescimento acima do projetado por analistas de mercado, que previam expans\u00e3o em torno de 1,3%, alguns pa\u00edses parecem estar diante de um cen\u00e1rio mais complexo.<\/p>\n<\/div>\n<p style=\"text-align: justify;\">No Brasil, o boletim Focus \u2014 que cont\u00e9m as previs\u00f5es semanais feitas pelo mercado financeiro brasileiro e \u00e9 divulgado pelo Banco Central \u2014 vem mostrando redu\u00e7\u00e3o nas expectativas de infla\u00e7\u00e3o. O mercado brasileiro acredita que a infla\u00e7\u00e3o de 2023 terminar\u00e1 em 5,71% e que a taxa de juros cair\u00e1 dos atuais 13,75% para 12,5%.<\/p>\n<blockquote class=\"twitter-tweet\" data-width=\"550\" data-dnt=\"true\">\n<p lang=\"pt\" dir=\"ltr\">\ud83d\udea8FAZ O L: O jornalista Valdo Cruz, da <a href=\"https:\/\/twitter.com\/GloboNews?ref_src=twsrc%5Etfw\">@GloboNews<\/a>, fez uma lista com os excelentes feitos do Governo Lula na economia. &quot;O D\u00f3lar est\u00e1 cotado a R$ 4,88, a Bolsa est\u00e1 subindo, a infla\u00e7\u00e3o diminuindo, o PIB com previs\u00e3o de bater recorde&quot;, destacou o comentarista <a href=\"https:\/\/t.co\/R2ly7y4Tdu\">pic.twitter.com\/R2ly7y4Tdu<\/a><\/p>\n<p>&mdash; PESQUISAS E AN\u00c1LISES ELEI\u00c7\u00d5ES 2022 (@pesquisas_2022) <a href=\"https:\/\/twitter.com\/pesquisas_2022\/status\/1668296707308761100?ref_src=twsrc%5Etfw\">June 12, 2023<\/a><\/p><\/blockquote>\n<p><script async src=\"https:\/\/platform.twitter.com\/widgets.js\" charset=\"utf-8\"><\/script><\/p>\n<div class=\"bbc-19j92fr ebmt73l0\" dir=\"ltr\">\n<p class=\"bbc-hhl7in e17g058b0\" dir=\"ltr\" style=\"text-align: justify;\">Nos \u00faltimos doze meses, a economia brasileira cresceu 3,3%, na compara\u00e7\u00e3o com os quatro trimestres imediatamente anteriores.<\/p>\n<\/div>\n<div class=\"bbc-19j92fr ebmt73l0\" dir=\"ltr\" style=\"text-align: justify;\">\n<p class=\"bbc-hhl7in e17g058b0\" dir=\"ltr\">No resto do mundo, algumas das economias t\u00eam registrado fraco crescimento econ\u00f4mico. A Alemanha recentemente confirmou que est\u00e1 em recess\u00e3o t\u00e9cnica. O Reino Unido escapou de uma recess\u00e3o at\u00e9 agora, mas seu PIB vem crescendo a uma taxa de apenas 0,1% nos \u00faltimos dois trimestres consecutivos. Os EUA confirmaram crescimento abaixo do esperado no primeiro trimestre deste ano, e diversos analistas debatem at\u00e9 mesmo uma recess\u00e3o americana ainda neste ano.<\/p>\n<\/div>\n<div class=\"bbc-19j92fr ebmt73l0\" dir=\"ltr\">\n<p class=\"bbc-hhl7in e17g058b0\" dir=\"ltr\" style=\"text-align: justify;\">Entre os emergentes, \u00cdndia e China continuam registrando fortes taxas de crescimento \u2014 ambas superiores ao Brasil (<i class=\"bbc-h1y5j7 eih42320\">veja n\u00fameros abaixo<\/i>).<\/p>\n<\/div>\n<div class=\"bbc-19j92fr ebmt73l0\" dir=\"ltr\">\n<h2 id=\"Ano-dif\u00edcil-para-economia-mundial-\" class=\"bbc-1f03ibc eglt09e0\" tabindex=\"-1\">Ano dif\u00edcil para economia mundial<\/h2>\n<\/div>\n<div class=\"bbc-19j92fr ebmt73l0\" dir=\"ltr\">\n<p class=\"bbc-hhl7in e17g058b0\" dir=\"ltr\" style=\"text-align: justify;\">Em seu relat\u00f3rio de abril, o FMI fala que a esperan\u00e7a de que haveria uma recupera\u00e7\u00e3o suave do mundo em 2023 n\u00e3o est\u00e1 se confirmando. Em vez de infla\u00e7\u00e3o caindo e crescimento voltando, o mundo v\u00ea hoje uma infla\u00e7\u00e3o alta e tremores nos mercados financeiros, segundo o Fundo.<\/p>\n<\/div>\n<div class=\"bbc-19j92fr ebmt73l0\" dir=\"ltr\" style=\"text-align: justify;\">\n<p class=\"bbc-hhl7in e17g058b0\" dir=\"ltr\">O FMI agora prev\u00ea que a infla\u00e7\u00e3o mundial \u2014 que foi de 8,7% em 2022 \u2014 deve cair para 7% ao final deste ano. Os n\u00edveis pr\u00e9-pand\u00eamicos de infla\u00e7\u00e3o e juros s\u00f3 viriam em 2025, de acordo com o Fundo.<\/p>\n<\/div>\n<div class=\"bbc-19j92fr ebmt73l0\" dir=\"ltr\">\n<p class=\"bbc-hhl7in e17g058b0\" dir=\"ltr\" style=\"text-align: justify;\">A economia mundial vive um contexto de muita incerteza sobre o futuro. O mundo inteiro sofreu fortemente com a pandemia de coronav\u00edrus, que desde 2020 provocou desemprego e fechamento em massa de amplos setores da economia mundial.<\/p>\n<\/div>\n<div class=\"bbc-1ka88fa ebmt73l0\" dir=\"ltr\">\n<figure class=\"bbc-1qdcvv9 e1aczekt0\">\n<div class=\"bbc-172p16q ebmt73l0\" dir=\"ltr\">\n<div class=\"bbc-189y18v ebmt73l0\" dir=\"ltr\">\n<div class=\"bbc-997y1y eihqrxw0\" data-e2e=\"image-placeholder\">\n<div class=\"lazyload-wrapper \"><img loading=\"lazy\" class=\"e3vrtyk0 bbc-rb7xa0 e1mo64ex0\" src=\"https:\/\/ichef.bbci.co.uk\/news\/640\/cpsprodpb\/c346\/live\/3fcec9a0-007e-11ee-aa08-4727df20b680.png\" sizes=\"(min-width: 1008px) 760px, 100vw\" srcset=\"https:\/\/ichef.bbci.co.uk\/news\/240\/cpsprodpb\/c346\/live\/3fcec9a0-007e-11ee-aa08-4727df20b680.png 240w, https:\/\/ichef.bbci.co.uk\/news\/320\/cpsprodpb\/c346\/live\/3fcec9a0-007e-11ee-aa08-4727df20b680.png 320w, https:\/\/ichef.bbci.co.uk\/news\/480\/cpsprodpb\/c346\/live\/3fcec9a0-007e-11ee-aa08-4727df20b680.png 480w, https:\/\/ichef.bbci.co.uk\/news\/624\/cpsprodpb\/c346\/live\/3fcec9a0-007e-11ee-aa08-4727df20b680.png 624w, https:\/\/ichef.bbci.co.uk\/news\/800\/cpsprodpb\/c346\/live\/3fcec9a0-007e-11ee-aa08-4727df20b680.png 800w\" alt=\"Gr\u00e1fico do PIB\" width=\"1280\" height=\"1074\" \/><\/div>\n<\/div>\n<\/div>\n<\/div>\n<\/figure>\n<\/div>\n<div class=\"bbc-19j92fr ebmt73l0\" dir=\"ltr\">\n<p class=\"bbc-hhl7in e17g058b0\" dir=\"ltr\" style=\"text-align: justify;\">Em alguns pa\u00edses, a recupera\u00e7\u00e3o foi relativamente r\u00e1pida, e os n\u00edveis econ\u00f4micos pr\u00e9-pandemia foram reestabelecidos.<\/p>\n<\/div>\n<div class=\"bbc-19j92fr ebmt73l0\" dir=\"ltr\" style=\"text-align: justify;\">\n<p class=\"bbc-hhl7in e17g058b0\" dir=\"ltr\">No entanto, desde o ano passado, muitas dessas economias estagnaram. Isso se d\u00e1, em parte, por uma nova crise provocada desta vez por infla\u00e7\u00e3o alta. A pandemia desorganizou as cadeias internacionais de produ\u00e7\u00e3o em um momento em que houve aquecimento do consumo no mundo todo, com o fim do momento mais dr\u00e1stico da pandemia. Com escassez de oferta, muitos pre\u00e7os dispararam.<\/p>\n<\/div>\n<div class=\"bbc-19j92fr ebmt73l0\" dir=\"ltr\" style=\"text-align: justify;\">\n<p class=\"bbc-hhl7in e17g058b0\" dir=\"ltr\">Diversos lugares \u2014 como no Brasil, Europa e EUA \u2014 passaram a enfrentar as chamadas crises de custo de vida.<\/p>\n<\/div>\n<div class=\"bbc-19j92fr ebmt73l0\" dir=\"ltr\" style=\"text-align: justify;\">\n<p class=\"bbc-hhl7in e17g058b0\" dir=\"ltr\">Em pa\u00edses como Reino Unido e EUA, a infla\u00e7\u00e3o atingiu o maior patamar em 40 anos. Para controlar os pre\u00e7os, os bancos centrais no mundo todo come\u00e7aram a aumentar suas taxas de juros \u2014 o que provoca desacelera\u00e7\u00e3o econ\u00f4mica, por aumentar os custos de investimentos para empresas. A infla\u00e7\u00e3o alta tamb\u00e9m tem provocado greves gerais na Europa.<\/p>\n<\/div>\n<div class=\"bbc-19j92fr ebmt73l0\" dir=\"ltr\" style=\"text-align: justify;\">\n<p class=\"bbc-hhl7in e17g058b0\" dir=\"ltr\">O cen\u00e1rio ficou ainda mais complexo com o in\u00edcio da guerra da Ucr\u00e2nia no ano passado \u2014 que abalou pre\u00e7os de commodities \u2014 e com crises banc\u00e1rias localizadas este ano.<\/p>\n<\/div>\n<div class=\"bbc-19j92fr ebmt73l0\" dir=\"ltr\">\n<p class=\"bbc-hhl7in e17g058b0\" dir=\"ltr\" style=\"text-align: justify;\">Economistas n\u00e3o sabem dizer exatamente o que pode acontecer de agora em diante. O \u00fanico consenso \u00e9 que o futuro imediato n\u00e3o \u00e9 promissor.<\/p>\n<\/div>\n<div class=\"bbc-1ka88fa ebmt73l0\" dir=\"ltr\">\n<figure class=\"bbc-1qdcvv9 e1aczekt0\">\n<div class=\"bbc-172p16q ebmt73l0\" dir=\"ltr\">\n<div class=\"bbc-172p16q ebmt73l0\" dir=\"ltr\">\n<div class=\"bbc-189y18v ebmt73l0\" dir=\"ltr\">\n<div class=\"bbc-997y1y eihqrxw0\" data-e2e=\"image-placeholder\">\n<div class=\"lazyload-wrapper \"><img loading=\"lazy\" class=\"e3vrtyk0 bbc-rb7xa0 e1mo64ex0\" src=\"https:\/\/ichef.bbci.co.uk\/news\/640\/cpsprodpb\/0a91\/live\/d73e1670-0078-11ee-aa08-4727df20b680.jpg\" sizes=\"(min-width: 1008px) 760px, 100vw\" srcset=\"https:\/\/ichef.bbci.co.uk\/news\/240\/cpsprodpb\/0a91\/live\/d73e1670-0078-11ee-aa08-4727df20b680.jpg 240w, https:\/\/ichef.bbci.co.uk\/news\/320\/cpsprodpb\/0a91\/live\/d73e1670-0078-11ee-aa08-4727df20b680.jpg 320w, https:\/\/ichef.bbci.co.uk\/news\/480\/cpsprodpb\/0a91\/live\/d73e1670-0078-11ee-aa08-4727df20b680.jpg 480w, https:\/\/ichef.bbci.co.uk\/news\/624\/cpsprodpb\/0a91\/live\/d73e1670-0078-11ee-aa08-4727df20b680.jpg 624w, https:\/\/ichef.bbci.co.uk\/news\/800\/cpsprodpb\/0a91\/live\/d73e1670-0078-11ee-aa08-4727df20b680.jpg 800w\" alt=\"Engenheira alem\u00e3 trabalhando em f\u00e1brica\" width=\"2121\" height=\"1414\" \/><\/div>\n<p class=\"bbc-1s1cxbv ewbcsnk0\" role=\"text\"><span class=\"bbc-m04vo2\">CR\u00c9DITO,<\/span><span lang=\"en-GB\">GETTY IMAGES<\/span><\/p>\n<\/div>\n<\/div>\n<div class=\"bbc-3edg7g ebmt73l0\" dir=\"ltr\"><\/div>\n<\/div>\n<\/div><figcaption class=\"bbc-rhuvwm e6i104o0\" dir=\"ltr\"><span class=\"bbc-m04vo2\">Legenda da foto,<\/span>Economia alem\u00e3 entrou em recess\u00e3o neste come\u00e7o de ano<\/figcaption><div class=\"bbc-172p16q ebmt73l0\" dir=\"ltr\">\n<div class=\"bbc-3edg7g ebmt73l0\" dir=\"ltr\"><\/div>\n<\/div>\n<\/figure>\n<\/div>\n<div class=\"bbc-19j92fr ebmt73l0\" dir=\"ltr\">\n<p class=\"bbc-hhl7in e17g058b0\" dir=\"ltr\" style=\"text-align: justify;\">\u201cA previs\u00e3o \u00e9 que o crescimento [da economia mundial] caia de 3,4% em 2022 para 2,8% em 2023, antes de establizar em 3% em 2024. Espera-se que as economias avan\u00e7adas vejam uma desacelera\u00e7\u00e3o de crescimento especialmente pronunciada, de 2,7% em 2022 para 1,3% em 2023\u201d, escreveu o FMI no seu relat\u00f3rio de abril sobre as perspectivas da economia global.<\/p>\n<\/div>\n<div class=\"bbc-19j92fr ebmt73l0\" dir=\"ltr\" style=\"text-align: justify;\">\n<p class=\"bbc-hhl7in e17g058b0\" dir=\"ltr\">Alguns acreditam que o ciclo de aumento dos juros pode estar perto do fim em alguns pa\u00edses.<\/p>\n<\/div>\n<div class=\"bbc-19j92fr ebmt73l0\" dir=\"ltr\" style=\"text-align: justify;\">\n<p class=\"bbc-hhl7in e17g058b0\" dir=\"ltr\">No Brasil, o presidente Luiz In\u00e1cio Lula da Silva vem criticando o Banco Central \u2014 presidido por Roberto Campos Neto \u2014 por manter os juros no patamar mais alto dos \u00faltimos anos.<\/p>\n<\/div>\n<div class=\"bbc-19j92fr ebmt73l0\" dir=\"ltr\" style=\"text-align: justify;\">\n<p class=\"bbc-hhl7in e17g058b0\" dir=\"ltr\">H\u00e1 quem preveja que esse cen\u00e1rio de juros altos e crescimento baixo vai continuar por alguns meses no mundo \u2014 e h\u00e1 at\u00e9 quem diga que pa\u00edses como os EUA podem entrar em recess\u00e3o em breve. No m\u00eas passado, a Alemanha anunciou que est\u00e1 em recess\u00e3o t\u00e9cnica (dois trimestres consecutivos de crescimento negativo).<\/p>\n<\/div>\n<div class=\"bbc-19j92fr ebmt73l0\" dir=\"ltr\" style=\"text-align: justify;\">\n<p class=\"bbc-hhl7in e17g058b0\" dir=\"ltr\">A recupera\u00e7\u00e3o mundial passa pela queda da infla\u00e7\u00e3o, que tem respondido lentamente aos juros altos. Mas at\u00e9 agora n\u00e3o houve sinais claros em nenhum pa\u00eds de que a infla\u00e7\u00e3o pode cair.<\/p>\n<\/div>\n<div class=\"bbc-19j92fr ebmt73l0\" dir=\"ltr\" style=\"text-align: justify;\">\n<h2 id=\"EUA-em-recess\u00e3o\" class=\"bbc-1f03ibc eglt09e0\" tabindex=\"-1\">EUA em recess\u00e3o?<\/h2>\n<\/div>\n<div class=\"bbc-19j92fr ebmt73l0\" dir=\"ltr\" style=\"text-align: justify;\">\n<p class=\"bbc-hhl7in e17g058b0\" dir=\"ltr\">A maior preocupa\u00e7\u00e3o no mundo hoje \u00e9 com o lento ritmo da maior economia \u2014 a dos Estados Unidos. A economia americana se recuperou relativamente r\u00e1pido da crise do coronav\u00edrus, mas agora vive momentos de incerteza.<\/p>\n<\/div>\n<div class=\"bbc-19j92fr ebmt73l0\" dir=\"ltr\" style=\"text-align: justify;\">\n<p class=\"bbc-hhl7in e17g058b0\" dir=\"ltr\">Nos primeiros tr\u00eas meses do ano, a economia americana cresceu a um ritmo anualizado de 1,1% \u2014 muito abaixo da proje\u00e7\u00e3o pr\u00f3xima de 2% da maioria dos economistas.<\/p>\n<\/div>\n<div class=\"bbc-19j92fr ebmt73l0\" dir=\"ltr\" style=\"text-align: justify;\">\n<p class=\"bbc-hhl7in e17g058b0\" dir=\"ltr\">Nos trimestres anteriores, a economia americana estava crescendo em um ritmo anualizado muito mais acelerado \u2014 de 2,6% (quarto trimestre de 2022) e 3,2% (terceiro trimestre de 2022).<\/p>\n<\/div>\n<div class=\"bbc-19j92fr ebmt73l0\" dir=\"ltr\" style=\"text-align: justify;\">\n<p class=\"bbc-hhl7in e17g058b0\" dir=\"ltr\">O consumo das fam\u00edlias \u2014 que \u00e9 o principal motor da economia americana \u2014 segue em alta. No entanto, todos os setores parecem estar sofrendo com o esfor\u00e7o das autoridades monet\u00e1rias de baixar a infla\u00e7\u00e3o com um ciclo de alta de juros.<\/p>\n<\/div>\n<div class=\"bbc-19j92fr ebmt73l0\" dir=\"ltr\">\n<p class=\"bbc-hhl7in e17g058b0\" dir=\"ltr\" style=\"text-align: justify;\">O banco central americano aumentou os juros americanos em dez reuni\u00f5es consecutivas \u2014 atingindo a faixa de 5% a 5,25%.<\/p>\n<\/div>\n<div class=\"bbc-1ka88fa ebmt73l0\" dir=\"ltr\">\n<figure class=\"bbc-1qdcvv9 e1aczekt0\">\n<div class=\"bbc-172p16q ebmt73l0\" dir=\"ltr\">\n<div class=\"bbc-172p16q ebmt73l0\" dir=\"ltr\">\n<div class=\"bbc-189y18v ebmt73l0\" dir=\"ltr\">\n<div class=\"bbc-997y1y eihqrxw0\" data-e2e=\"image-placeholder\">\n<div class=\"lazyload-wrapper \"><img loading=\"lazy\" class=\"e3vrtyk0 bbc-rb7xa0 e1mo64ex0\" src=\"https:\/\/ichef.bbci.co.uk\/news\/640\/cpsprodpb\/c4ae\/live\/1f319510-0079-11ee-aa08-4727df20b680.jpg\" sizes=\"(min-width: 1008px) 760px, 100vw\" srcset=\"https:\/\/ichef.bbci.co.uk\/news\/240\/cpsprodpb\/c4ae\/live\/1f319510-0079-11ee-aa08-4727df20b680.jpg 240w, https:\/\/ichef.bbci.co.uk\/news\/320\/cpsprodpb\/c4ae\/live\/1f319510-0079-11ee-aa08-4727df20b680.jpg 320w, https:\/\/ichef.bbci.co.uk\/news\/480\/cpsprodpb\/c4ae\/live\/1f319510-0079-11ee-aa08-4727df20b680.jpg 480w, https:\/\/ichef.bbci.co.uk\/news\/624\/cpsprodpb\/c4ae\/live\/1f319510-0079-11ee-aa08-4727df20b680.jpg 624w, https:\/\/ichef.bbci.co.uk\/news\/800\/cpsprodpb\/c4ae\/live\/1f319510-0079-11ee-aa08-4727df20b680.jpg 800w\" alt=\"Bandeira dos EUA e placa de Wall Street\" width=\"2121\" height=\"1414\" \/><\/div>\n<p class=\"bbc-1s1cxbv ewbcsnk0\" role=\"text\"><span class=\"bbc-m04vo2\">CR\u00c9DITO,<\/span><span lang=\"en-GB\">GETTY IMAGES<\/span><\/p>\n<\/div>\n<\/div>\n<div class=\"bbc-3edg7g ebmt73l0\" dir=\"ltr\"><\/div>\n<\/div>\n<\/div><figcaption class=\"bbc-rhuvwm e6i104o0\" dir=\"ltr\"><span class=\"bbc-m04vo2\">Legenda da foto,<\/span><\/p>\n<p style=\"text-align: justify;\">Analistas debatem se economia dos EUA vai entrar em recess\u00e3o<\/p>\n<\/figcaption><div class=\"bbc-172p16q ebmt73l0\" dir=\"ltr\" style=\"text-align: justify;\">\n<div class=\"bbc-3edg7g ebmt73l0\" dir=\"ltr\"><\/div>\n<\/div>\n<\/figure>\n<\/div>\n<div class=\"bbc-19j92fr ebmt73l0\" dir=\"ltr\" style=\"text-align: justify;\">\n<p class=\"bbc-hhl7in e17g058b0\" dir=\"ltr\">A bolsa americana tem mostrado pouco otimismo em rela\u00e7\u00e3o ao futuro. O Dow Jones est\u00e1 no patamar de 33 mil pontos este m\u00eas \u2014 o mesmo do come\u00e7o do ano. Entre 2020 e 2022, durante a pandemia, o Dow Jones chegou a subir 75% \u2014 partindo de cerca de 20 mil para cerca de 35 mil pontos.<\/p>\n<\/div>\n<div class=\"bbc-19j92fr ebmt73l0\" dir=\"ltr\" style=\"text-align: justify;\">\n<p class=\"bbc-hhl7in e17g058b0\" dir=\"ltr\">Agora h\u00e1 diversos sinais de que a economia americana est\u00e1 em um ciclo de deteriora\u00e7\u00e3o: a produ\u00e7\u00e3o industrial e os empr\u00e9stimos banc\u00e1rios est\u00e3o em queda. O setor banc\u00e1rio teme uma crise devido \u00e0 quebra de bancos m\u00e9dios. Grandes empresas seguem promovendo demiss\u00f5es em massa. H\u00e1 economistas que preveem uma recess\u00e3o para o final deste ano.<\/p>\n<\/div>\n<div class=\"bbc-19j92fr ebmt73l0\" dir=\"ltr\" style=\"text-align: justify;\">\n<p class=\"bbc-hhl7in e17g058b0\" dir=\"ltr\">\u201cContinuamos esperando uma leve recess\u00e3o t\u00e9cnica nos EUA, com duas contra\u00e7\u00f5es consecutivas no segundo e terceiro trimestres\u201d, disse a consultoria Economist Intelligence Unit.<\/p>\n<\/div>\n<div class=\"bbc-19j92fr ebmt73l0\" dir=\"ltr\" style=\"text-align: justify;\">\n<p class=\"bbc-hhl7in e17g058b0\" dir=\"ltr\">Uma recess\u00e3o nos EUA teria impacto em todo o mundo, dada a import\u00e2ncia do mercado americano para o com\u00e9rcio e finan\u00e7as internacionais.<\/p>\n<\/div>\n<div class=\"bbc-19j92fr ebmt73l0\" dir=\"ltr\" style=\"text-align: justify;\">\n<h2 id=\"Outros-pa\u00edses\" class=\"bbc-1f03ibc eglt09e0\" tabindex=\"-1\">Outros pa\u00edses<\/h2>\n<\/div>\n<div class=\"bbc-19j92fr ebmt73l0\" dir=\"ltr\" style=\"text-align: justify;\">\n<p class=\"bbc-hhl7in e17g058b0\" dir=\"ltr\">A economia brit\u00e2nica escapou por pouco de uma recess\u00e3o t\u00e9cnica.<\/p>\n<\/div>\n<div class=\"bbc-19j92fr ebmt73l0\" dir=\"ltr\" style=\"text-align: justify;\">\n<p class=\"bbc-hhl7in e17g058b0\" dir=\"ltr\">O PIB do Reino Unido cresceu 0,1% no primeiro trimestre deste ano \u2014 o mesmo ritmo registrado no \u00faltimo trimestre do ano passado. Para este ano, o Banco Central da Inglaterra acredita que a economia seguir\u00e1 estagnada no primeiro semestre, com recupera\u00e7\u00e3o no segundo. A previs\u00e3o \u00e9 levemente mais otimista do que a feita em fevereiro, quando o banco previa recess\u00e3o para o Reino Unido.<\/p>\n<\/div>\n<div class=\"bbc-19j92fr ebmt73l0\" dir=\"ltr\" style=\"text-align: justify;\">\n<p class=\"bbc-hhl7in e17g058b0\" dir=\"ltr\">Ao contr\u00e1rio do resto da Europa e dos EUA, foi s\u00f3 recentemente que a economia brit\u00e2nica conseguiu atingir os n\u00edveis pr\u00e9-pandemia. O Reino Unido tem hoje a pior performance econ\u00f4mica entre as sete maiores economias do mundo. Na zona do euro, o PIB cresceu 0,1% neste ano.<\/p>\n<\/div>\n<div class=\"bbc-19j92fr ebmt73l0\" dir=\"ltr\" style=\"text-align: justify;\">\n<p class=\"bbc-hhl7in e17g058b0\" dir=\"ltr\">Os dois gigantes emergentes \u2014 China e \u00cdndia \u2014 seguem registrando fortes \u00edndices de crescimento.<\/p>\n<\/div>\n<div class=\"bbc-19j92fr ebmt73l0\" dir=\"ltr\" style=\"text-align: justify;\">\n<p class=\"bbc-hhl7in e17g058b0\" dir=\"ltr\">Na quinta-feira (31\/5), a \u00cdndia informou que sua economia cresceu 6,1% no primeiro trimestre deste ano em compara\u00e7\u00e3o com o \u00faltimo trimestre do ano passado \u2014 algo atribu\u00eddo aos setores de servi\u00e7os e ind\u00fastria.<\/p>\n<\/div>\n<div class=\"bbc-19j92fr ebmt73l0\" dir=\"ltr\" style=\"text-align: justify;\">\n<p class=\"bbc-hhl7in e17g058b0\" dir=\"ltr\">J\u00e1 o PIB da China cresceu 4,5% no primeiro trimestre do ano \u2014 superando expectativas do governo e a performance recente da economia chinesa.<\/p>\n<\/div>\n<div class=\"bbc-19j92fr ebmt73l0\" dir=\"ltr\" style=\"text-align: justify;\">\n<p class=\"bbc-hhl7in e17g058b0\" dir=\"ltr\">Diferente da maioria dos demais pa\u00edses do mundo, a economia chinesa continuou sofrendo com a pandemia de coronav\u00edrus e com\u00a0<i class=\"bbc-h1y5j7 eih42320\">lockdowns<\/i>\u00a0ao longo de 2022. No ano passado, a economia chinesa havia crescido apenas 3%.<\/p>\n<\/div>\n<div class=\"bbc-19j92fr ebmt73l0\" dir=\"ltr\">\n<p class=\"bbc-hhl7in e17g058b0\" dir=\"ltr\" style=\"text-align: justify;\">O Banco Goldman Sachs prev\u00ea que 2023 ser\u00e1 um ano de retomada da economia chinesa, com possibilidade de crescimento de 6%. Economistas acreditam que o governo da China deve anunciar novos est\u00edmulos para investimento neste ano.<\/p>\n<\/div>\n","protected":false},"excerpt":{"rendered":"<p>&nbsp; CR\u00c9DITO,GETTY IMAGES A economia brasileira cresceu 1,9% nos primeiros tr\u00eas meses do ano em compara\u00e7\u00e3o com os tr\u00eas meses imediatamente anteriores \u2014 um crescimento acima do que v\u00e1rios analistas de mercado esperavam. Os n\u00fameros foram divulgados pelo IBGE nesta quinta-feira (1\/6). Os dados mostram que a agropecu\u00e1ria foi o \u201cmotor\u201d do crescimento brasileiro no [&hellip;]<\/p>\n","protected":false},"author":2,"featured_media":114630,"comment_status":"open","ping_status":"open","sticky":false,"template":"","format":"standard","meta":[],"categories":[78,71],"tags":[132,275,1434,138,1415],"_links":{"self":[{"href":"https:\/\/www.blogdopaulonunes.com\/v5\/index.php\/wp-json\/wp\/v2\/posts\/114629"}],"collection":[{"href":"https:\/\/www.blogdopaulonunes.com\/v5\/index.php\/wp-json\/wp\/v2\/posts"}],"about":[{"href":"https:\/\/www.blogdopaulonunes.com\/v5\/index.php\/wp-json\/wp\/v2\/types\/post"}],"author":[{"embeddable":true,"href":"https:\/\/www.blogdopaulonunes.com\/v5\/index.php\/wp-json\/wp\/v2\/users\/2"}],"replies":[{"embeddable":true,"href":"https:\/\/www.blogdopaulonunes.com\/v5\/index.php\/wp-json\/wp\/v2\/comments?post=114629"}],"version-history":[{"count":3,"href":"https:\/\/www.blogdopaulonunes.com\/v5\/index.php\/wp-json\/wp\/v2\/posts\/114629\/revisions"}],"predecessor-version":[{"id":114633,"href":"https:\/\/www.blogdopaulonunes.com\/v5\/index.php\/wp-json\/wp\/v2\/posts\/114629\/revisions\/114633"}],"wp:featuredmedia":[{"embeddable":true,"href":"https:\/\/www.blogdopaulonunes.com\/v5\/index.php\/wp-json\/wp\/v2\/media\/114630"}],"wp:attachment":[{"href":"https:\/\/www.blogdopaulonunes.com\/v5\/index.php\/wp-json\/wp\/v2\/media?parent=114629"}],"wp:term":[{"taxonomy":"category","embeddable":true,"href":"https:\/\/www.blogdopaulonunes.com\/v5\/index.php\/wp-json\/wp\/v2\/categories?post=114629"},{"taxonomy":"post_tag","embeddable":true,"href":"https:\/\/www.blogdopaulonunes.com\/v5\/index.php\/wp-json\/wp\/v2\/tags?post=114629"}],"curies":[{"name":"wp","href":"https:\/\/api.w.org\/{rel}","templated":true}]}}