{"id":114499,"date":"2023-05-27T05:20:55","date_gmt":"2023-05-27T08:20:55","guid":{"rendered":"https:\/\/www.blogdopaulonunes.com\/v5\/?p=114499"},"modified":"2023-05-27T05:20:55","modified_gmt":"2023-05-27T08:20:55","slug":"ex-diretor-geral-da-pf-diz-que-reuniao-com-torres-no-2o-turno-foi-marcada-em-cima-da-hora","status":"publish","type":"post","link":"https:\/\/www.blogdopaulonunes.com\/v5\/index.php\/2023\/05\/27\/ex-diretor-geral-da-pf-diz-que-reuniao-com-torres-no-2o-turno-foi-marcada-em-cima-da-hora\/","title":{"rendered":"Ex-diretor-geral da PF diz que reuni\u00e3o com Torres no 2\u00ba turno foi marcada em cima da hora"},"content":{"rendered":"<p>Informa\u00e7\u00e3o foi revelada por M\u00e1rcio Nunes em depoimento \u00e0 PF<\/p>\n<p style=\"text-align: justify;\">O ex-diretor-geral da Pol\u00edcia Federal (PF), delegado M\u00e1rcio Nunes, afirmou que a reuni\u00e3o realizada as v\u00e9speras do segundo turno, na Bahia, com o ent\u00e3o ministro da Justi\u00e7a, Anderson Torres, ocorreu de \u00faltima hora e que n\u00e3o tinha \u201cuma pauta definida\u201d. A informa\u00e7\u00e3o foi revelada por Nunes em depoimento \u00e0 PF.<\/p>\n<p style=\"text-align: justify;\">Segundo o delegado, o encontro serviu para falar sobre as elei\u00e7\u00f5es e um pedido de refor\u00e7o no policiamento. A viagem \u00e0 Bahia entrou na mira das autoridades ap\u00f3s suspeitas de que Torres teria usado a Pol\u00edcia Rodovi\u00e1ria Federal (PRF) para atrapalhar a vota\u00e7\u00e3o de eleitores no Nordeste com o objetivo de beneficiar Jair Bolsonaro.<\/p>\n<p style=\"text-align: justify;\">Na oitiva realizada em 11 de maio, Nunes alegou ser o respons\u00e1vel pelo convite a Anderson Torres. O ex-ministro teria \u201cperguntado o que poderia ser feito e o depoente sugerido a viagem naquele momento, para visita institucional \u00e0 unidade e \u00e0 obra\u201d, na Superintend\u00eancia da PF, em Salvador.<\/p>\n<p style=\"text-align: justify;\">Em 25 de outubro de 2022, Anderson Torres e o delegado participaram de uma reuni\u00e3o com o ent\u00e3o superintendente da PF baiana, Leandro Almada.<\/p>\n<p style=\"text-align: justify;\">\u201cFoi um bate-papo informal. Foram tratados de uma remo\u00e7\u00e3o de uma servidora, do andamento da obra e de assuntos eleitorais, quais sejam o refor\u00e7o do efetivo nas elei\u00e7\u00f5es, tendo o depoente determinado que fosse colocado o m\u00e1ximo poss\u00edvel de servidores para trabalhar nas elei\u00e7\u00f5es\u201d, disse o ex-diretor-geral.<\/p>\n","protected":false},"excerpt":{"rendered":"<p>Informa\u00e7\u00e3o foi revelada por M\u00e1rcio Nunes em depoimento \u00e0 PF O ex-diretor-geral da Pol\u00edcia Federal (PF), delegado M\u00e1rcio Nunes, afirmou que a reuni\u00e3o realizada as v\u00e9speras do segundo turno, na Bahia, com o ent\u00e3o ministro da Justi\u00e7a, Anderson Torres, ocorreu de \u00faltima hora e que n\u00e3o tinha \u201cuma pauta definida\u201d. A informa\u00e7\u00e3o foi revelada por [&hellip;]<\/p>\n","protected":false},"author":2,"featured_media":114500,"comment_status":"open","ping_status":"open","sticky":false,"template":"","format":"standard","meta":[],"categories":[127,71],"tags":[234,1348,496,1347],"_links":{"self":[{"href":"https:\/\/www.blogdopaulonunes.com\/v5\/index.php\/wp-json\/wp\/v2\/posts\/114499"}],"collection":[{"href":"https:\/\/www.blogdopaulonunes.com\/v5\/index.php\/wp-json\/wp\/v2\/posts"}],"about":[{"href":"https:\/\/www.blogdopaulonunes.com\/v5\/index.php\/wp-json\/wp\/v2\/types\/post"}],"author":[{"embeddable":true,"href":"https:\/\/www.blogdopaulonunes.com\/v5\/index.php\/wp-json\/wp\/v2\/users\/2"}],"replies":[{"embeddable":true,"href":"https:\/\/www.blogdopaulonunes.com\/v5\/index.php\/wp-json\/wp\/v2\/comments?post=114499"}],"version-history":[{"count":1,"href":"https:\/\/www.blogdopaulonunes.com\/v5\/index.php\/wp-json\/wp\/v2\/posts\/114499\/revisions"}],"predecessor-version":[{"id":114501,"href":"https:\/\/www.blogdopaulonunes.com\/v5\/index.php\/wp-json\/wp\/v2\/posts\/114499\/revisions\/114501"}],"wp:featuredmedia":[{"embeddable":true,"href":"https:\/\/www.blogdopaulonunes.com\/v5\/index.php\/wp-json\/wp\/v2\/media\/114500"}],"wp:attachment":[{"href":"https:\/\/www.blogdopaulonunes.com\/v5\/index.php\/wp-json\/wp\/v2\/media?parent=114499"}],"wp:term":[{"taxonomy":"category","embeddable":true,"href":"https:\/\/www.blogdopaulonunes.com\/v5\/index.php\/wp-json\/wp\/v2\/categories?post=114499"},{"taxonomy":"post_tag","embeddable":true,"href":"https:\/\/www.blogdopaulonunes.com\/v5\/index.php\/wp-json\/wp\/v2\/tags?post=114499"}],"curies":[{"name":"wp","href":"https:\/\/api.w.org\/{rel}","templated":true}]}}