{"id":114422,"date":"2023-05-19T03:42:42","date_gmt":"2023-05-19T06:42:42","guid":{"rendered":"https:\/\/www.blogdopaulonunes.com\/v5\/?p=114422"},"modified":"2023-05-19T03:42:42","modified_gmt":"2023-05-19T06:42:42","slug":"descobertas-sementes-citadas-na-biblia","status":"publish","type":"post","link":"https:\/\/www.blogdopaulonunes.com\/v5\/index.php\/2023\/05\/19\/descobertas-sementes-citadas-na-biblia\/","title":{"rendered":"Descobertas sementes citadas na\u00a0B\u00edblia"},"content":{"rendered":"<header>\n<div class=\"flex flex-col gap-y-4 md:flex-row w-full justify-between content-center space-y-3 mb-8\"><\/div>\n<\/header>\n<div class=\"aspect-[712\/400] mb-8\">\n<figure class=\"mb-14 flex flex-col\"><picture><source srcset=\"https:\/\/medias.revistaoeste.com\/qa-staging\/wp-content\/uploads\/2023\/05\/Semente-uvas-biblia.jpg.webp 580w, https:\/\/medias.revistaoeste.com\/qa-staging\/wp-content\/uploads\/2023\/05\/Semente-uvas-biblia-300x171.jpg.webp 300w\" type=\"image\/webp\" sizes=\"(max-width: 580px) 100vw, 580px\" data-srcset=\"https:\/\/medias.revistaoeste.com\/qa-staging\/wp-content\/uploads\/2023\/05\/Semente-uvas-biblia.jpg.webp 580w, https:\/\/medias.revistaoeste.com\/qa-staging\/wp-content\/uploads\/2023\/05\/Semente-uvas-biblia-300x171.jpg.webp 300w\" data-sizes=\"(max-width: 580px) 100vw, 580px\" \/><\/picture><figcaption id=\"caption-attachment-723122\" class=\"wp-caption-text bg-gray-200 text-gray-600 p-2 text-xs article-thumbnail\">Sementes de uvas encontradas | Foto: Foto: Reprodu\u00e7\u00e3o\/Prof. Guy Bar-Oz\/The University of Haifa<\/figcaption><\/figure>\n<\/div>\n<div class=\"\">\n<div id=\"hd80s9wa1h892edh8192\" class=\"entry-content break-word\">\n<p style=\"text-align: justify;\">Durante uma escava\u00e7\u00e3o no deserto de Neguev, em 4 de maio, arque\u00f3logos da\u00a0<strong><a href=\"https:\/\/english.tau.ac.il\/\" target=\"_blank\" rel=\"noreferrer noopener\">Universidade de Tel-Aviv<\/a><\/strong>\u00a0encontraram sementes de uvas citadas na\u00a0<em>B\u00edblia<\/em>. O achado tem mais de mil anos. A fruta \u00e9 mencionada em\u00a0<em>G\u00eanesis 49:11<\/em>, quando Jac\u00f3 aben\u00e7oa seu filho Jud\u00e1: \u201cEle amarrar\u00e1 seu jumento a uma videira, seu jumentinho ao ramo mais escolhido; ele lavar\u00e1 suas vestes no vinho, suas vestes no sangue das uvas\u201d.<\/p>\n<p style=\"text-align: justify;\">Outra passagem est\u00e1 em\u00a0<em>N\u00fameros 13:23<\/em>, que descreve um cacho de uvas muito grande, trazido pelos homens enviados por Mois\u00e9s para explorar a \u201cterra prometida\u201d: \u201cQuando chegaram ao Vale de Eshkol (identificado por alguns como Nahal Sorek), eles cortaram um galho com um \u00fanico cacho de uvas. Dois deles o carregavam numa vara entre si\u201d.<\/p>\n<p style=\"text-align: justify;\">Entre outras sementes, os pesquisadores da Tel-Aviv acharam a variedade Syriki, usada at\u00e9 hoje para fazer vinho tinto de alta qualidade na Gr\u00e9cia e no L\u00edbano. O nome da planta, que marca seu local de origem, \u00e9 derivado de Nahal Sorek, um riacho importante nas colinas da Judeia.<\/p>\n<figure class=\"wp-block-image size-full\"><picture><source srcset=\"https:\/\/medias.revistaoeste.com\/qa-staging\/wp-content\/uploads\/2023\/05\/Semente-uvas-biblia-2.jpg.webp 580w, https:\/\/medias.revistaoeste.com\/qa-staging\/wp-content\/uploads\/2023\/05\/Semente-uvas-biblia-2-300x171.jpg.webp 300w\" type=\"image\/webp\" sizes=\"(max-width: 580px) 100vw, 580px\" data-srcset=\"https:\/\/medias.revistaoeste.com\/qa-staging\/wp-content\/uploads\/2023\/05\/Semente-uvas-biblia-2.jpg.webp 580w, https:\/\/medias.revistaoeste.com\/qa-staging\/wp-content\/uploads\/2023\/05\/Semente-uvas-biblia-2-300x171.jpg.webp 300w\" data-sizes=\"(max-width: 580px) 100vw, 580px\" \/><img loading=\"lazy\" class=\"wp-image-915999 perfmatters-lazy entered pmloaded\" src=\"https:\/\/medias.revistaoeste.com\/qa-staging\/wp-content\/uploads\/2023\/05\/Semente-uvas-biblia-2.jpg\" sizes=\"(max-width: 580px) 100vw, 580px\" srcset=\"https:\/\/medias.revistaoeste.com\/qa-staging\/wp-content\/uploads\/2023\/05\/Semente-uvas-biblia-2.jpg 580w, https:\/\/medias.revistaoeste.com\/qa-staging\/wp-content\/uploads\/2023\/05\/Semente-uvas-biblia-2-300x171.jpg 300w\" alt=\"\" width=\"580\" height=\"330\" data-eio=\"p\" data-src=\"https:\/\/medias.revistaoeste.com\/qa-staging\/wp-content\/uploads\/2023\/05\/Semente-uvas-biblia-2.jpg\" data-srcset=\"https:\/\/medias.revistaoeste.com\/qa-staging\/wp-content\/uploads\/2023\/05\/Semente-uvas-biblia-2.jpg 580w, https:\/\/medias.revistaoeste.com\/qa-staging\/wp-content\/uploads\/2023\/05\/Semente-uvas-biblia-2-300x171.jpg 300w\" data-sizes=\"(max-width: 580px) 100vw, 580px\" data-ll-status=\"loaded\" \/><\/picture><figcaption class=\"wp-element-caption\">Imagem das antigas sementes sob um microsc\u00f3pio | Foto: Prof. Guy Bar-Oz\/The University of Haifa<\/figcaption><\/figure>\n<h2 id=\"h-como-as-sementes-de-uvas-citadas-na-biblia-foram-identificadas\" class=\"wp-block-heading\" style=\"text-align: justify;\">Como as sementes de uvas citadas na\u00a0<em>B\u00edblia<\/em>\u00a0foram identificadas<\/h2>\n<p style=\"text-align: justify;\">Os cientistas encontraram 16 sementes de uvas no ch\u00e3o de uma sala localizada no s\u00edtio arqueol\u00f3gico de Avdat, onde fica uma cidade nabateia (civiliza\u00e7\u00e3o antiga) em ru\u00ednas des\u00e9rticas. Os cientistas fizeram a descoberta por meio de uma t\u00e9cnica de espectroscopia infravermelha.<\/p>\n<p style=\"text-align: justify;\">A partir disso, os pesquisadores extra\u00edram o DNA das sementes e fizeram compara\u00e7\u00f5es com bancos de dados de videiras modernas.<\/p>\n<\/div>\n<\/div>\n","protected":false},"excerpt":{"rendered":"<p>Sementes de uvas encontradas | Foto: Foto: Reprodu\u00e7\u00e3o\/Prof. Guy Bar-Oz\/The University of Haifa Durante uma escava\u00e7\u00e3o no deserto de Neguev, em 4 de maio, arque\u00f3logos da\u00a0Universidade de Tel-Aviv\u00a0encontraram sementes de uvas citadas na\u00a0B\u00edblia. O achado tem mais de mil anos. A fruta \u00e9 mencionada em\u00a0G\u00eanesis 49:11, quando Jac\u00f3 aben\u00e7oa seu filho Jud\u00e1: \u201cEle amarrar\u00e1 seu [&hellip;]<\/p>\n","protected":false},"author":2,"featured_media":114423,"comment_status":"open","ping_status":"open","sticky":false,"template":"","format":"standard","meta":[],"categories":[92,105],"tags":[1293,1290,1291,1292,1289],"_links":{"self":[{"href":"https:\/\/www.blogdopaulonunes.com\/v5\/index.php\/wp-json\/wp\/v2\/posts\/114422"}],"collection":[{"href":"https:\/\/www.blogdopaulonunes.com\/v5\/index.php\/wp-json\/wp\/v2\/posts"}],"about":[{"href":"https:\/\/www.blogdopaulonunes.com\/v5\/index.php\/wp-json\/wp\/v2\/types\/post"}],"author":[{"embeddable":true,"href":"https:\/\/www.blogdopaulonunes.com\/v5\/index.php\/wp-json\/wp\/v2\/users\/2"}],"replies":[{"embeddable":true,"href":"https:\/\/www.blogdopaulonunes.com\/v5\/index.php\/wp-json\/wp\/v2\/comments?post=114422"}],"version-history":[{"count":1,"href":"https:\/\/www.blogdopaulonunes.com\/v5\/index.php\/wp-json\/wp\/v2\/posts\/114422\/revisions"}],"predecessor-version":[{"id":114424,"href":"https:\/\/www.blogdopaulonunes.com\/v5\/index.php\/wp-json\/wp\/v2\/posts\/114422\/revisions\/114424"}],"wp:featuredmedia":[{"embeddable":true,"href":"https:\/\/www.blogdopaulonunes.com\/v5\/index.php\/wp-json\/wp\/v2\/media\/114423"}],"wp:attachment":[{"href":"https:\/\/www.blogdopaulonunes.com\/v5\/index.php\/wp-json\/wp\/v2\/media?parent=114422"}],"wp:term":[{"taxonomy":"category","embeddable":true,"href":"https:\/\/www.blogdopaulonunes.com\/v5\/index.php\/wp-json\/wp\/v2\/categories?post=114422"},{"taxonomy":"post_tag","embeddable":true,"href":"https:\/\/www.blogdopaulonunes.com\/v5\/index.php\/wp-json\/wp\/v2\/tags?post=114422"}],"curies":[{"name":"wp","href":"https:\/\/api.w.org\/{rel}","templated":true}]}}