{"id":114228,"date":"2023-05-09T12:15:47","date_gmt":"2023-05-09T15:15:47","guid":{"rendered":"https:\/\/www.blogdopaulonunes.com\/v5\/?p=114228"},"modified":"2023-05-09T12:15:47","modified_gmt":"2023-05-09T15:15:47","slug":"terrivelmente-evangelico-mendonca-mantem-condenacao-de-mae-que-furtou-fraldas-mas-alivia-para-golpistas-do-8-1","status":"publish","type":"post","link":"https:\/\/www.blogdopaulonunes.com\/v5\/index.php\/2023\/05\/09\/terrivelmente-evangelico-mendonca-mantem-condenacao-de-mae-que-furtou-fraldas-mas-alivia-para-golpistas-do-8-1\/","title":{"rendered":"TERRIVELMENTE EVANG\u00c9LICO Mendon\u00e7a mant\u00e9m condena\u00e7\u00e3o de m\u00e3e que furtou fraldas mas alivia para golpistas do 8\/1"},"content":{"rendered":"<h4 class=\"bajada\" style=\"text-align: justify;\">A mulher foi condenada pelo furto dos produtos, avaliados em R$ 120, que j\u00e1 foram devolvidos; Ela \u00e9 m\u00e3e solteira e cometeu o delito por necessidade<\/h4>\n<div class=\"foto-autor\"><a class=\"nota-link-autor\" title=\"Ir al perfil de Lucas Vasques\" href=\"https:\/\/revistaforum.com.br\/autor\/lucasvasques.html\"><img class=\"i-amphtml-fill-content i-amphtml-replaced-content\" src=\"https:\/\/revistaforum.com.br\/u\/aps\/noticias\/fotografias\/autor-53_m.png\" alt=\"Lucas Vasques\" \/><\/a><\/div>\n<div class=\"nombre-autor\"><a class=\"nota-link-autor\" title=\"Ir al perfil de  Lucas Vasques\" href=\"https:\/\/revistaforum.com.br\/autor\/lucasvasques.html\">Por\u00a0<span class=\"post-author-name change-utf\">Lucas Vasques<\/span><\/a><\/div>\n<p style=\"text-align: justify;\">O ministro\u00a0<a href=\"https:\/\/revistaforum.com.br\/politica\/2023\/1\/12\/indicados-de-bolsonaro-no-stf-mendona-nunes-marques-discordam-de-priso-de-anderson-torres-130012.html\" target=\"_blank\" rel=\"noopener\"><strong>Andr\u00e9 Mendon\u00e7a<\/strong><\/a>, do\u00a0<strong>Supremo Tribunal Federal (STF)<\/strong>\u00a0negou no \u00faltimo s\u00e1bado (6) o\u00a0<em>habeas corpus<\/em>\u00a0a uma<a href=\"https:\/\/revistaforum.com.br\/politica\/2023\/5\/8\/andre-mendona-nega-habeas-corpus-me-solteira-que-furtou-fraldas-135519.html\" target=\"_blank\" rel=\"noopener\">\u00a0<strong>m\u00e3e condenada por furtar tr\u00eas pacotes fraldas<\/strong><\/a>. A decis\u00e3o foi tomada no mesmo final de semana em que o\u00a0<strong>ministro votou por n\u00e3o tornar r\u00e9us 200 bolsonaristas presos pela depreda\u00e7\u00e3o que se registrou em Bras\u00edlia em\u00a0<a href=\"https:\/\/revistaforum.com.br\/politica\/2023\/5\/7\/atos-golpistas-250-presos-pela-tentativa-de-golpe-se-tornam-reus-135461.html\" target=\"_blank\" rel=\"noopener\">8 de janeiro<\/a><\/strong>\u00a0e desdobrou na destrui\u00e7\u00e3o das sedes dos tr\u00eas poderes da Rep\u00fablica.<\/p>\n<p style=\"text-align: justify;\">A mulher foi condenada pelo furto de 3 pacotes de fraldas, avaliados em R$ 120, que j\u00e1 foram devolvidos. De acordo com a Defensoria P\u00fablica de Minas Gerais, que a defende, a r\u00e9 \u00e9 m\u00e3e solteira e realizou o furto em uma unidade das\u00a0<strong>Lojas Americanas<\/strong>\u00a0por necessidade. Ela j\u00e1 tinha outra condena\u00e7\u00e3o semelhante.<\/p>\n<p>Mendon\u00e7a afirmou que o valor dos pacotes de fraldas n\u00e3o seria insignificante pois representaria um d\u00e9cimo do sal\u00e1rio m\u00ednimo vigente em 2017, \u00e9poca do furto. O ministro \u201cterrivelmente evang\u00e9lico\u201d nomeado por Bolsonaro ao STF tamb\u00e9m entendeu que a devolu\u00e7\u00e3o das fraldas n\u00e3o enseja a suspens\u00e3o da pena.<\/p>\n<p><em><strong>Ajude a financiar o document\u00e1rio da F\u00f3rum Filmes sobre os atos golpistas de 8 de janeiro. Clique em\u00a0<a href=\"https:\/\/bit.ly\/doc8dejaneiro\" target=\"_blank\" rel=\"noopener\">https:\/\/bit.ly\/doc8dejaneiro<\/a>\u00a0e escolha o valor que puder ou fa\u00e7a uma doa\u00e7\u00e3o pela nossa<\/strong><\/em><em><strong> chave:\u00a0pix@revistaforum.com.br.<\/strong><\/em><\/p>\n<blockquote>\n<p style=\"text-align: justify;\"><strong>Outrossim, somada a contum\u00e1cia delitiva espec\u00edfica, acrescento que descabe concluir ser \u00ednfimo o valor dos bens subtra\u00eddos \u2013 3 pacotes de fraldas avaliados em R$ 120 \u2013 equivalente a mais de 10% do sal\u00e1rio m\u00ednimo vigente \u00e0 \u00e9poca, n\u00e3o sendo a recupera\u00e7\u00e3o da res furtiva capaz de destituir o dano ao bem jur\u00eddico tutelado pelo tipo penal. Assim, em vista dos pressupostos criados pelo Supremo para aplica\u00e7\u00e3o da teoria da insignific\u00e2ncia, mostram-se serem consider\u00e1veis a reprovabilidade da conduta e a les\u00e3o ao bem tutelado, de modo a inviabilizar a observ\u00e2ncia do princ\u00edpio\u201d, escreveu Mendon\u00e7a.<\/strong><\/p>\n<\/blockquote>\n<p style=\"text-align: justify;\">O\u00a0<strong>princ\u00edpio da insignific\u00e2ncia<\/strong>\u00a0ocorre quando a Justi\u00e7a acredita que um valor furtado \u00e9 irris\u00f3rio e n\u00e3o deve configurar uma condena\u00e7\u00e3o. Mendon\u00e7a negou o princ\u00edpio de insignific\u00e2ncia no caso da mulher de Minas Gerais e decidiu que ela cumpra a pena de 1 ano e 2 meses em regime aberto. Tamb\u00e9m dever\u00e1 pagar uma multa. Enquanto isso, no julgamento que decidiu tornar r\u00e9us mais 250 golpistas, Mendon\u00e7a foi contr\u00e1rio \u00e0 decis\u00e3o. Ele entendeu que n\u00e3o teria ocorrido a individualiza\u00e7\u00e3o das penas e que n\u00e3o haveria elementos para comprovar a culpabilidade dos r\u00e9us.<\/p>\n<p style=\"text-align: justify;\">Durante a invas\u00e3o do Pal\u00e1cio do Planalto, os bolsonaristas causaram um preju\u00edzo muito superior a R$ 120. S\u00f3 a\u00a0<a href=\"https:\/\/revistaforum.com.br\/brasil\/2023\/1\/9\/di-cavalcanti-esfaqueado-brecheret-roubado-veja-que-aconteceu-com-obras-de-arte-do-planalto-129872.html\" target=\"_blank\" rel=\"noopener\"><strong>tape\u00e7aria \u2018Mulatas\u2019, de Di Cavalcanti<\/strong><\/a>, destru\u00edda pelos golpistas, \u00e9 avaliada em R$ 8 milh\u00f5es.<\/p>\n","protected":false},"excerpt":{"rendered":"<p>A mulher foi condenada pelo furto dos produtos, avaliados em R$ 120, que j\u00e1 foram devolvidos; Ela \u00e9 m\u00e3e solteira e cometeu o delito por necessidade Por\u00a0Lucas Vasques O ministro\u00a0Andr\u00e9 Mendon\u00e7a, do\u00a0Supremo Tribunal Federal (STF)\u00a0negou no \u00faltimo s\u00e1bado (6) o\u00a0habeas corpus\u00a0a uma\u00a0m\u00e3e condenada por furtar tr\u00eas pacotes fraldas. A decis\u00e3o foi tomada no mesmo final [&hellip;]<\/p>\n","protected":false},"author":2,"featured_media":114229,"comment_status":"open","ping_status":"open","sticky":false,"template":"","format":"standard","meta":[],"categories":[110,105],"tags":[1149,1148,1151,1147,1150,1146],"_links":{"self":[{"href":"https:\/\/www.blogdopaulonunes.com\/v5\/index.php\/wp-json\/wp\/v2\/posts\/114228"}],"collection":[{"href":"https:\/\/www.blogdopaulonunes.com\/v5\/index.php\/wp-json\/wp\/v2\/posts"}],"about":[{"href":"https:\/\/www.blogdopaulonunes.com\/v5\/index.php\/wp-json\/wp\/v2\/types\/post"}],"author":[{"embeddable":true,"href":"https:\/\/www.blogdopaulonunes.com\/v5\/index.php\/wp-json\/wp\/v2\/users\/2"}],"replies":[{"embeddable":true,"href":"https:\/\/www.blogdopaulonunes.com\/v5\/index.php\/wp-json\/wp\/v2\/comments?post=114228"}],"version-history":[{"count":1,"href":"https:\/\/www.blogdopaulonunes.com\/v5\/index.php\/wp-json\/wp\/v2\/posts\/114228\/revisions"}],"predecessor-version":[{"id":114230,"href":"https:\/\/www.blogdopaulonunes.com\/v5\/index.php\/wp-json\/wp\/v2\/posts\/114228\/revisions\/114230"}],"wp:featuredmedia":[{"embeddable":true,"href":"https:\/\/www.blogdopaulonunes.com\/v5\/index.php\/wp-json\/wp\/v2\/media\/114229"}],"wp:attachment":[{"href":"https:\/\/www.blogdopaulonunes.com\/v5\/index.php\/wp-json\/wp\/v2\/media?parent=114228"}],"wp:term":[{"taxonomy":"category","embeddable":true,"href":"https:\/\/www.blogdopaulonunes.com\/v5\/index.php\/wp-json\/wp\/v2\/categories?post=114228"},{"taxonomy":"post_tag","embeddable":true,"href":"https:\/\/www.blogdopaulonunes.com\/v5\/index.php\/wp-json\/wp\/v2\/tags?post=114228"}],"curies":[{"name":"wp","href":"https:\/\/api.w.org\/{rel}","templated":true}]}}