{"id":114225,"date":"2023-05-09T11:55:15","date_gmt":"2023-05-09T14:55:15","guid":{"rendered":"https:\/\/www.blogdopaulonunes.com\/v5\/?p=114225"},"modified":"2023-05-09T11:55:15","modified_gmt":"2023-05-09T14:55:15","slug":"instante-raro-mulher-da-a-luz-gemeos-e-um-dos-bebes-nasce-empelicado","status":"publish","type":"post","link":"https:\/\/www.blogdopaulonunes.com\/v5\/index.php\/2023\/05\/09\/instante-raro-mulher-da-a-luz-gemeos-e-um-dos-bebes-nasce-empelicado\/","title":{"rendered":"Instante raro: mulher d\u00e1 \u00e0 luz g\u00eameos e um dos beb\u00eas nasce empelicado"},"content":{"rendered":"<picture class=\"img__destaque\">Beb\u00ea nasce empelicado<\/picture><span class=\" credit\">Renata Casali<\/span><\/p>\n<p style=\"text-align: justify;\">Jaqueline Melo Oliveira, de 43 anos, deu \u00e0 luz a Bernardo e Rafael em um Hospital de Salvador; Normalmente, essa bolsa estoura quando o beb\u00ea est\u00e1 perto do nascimento, por isso \u00e9 considerado um evento incomum<\/p>\n<div class=\"post__content\">\n<p style=\"text-align: justify;\">Um parto que aconteceu na \u00faltima segunda-feira (1\u00ba) no Hospital Portugu\u00eas, em\u00a0<a href=\"https:\/\/www.cnnbrasil.com.br\/tudo-sobre\/salvador\/\">Salvador<\/a>, chamou bastante aten\u00e7\u00e3o. Bernardo Oliveira Ribeiro nasceu empelicado, deixando os obstetras e a fot\u00f3grafa encantados.<\/p>\n<p style=\"text-align: justify;\">O beb\u00ea nasceu envolto pela bolsa amni\u00f3tica que o alimenta e o protege durante toda a gesta\u00e7\u00e3o. Normalmente, essa bolsa estoura quando o beb\u00ea est\u00e1 perto do nascimento, por isso \u00e9 considerado um parto raro.<\/p>\n<p style=\"text-align: justify;\">Jaqueline Melo Oliveira, de 43 anos, deu \u00e0 luz Bernardo e Rafael em um parto gemelar. Rafael nasceu com 2,255 kg e 49 cm, enquanto Bernardo nasceu com 45 cm e 3,5kg. Os dois s\u00e3o frutos de um processo de fertiliza\u00e7\u00e3o.<\/p>\n<p>A fot\u00f3grafa Renata Casali, que trabalha registrando partos h\u00e1 oito anos, falou sobre a imagem do nascimento de Bernardo. Apesar de j\u00e1 ter acompanhado partos empelicados, ela disse que esse foi diferente.<\/p>\n<p>\u201cJ\u00e1 acompanhei alguns partos empelicados antes, mas esse ficou realmente especial. O posicionamento do beb\u00ea ajudou bastante e os obstetras tamb\u00e9m. Eu achei a foto muito linda. \u00c9 um momento muito r\u00e1pido para ser registrado.\u201d, contou Renata.<\/p>\n<figure id=\"attachment_2233300\" class=\"wp-caption alignnone\" aria-describedby=\"caption-attachment-2233300\"><figcaption id=\"caption-attachment-2233300\" class=\"wp-caption-text\">Beb\u00ea empelicado \/ Renata Casali<\/figcaption><\/figure>\n<p style=\"text-align: justify;\">A m\u00e3e n\u00e3o p\u00f4de ver o parto na hora do nascimento por conta do tecido que separava a equipe m\u00e9dica da paciente, mas quando viu as imagens ficou muito encantada, segundo a fot\u00f3grafa.<\/p>\n<p style=\"text-align: justify;\">\u201cNa sala de parto todos ficaram encantados, mas principalmente depois que receberam a fotografia. Eu fico muito feliz quando a fotografia agrada meus olhos e principalmente os da fam\u00edlia\u201d, disse ela.<\/p>\n<p style=\"text-align: justify;\">\u201cDesde que registrei meu primeiro parto em 2015 encontrei a voca\u00e7\u00e3o. Me apaixonei. De l\u00e1 pra c\u00e1, vi centenas de beb\u00eas nascerem. O que d\u00e1 \u2018raridade\u2019 ao momento \u00e9 que o registro que pouco acontece ficou muito bonito. Partos empelicados acontecem, mas s\u00e3o mais raros\u201d, completou Renata.<\/p>\n<figure id=\"attachment_2233313\" class=\"wp-caption alignnone\" aria-describedby=\"caption-attachment-2233313\"><img loading=\"lazy\" class=\"alignleft size-large wp-image-2233313\" src=\"https:\/\/www.cnnbrasil.com.br\/wp-content\/uploads\/sites\/12\/2023\/05\/WhatsApp-Image-2023-05-05-at-18.10.57.jpeg?w=683\" sizes=\"(max-width: 683px) 100vw, 683px\" srcset=\"https:\/\/www.cnnbrasil.com.br\/wp-content\/uploads\/sites\/12\/2023\/05\/WhatsApp-Image-2023-05-05-at-18.10.57.jpeg 1024w, https:\/\/www.cnnbrasil.com.br\/wp-content\/uploads\/sites\/12\/2023\/05\/WhatsApp-Image-2023-05-05-at-18.10.57.jpeg?resize=200,300 200w, https:\/\/www.cnnbrasil.com.br\/wp-content\/uploads\/sites\/12\/2023\/05\/WhatsApp-Image-2023-05-05-at-18.10.57.jpeg?resize=768,1152 768w, https:\/\/www.cnnbrasil.com.br\/wp-content\/uploads\/sites\/12\/2023\/05\/WhatsApp-Image-2023-05-05-at-18.10.57.jpeg?resize=683,1024 683w, https:\/\/www.cnnbrasil.com.br\/wp-content\/uploads\/sites\/12\/2023\/05\/WhatsApp-Image-2023-05-05-at-18.10.57.jpeg?resize=37,55 37w, https:\/\/www.cnnbrasil.com.br\/wp-content\/uploads\/sites\/12\/2023\/05\/WhatsApp-Image-2023-05-05-at-18.10.57.jpeg?resize=75,113 75w\" alt=\"\" width=\"683\" height=\"1024\" \/><figcaption id=\"caption-attachment-2233313\" class=\"wp-caption-text\"><\/figcaption><\/figure>\n<\/div>\n","protected":false},"excerpt":{"rendered":"<p>Beb\u00ea nasce empelicadoRenata Casali Jaqueline Melo Oliveira, de 43 anos, deu \u00e0 luz a Bernardo e Rafael em um Hospital de Salvador; Normalmente, essa bolsa estoura quando o beb\u00ea est\u00e1 perto do nascimento, por isso \u00e9 considerado um evento incomum Um parto que aconteceu na \u00faltima segunda-feira (1\u00ba) no Hospital Portugu\u00eas, em\u00a0Salvador, chamou bastante aten\u00e7\u00e3o. [&hellip;]<\/p>\n","protected":false},"author":2,"featured_media":114226,"comment_status":"open","ping_status":"open","sticky":false,"template":"","format":"standard","meta":[],"categories":[128,72],"tags":[139,900,1144,1145,382],"_links":{"self":[{"href":"https:\/\/www.blogdopaulonunes.com\/v5\/index.php\/wp-json\/wp\/v2\/posts\/114225"}],"collection":[{"href":"https:\/\/www.blogdopaulonunes.com\/v5\/index.php\/wp-json\/wp\/v2\/posts"}],"about":[{"href":"https:\/\/www.blogdopaulonunes.com\/v5\/index.php\/wp-json\/wp\/v2\/types\/post"}],"author":[{"embeddable":true,"href":"https:\/\/www.blogdopaulonunes.com\/v5\/index.php\/wp-json\/wp\/v2\/users\/2"}],"replies":[{"embeddable":true,"href":"https:\/\/www.blogdopaulonunes.com\/v5\/index.php\/wp-json\/wp\/v2\/comments?post=114225"}],"version-history":[{"count":1,"href":"https:\/\/www.blogdopaulonunes.com\/v5\/index.php\/wp-json\/wp\/v2\/posts\/114225\/revisions"}],"predecessor-version":[{"id":114227,"href":"https:\/\/www.blogdopaulonunes.com\/v5\/index.php\/wp-json\/wp\/v2\/posts\/114225\/revisions\/114227"}],"wp:featuredmedia":[{"embeddable":true,"href":"https:\/\/www.blogdopaulonunes.com\/v5\/index.php\/wp-json\/wp\/v2\/media\/114226"}],"wp:attachment":[{"href":"https:\/\/www.blogdopaulonunes.com\/v5\/index.php\/wp-json\/wp\/v2\/media?parent=114225"}],"wp:term":[{"taxonomy":"category","embeddable":true,"href":"https:\/\/www.blogdopaulonunes.com\/v5\/index.php\/wp-json\/wp\/v2\/categories?post=114225"},{"taxonomy":"post_tag","embeddable":true,"href":"https:\/\/www.blogdopaulonunes.com\/v5\/index.php\/wp-json\/wp\/v2\/tags?post=114225"}],"curies":[{"name":"wp","href":"https:\/\/api.w.org\/{rel}","templated":true}]}}