{"id":114162,"date":"2023-05-04T02:24:16","date_gmt":"2023-05-04T05:24:16","guid":{"rendered":"https:\/\/www.blogdopaulonunes.com\/v5\/?p=114162"},"modified":"2023-05-04T02:24:16","modified_gmt":"2023-05-04T05:24:16","slug":"associacao-de-vitimas-e-familiares-de-vitimas-de-covid-19-avico","status":"publish","type":"post","link":"https:\/\/www.blogdopaulonunes.com\/v5\/index.php\/2023\/05\/04\/associacao-de-vitimas-e-familiares-de-vitimas-de-covid-19-avico\/","title":{"rendered":"Associa\u00e7\u00e3o de V\u00edtimas e Familiares de V\u00edtimas de Covid-19 (AVICO)"},"content":{"rendered":"<p style=\"text-align: justify;\">A AVICO BRASIL, entidade da sociedade civil organizada, vem a p\u00fablico manifestar seu\u00a0<strong>apoio \u00e0 investiga\u00e7\u00e3o realizada pela Pol\u00edcia Federal<\/strong>\u00a0a fim de apurar a inser\u00e7\u00e3o de dados adulterados de vacina\u00e7\u00e3o nos sistemas do Minist\u00e9rio da Sa\u00fade. Os mandados de pris\u00e3o foram expedidos no bojo do\u00a0<strong>Inqu\u00e9rito das Mil\u00edcias Digitais<\/strong>\u00a0(INQ 4874) instaurado a pedido do Minist\u00e9rio P\u00fablico Federal, e deferidos pelo Ministro Alexandre de Moraes, do Supremo Tribunal Federal, na medida em que os dados do certificado de vacina\u00e7\u00e3o envolvendo o ex-Presidente Jair Bolsonaro, seus assessores e seus familiares, teriam sido adulterados para viabilizar o seu ingresso nos Estados Unidos. Segundo dados da Pol\u00edcia Federal, \u201cas inser\u00e7\u00f5es falsas, que ocorreram entre novembro de 2021 e dezembro de 2022, tiveram como consequ\u00eancia a altera\u00e7\u00e3o da verdade sobre fato juridicamente relevante, qual seja, a condi\u00e7\u00e3o de imunizado contra a Covid-19 dos benefici\u00e1rios. Com isso, tais pessoas puderam emitir os respectivos certificados de vacina\u00e7\u00e3o e utiliz\u00e1-los para burlarem as restri\u00e7\u00f5es sanit\u00e1rias vigentes impostas pelos Poderes P\u00fablicos (Brasil e Estados Unidos) destinadas a impedir a propaga\u00e7\u00e3o de doen\u00e7a contagiosa, no caso, a pandemia de Covid-19\u201d. A Pol\u00edcia Federal tamb\u00e9m informou que o objetivo da falsifica\u00e7\u00e3o seria \u201c<strong>manter coeso o elemento identit\u00e1rio em rela\u00e7\u00e3o a suas pautas ideol\u00f3gicas<\/strong>\u201d, bem como \u201c<strong>sustentar o discurso voltado aos ataques \u00e0 vacina\u00e7\u00e3o contra a Covid-19<\/strong>\u201d.<\/p>\n<p style=\"text-align: justify;\">A opera\u00e7\u00e3o, que recebeu o nome\u00a0<strong><em>Venire<\/em><\/strong>, apura as seguintes infra\u00e7\u00f5es: infra\u00e7\u00e3o de medida sanit\u00e1ria preventiva (art. 268, do C\u00f3digo Penal), associa\u00e7\u00e3o criminosa (art. 288, do C\u00f3digo Penal), inser\u00e7\u00e3o de dados falsos em sistemas de informa\u00e7\u00e3o (art. 313-A, do C\u00f3digo Penal) e corrup\u00e7\u00e3o de menores (art. 244-B do Estatuto da Crian\u00e7a e do Adolescente).<\/p>\n<p style=\"text-align: justify;\">A despeito da negativa do ex-Presidente, apurou-se que teriam sido forjados os certificados de vacina\u00e7\u00e3o do ex-presidente Jair Bolsonaro, da filha de Bolsonaro, hoje com 12 anos de idade, e do ex-ajudante de ordens Mauro Cid Barbosa, da mulher e da filha dele.<\/p>\n<p style=\"text-align: justify;\">N\u00f3s, da AVICO BRASIL, h\u00e1 muito sustentamos que o Brasil alcan\u00e7ou a triste marca de mais de 700 mil mortos pela Covid-19 em raz\u00e3o da\u00a0<strong>estrat\u00e9gia de necropol\u00edtica adotada pelo Governo Federal sob o comando do ex-Presidente da Rep\u00fablica, Jair Bolsonaro<\/strong>. Sua conduta absolutamente criminosa consubstanciou uma grave viola\u00e7\u00e3o de direitos humanos e pode at\u00e9 mesmo ser discutida sob a moldura de crimes contra a humanidade.<\/p>\n<p style=\"text-align: justify;\">A AVICO BRASIL entende que os mandados de pris\u00e3o e busca e apreens\u00e3o realizados pela Pol\u00edcia Federal na resid\u00eancia do ex-presidente e de seu assessor est\u00e3o em conson\u00e2ncia com o irrestrito respeito ao\u00a0<strong>devido processo legal<\/strong>, constitucionalmente assegurado no art. 5\u00ba, inciso LIV, da Magna Carta, em que \u201cningu\u00e9m ser\u00e1 privado da liberdade ou de seus bens sem o devido processo legal\u201d, uma vez que o pedido foi devidamente referendado pelo Ministro Alexandre de Moraes, tendo todos os requisitos preenchidos para seu deferimento.<\/p>\n<p style=\"text-align: justify;\">Pelas mais de 700 mil v\u00edtimas da Covid-19, pelos mais de 5 milh\u00f5es de brasileiros(as) enlutados(as), queremos justi\u00e7a! E jamais aceitaremos anistia acerca dos crimes cometidos pelo ex-Presidente da Rep\u00fablica e sua gest\u00e3o!<\/p>\n","protected":false},"excerpt":{"rendered":"<p>A AVICO BRASIL, entidade da sociedade civil organizada, vem a p\u00fablico manifestar seu\u00a0apoio \u00e0 investiga\u00e7\u00e3o realizada pela Pol\u00edcia Federal\u00a0a fim de apurar a inser\u00e7\u00e3o de dados adulterados de vacina\u00e7\u00e3o nos sistemas do Minist\u00e9rio da Sa\u00fade. Os mandados de pris\u00e3o foram expedidos no bojo do\u00a0Inqu\u00e9rito das Mil\u00edcias Digitais\u00a0(INQ 4874) instaurado a pedido do Minist\u00e9rio P\u00fablico Federal, [&hellip;]<\/p>\n","protected":false},"author":2,"featured_media":114163,"comment_status":"open","ping_status":"open","sticky":false,"template":"","format":"standard","meta":[],"categories":[95,105],"tags":[1070,694,496,555],"_links":{"self":[{"href":"https:\/\/www.blogdopaulonunes.com\/v5\/index.php\/wp-json\/wp\/v2\/posts\/114162"}],"collection":[{"href":"https:\/\/www.blogdopaulonunes.com\/v5\/index.php\/wp-json\/wp\/v2\/posts"}],"about":[{"href":"https:\/\/www.blogdopaulonunes.com\/v5\/index.php\/wp-json\/wp\/v2\/types\/post"}],"author":[{"embeddable":true,"href":"https:\/\/www.blogdopaulonunes.com\/v5\/index.php\/wp-json\/wp\/v2\/users\/2"}],"replies":[{"embeddable":true,"href":"https:\/\/www.blogdopaulonunes.com\/v5\/index.php\/wp-json\/wp\/v2\/comments?post=114162"}],"version-history":[{"count":1,"href":"https:\/\/www.blogdopaulonunes.com\/v5\/index.php\/wp-json\/wp\/v2\/posts\/114162\/revisions"}],"predecessor-version":[{"id":114164,"href":"https:\/\/www.blogdopaulonunes.com\/v5\/index.php\/wp-json\/wp\/v2\/posts\/114162\/revisions\/114164"}],"wp:featuredmedia":[{"embeddable":true,"href":"https:\/\/www.blogdopaulonunes.com\/v5\/index.php\/wp-json\/wp\/v2\/media\/114163"}],"wp:attachment":[{"href":"https:\/\/www.blogdopaulonunes.com\/v5\/index.php\/wp-json\/wp\/v2\/media?parent=114162"}],"wp:term":[{"taxonomy":"category","embeddable":true,"href":"https:\/\/www.blogdopaulonunes.com\/v5\/index.php\/wp-json\/wp\/v2\/categories?post=114162"},{"taxonomy":"post_tag","embeddable":true,"href":"https:\/\/www.blogdopaulonunes.com\/v5\/index.php\/wp-json\/wp\/v2\/tags?post=114162"}],"curies":[{"name":"wp","href":"https:\/\/api.w.org\/{rel}","templated":true}]}}