{"id":114113,"date":"2023-04-28T19:27:14","date_gmt":"2023-04-28T22:27:14","guid":{"rendered":"https:\/\/www.blogdopaulonunes.com\/v5\/?p=114113"},"modified":"2023-05-01T19:33:28","modified_gmt":"2023-05-01T22:33:28","slug":"embasa-inicia-elaboracao-de-projeto-para-abastecimento-de-agua-em-cercadinho-inhobim-e-cabeceira-do-jiboia","status":"publish","type":"post","link":"https:\/\/www.blogdopaulonunes.com\/v5\/index.php\/2023\/04\/28\/embasa-inicia-elaboracao-de-projeto-para-abastecimento-de-agua-em-cercadinho-inhobim-e-cabeceira-do-jiboia\/","title":{"rendered":"Embasa inicia elabora\u00e7\u00e3o de projeto para abastecimento de \u00e1gua em Cercadinho, Inhobim e Cabeceira do Jiboia"},"content":{"rendered":"<p style=\"text-align: justify;\">\nO desejo dos moradores dos povoados de tr\u00eas distritos conquistenses- Cercadinho, Inhobim e Cabeceira da Jiboia- de ter \u00e1gua de qualidade est\u00e1 pr\u00f3ximo de ser alcan\u00e7ado, pois a Embasa acaba de contratar a empresa que vai elaborar o projeto para implanta\u00e7\u00e3o do Sistema de Abastecimento de \u00e1gua nessas localidades.<br \/>\nEssa \u00e9 uma reivindica\u00e7\u00e3o antiga dessas comunidades rurais e vem sendo apresentada e acompanhada h\u00e1 muito tempo pelos Deputados Z\u00e9 Raimundo e Waldenor Pereira junto ao governo do estado e \u00e0 Embasa. Foram v\u00e1rias gest\u00f5es dos dois parlamentares nesse sentido, entre of\u00edcios, reuni\u00f5es, audi\u00eancia e indica\u00e7\u00e3o ao governador do estado, como tamb\u00e9m na Embasa, como registra a foto de um desses entros, com superintendente de Opera\u00e7\u00e3o da Regi\u00e3o Sul, Polyana Carvalho.<br \/>\nZ\u00e9 Raimundo lembra dessas a\u00e7\u00f5es e tamb\u00e9m de outras iniciativas dele e de Waldenor Pereira para beneficiar v\u00e1rios distritos e povoados de Vit\u00f3ria da Conquista, assegurando o acesso \u00e0 \u00e1gua. Exemplo disso s\u00e3o as localidades de S\u00e3o Sebasti\u00e3o, Veredinha, S\u00e3o Joaquim, Capinal, Lagoa de Maria Clem\u00eancia e dezenas de outras, onde foram abertos po\u00e7os artesianos e constru\u00eddas aguadas, al\u00e9m de cisternas para capta\u00e7\u00e3o de \u00e1gua da chuva.<br \/>\nA empresa que vai elaborar o projeto b\u00e1sico \u00e9 a Almeida Rocha Engenharia, conforme informa\u00e7\u00e3o oficial da Embasa, p\u00fablicada na \u00faltima quarta-feira, 26\/04, e j\u00e1 tem contrato assinado (460020245) com a Embasa. O projeto vai custar 247 mil 910 reais aos cofres do estado, sendo o primeiro passo para visando \u00e0 implanta\u00e7\u00e3o do sistema de \u00e1gua.<br \/>\nA Iniciativa da Embasa j\u00e1 era esperada e foi destacada pelos deputados: \u201cO projeto b\u00e1sico \u00e9 o primeiro passo para que tenhamos clareza do tamanho, benef\u00edcio, o custo da obra e como ser\u00e1 executada\u201d, esclarece Z\u00e9 Raimundo; \u201co que nos deixa feliz e confiante \u00e9 o compromisso do nosso governo com a\u00e7\u00f5es que que melhoram a vida da maioria do povo, como o abastecimento de \u00e1gua que vai assegurar seguran\u00e7a h\u00eddrica \u00e0 popula\u00e7\u00e3o que vive nestes importantes distritos de Vit\u00f3ria da Conquista\u201d, exalta Waldenor.<\/p>\n","protected":false},"excerpt":{"rendered":"<p>O desejo dos moradores dos povoados de tr\u00eas distritos conquistenses- Cercadinho, Inhobim e Cabeceira da Jiboia- de ter \u00e1gua de qualidade est\u00e1 pr\u00f3ximo de ser alcan\u00e7ado, pois a Embasa acaba de contratar a empresa que vai elaborar o projeto para implanta\u00e7\u00e3o do Sistema de Abastecimento de \u00e1gua nessas localidades. Essa \u00e9 uma reivindica\u00e7\u00e3o antiga dessas [&hellip;]<\/p>\n","protected":false},"author":2,"featured_media":114114,"comment_status":"open","ping_status":"open","sticky":false,"template":"","format":"standard","meta":[],"categories":[81,105],"tags":[1024,1023,147,1025],"_links":{"self":[{"href":"https:\/\/www.blogdopaulonunes.com\/v5\/index.php\/wp-json\/wp\/v2\/posts\/114113"}],"collection":[{"href":"https:\/\/www.blogdopaulonunes.com\/v5\/index.php\/wp-json\/wp\/v2\/posts"}],"about":[{"href":"https:\/\/www.blogdopaulonunes.com\/v5\/index.php\/wp-json\/wp\/v2\/types\/post"}],"author":[{"embeddable":true,"href":"https:\/\/www.blogdopaulonunes.com\/v5\/index.php\/wp-json\/wp\/v2\/users\/2"}],"replies":[{"embeddable":true,"href":"https:\/\/www.blogdopaulonunes.com\/v5\/index.php\/wp-json\/wp\/v2\/comments?post=114113"}],"version-history":[{"count":1,"href":"https:\/\/www.blogdopaulonunes.com\/v5\/index.php\/wp-json\/wp\/v2\/posts\/114113\/revisions"}],"predecessor-version":[{"id":114115,"href":"https:\/\/www.blogdopaulonunes.com\/v5\/index.php\/wp-json\/wp\/v2\/posts\/114113\/revisions\/114115"}],"wp:featuredmedia":[{"embeddable":true,"href":"https:\/\/www.blogdopaulonunes.com\/v5\/index.php\/wp-json\/wp\/v2\/media\/114114"}],"wp:attachment":[{"href":"https:\/\/www.blogdopaulonunes.com\/v5\/index.php\/wp-json\/wp\/v2\/media?parent=114113"}],"wp:term":[{"taxonomy":"category","embeddable":true,"href":"https:\/\/www.blogdopaulonunes.com\/v5\/index.php\/wp-json\/wp\/v2\/categories?post=114113"},{"taxonomy":"post_tag","embeddable":true,"href":"https:\/\/www.blogdopaulonunes.com\/v5\/index.php\/wp-json\/wp\/v2\/tags?post=114113"}],"curies":[{"name":"wp","href":"https:\/\/api.w.org\/{rel}","templated":true}]}}