{"id":113939,"date":"2023-04-19T10:23:10","date_gmt":"2023-04-19T13:23:10","guid":{"rendered":"https:\/\/www.blogdopaulonunes.com\/v5\/?p=113939"},"modified":"2023-04-19T10:23:10","modified_gmt":"2023-04-19T13:23:10","slug":"cnn-exclusivo-imagens-mostram-baixo-contingente-de-seguranca-no-planalto-e-atuacao-do-gsi-no-8-de-janeiro","status":"publish","type":"post","link":"https:\/\/www.blogdopaulonunes.com\/v5\/index.php\/2023\/04\/19\/cnn-exclusivo-imagens-mostram-baixo-contingente-de-seguranca-no-planalto-e-atuacao-do-gsi-no-8-de-janeiro\/","title":{"rendered":"CNN Exclusivo: imagens mostram baixo contingente de seguran\u00e7a no Planalto e atua\u00e7\u00e3o do GSI no 8 de janeiro"},"content":{"rendered":"<p>CNN teve acesso com exclusividade a imagens de 22 c\u00e2meras de seguran\u00e7a do Pal\u00e1cio do Planalto no dia dos ataques<\/p>\n<p><iframe loading=\"lazy\" title=\"YouTube video player\" src=\"https:\/\/www.youtube.com\/embed\/14hwG4RtnBg\" width=\"560\" height=\"315\" frameborder=\"0\" allowfullscreen=\"allowfullscreen\"><\/iframe><br \/>\nImagens externas das c\u00e2meras de seguran\u00e7a do Pal\u00e1cio do Planalto mostram que no dia dos atos criminosos, em 8 de janeiro, \u00e0s 14h55, carros de apoio da pol\u00edcia deixam uma das vias que d\u00e1 acesso \u00e0 Pra\u00e7a dos Tr\u00eas Poderes, em Bras\u00edlia.<\/p>\n<p style=\"text-align: justify;\">Homens que formavam uma barreira de escudo na via recuaram enquanto manifestantes estavam a caminho do Pal\u00e1cio do Planalto.<\/p>\n<p style=\"text-align: justify;\">\u00c0s 15h01, um primeiro grupo invade com facilidade o estacionamento do Pal\u00e1cio do Planalto. Os invasores pulam uma cerca. Ap\u00f3s a invas\u00e3o, seguran\u00e7as \u2014 na \u00e1rea do estacionamento \u2014 formam um cord\u00e3o de isolamento, mas a v\u00e1rios metros de dist\u00e2ncia dos invasores, que seguem pelo gramado para a \u00e1rea detr\u00e1s do pal\u00e1cio. Nesse momento, apenas dois integrantes do GSI aparecem nas imagens, sem agir.<\/p>\n<p style=\"text-align: justify;\">\u00c0s 15h19, militares deixam uma das salas do Gabinete de Seguran\u00e7a Institucional no t\u00e9rreo e seguem para o subsolo do pr\u00e9dio. As imagens registram militares na sala apenas \u00e0s 16h31.<\/p>\n<p style=\"text-align: justify;\">Minutos depois, invasores chegam \u00e0 sala. Uma das paredes de vidro tamb\u00e9m \u00e9 quebrada por criminosos que est\u00e3o do lado de fora.<\/p>\n<p style=\"text-align: justify;\">Na entrada principal, um \u00fanico seguran\u00e7a que estava sentado \u00e0 mesa deixa o posto e segue para a \u00e1rea leste do pal\u00e1cio com outros militares. A porta principal foi fechada dois minutos ap\u00f3s invasores ocuparem o estacionamento.<\/p>\n<p style=\"text-align: justify;\">A tropa de choque se dirigiu para a porta de entrada, mas os invasores quebraram vidros do lado oeste do pal\u00e1cio e conseguiram entrar pela lateral e por detr\u00e1s.<\/p>\n<p style=\"text-align: justify;\">Em v\u00e1rios momentos, imagens internas das c\u00e2meras de seguran\u00e7a mostram invasores e integrantes do GSI circulando no Pal\u00e1cio do Planalto. Um grupo de invasores usa os elevadores, mas os integrantes correm ap\u00f3s dois seguran\u00e7as do GSI irem atr\u00e1s com um extintor de inc\u00eandio.<\/p>\n<p style=\"text-align: justify;\">Em outro trecho das imagens, no entanto, v\u00e1rios integrantes do GSI deixam o segundo andar e entram no elevador. Minutos depois, pode-se ver a presen\u00e7a de invasores no mesmo local. A c\u00e2mera em poucos minutos \u00e9 quebrada por um dos criminosos.<\/p>\n<p style=\"text-align: justify;\">C\u00e2meras tamb\u00e9m registram homens do GSI recolhendo extintores e mastros de bandeira.<\/p>\n<p style=\"text-align: justify;\">A\u00a0<strong>CNN<\/strong>\u00a0entrou em contato com o Gabinete de Seguran\u00e7a Intitucional, no entanto, n\u00e3o obtivemos resposta at\u00e9 o fechamento desta reportagem.<\/p>\n","protected":false},"excerpt":{"rendered":"<p>CNN teve acesso com exclusividade a imagens de 22 c\u00e2meras de seguran\u00e7a do Pal\u00e1cio do Planalto no dia dos ataques Imagens externas das c\u00e2meras de seguran\u00e7a do Pal\u00e1cio do Planalto mostram que no dia dos atos criminosos, em 8 de janeiro, \u00e0s 14h55, carros de apoio da pol\u00edcia deixam uma das vias que d\u00e1 acesso [&hellip;]<\/p>\n","protected":false},"author":2,"featured_media":113940,"comment_status":"open","ping_status":"open","sticky":false,"template":"","format":"standard","meta":[],"categories":[127,72],"tags":[610,939,620,940,782,389],"_links":{"self":[{"href":"https:\/\/www.blogdopaulonunes.com\/v5\/index.php\/wp-json\/wp\/v2\/posts\/113939"}],"collection":[{"href":"https:\/\/www.blogdopaulonunes.com\/v5\/index.php\/wp-json\/wp\/v2\/posts"}],"about":[{"href":"https:\/\/www.blogdopaulonunes.com\/v5\/index.php\/wp-json\/wp\/v2\/types\/post"}],"author":[{"embeddable":true,"href":"https:\/\/www.blogdopaulonunes.com\/v5\/index.php\/wp-json\/wp\/v2\/users\/2"}],"replies":[{"embeddable":true,"href":"https:\/\/www.blogdopaulonunes.com\/v5\/index.php\/wp-json\/wp\/v2\/comments?post=113939"}],"version-history":[{"count":1,"href":"https:\/\/www.blogdopaulonunes.com\/v5\/index.php\/wp-json\/wp\/v2\/posts\/113939\/revisions"}],"predecessor-version":[{"id":113941,"href":"https:\/\/www.blogdopaulonunes.com\/v5\/index.php\/wp-json\/wp\/v2\/posts\/113939\/revisions\/113941"}],"wp:featuredmedia":[{"embeddable":true,"href":"https:\/\/www.blogdopaulonunes.com\/v5\/index.php\/wp-json\/wp\/v2\/media\/113940"}],"wp:attachment":[{"href":"https:\/\/www.blogdopaulonunes.com\/v5\/index.php\/wp-json\/wp\/v2\/media?parent=113939"}],"wp:term":[{"taxonomy":"category","embeddable":true,"href":"https:\/\/www.blogdopaulonunes.com\/v5\/index.php\/wp-json\/wp\/v2\/categories?post=113939"},{"taxonomy":"post_tag","embeddable":true,"href":"https:\/\/www.blogdopaulonunes.com\/v5\/index.php\/wp-json\/wp\/v2\/tags?post=113939"}],"curies":[{"name":"wp","href":"https:\/\/api.w.org\/{rel}","templated":true}]}}