{"id":113934,"date":"2023-04-19T10:02:45","date_gmt":"2023-04-19T13:02:45","guid":{"rendered":"https:\/\/www.blogdopaulonunes.com\/v5\/?p=113934"},"modified":"2023-04-19T10:02:45","modified_gmt":"2023-04-19T13:02:45","slug":"tortura-e-escravidao-estudo-detalha-cadeias-para-indigenas-na-ditadura","status":"publish","type":"post","link":"https:\/\/www.blogdopaulonunes.com\/v5\/index.php\/2023\/04\/19\/tortura-e-escravidao-estudo-detalha-cadeias-para-indigenas-na-ditadura\/","title":{"rendered":"Tortura e &#8216;escravid\u00e3o&#8217;: estudo detalha cadeias para ind\u00edgenas na ditadura"},"content":{"rendered":"<div class=\"collection-standard-topoPage\">\n<div class=\"blog-header \" data-blogname=\"false\">\n<div class=\"blogger\">\n<div class=\"container\">\n<div class=\"row\">\n<div class=\"blogger-info \">\n<div class=\"blogger-info-box\"><\/div>\n<\/div>\n<\/div>\n<\/div>\n<\/div>\n<\/div>\n<\/div>\n<div class=\"collection-standard\">\n<article class=\"article-image-content container  article article-wrapper noticias scroll-base clearfix collection-item collection-first-item\" data-loaded=\"true\" data-url=\"https:\/\/noticias.uol.com.br\/colunas\/carlos-madeiro\/2023\/04\/19\/tortura-e-escravidao-estudo-detalha-cadeias-indigenas-da-ditadura-em-mg.htm\">\n<div class=\"\">\n<div class=\"row\">\n<div class=\"col-sm-24 col-md-16 col-lg-17 content-article\">\n<div class=\"row\">\n<div class=\"col-xs-8 col-sm-21 col-md-21\">\n<div class=\"image-content-pad\">\n<header class=\"col-sm-14 col-lg-13\">\n<div class=\"slot-e\"><\/div>\n<\/header>\n<figure class=\"photo col-xs-8 col-sm-10 col-lg-11 representative crop-450x450 figure\">\n<div class=\"image bg\"><picture><source srcset=\"https:\/\/conteudo.imguol.com.br\/c\/noticias\/b5\/2023\/04\/18\/predio-em-que-indigenas-ficaram-presos-na-antiga-fazenda-guarani-em-carmesia-mg-1681853078019_v2_450x450.jpg.webp\" type=\"image\/webp\" \/><source srcset=\"https:\/\/conteudo.imguol.com.br\/c\/noticias\/b5\/2023\/04\/18\/predio-em-que-indigenas-ficaram-presos-na-antiga-fazenda-guarani-em-carmesia-mg-1681853078019_v2_450x450.jpg\" type=\"image\/jpeg\" \/><\/picture>\n<div class=\"pinit-wraper\"><\/div>\n<\/div><figcaption class=\"container bottom-title\">Pr\u00e9dio em que ind\u00edgenas ficaram presos na antiga Fazenda Guarani, em Carm\u00e9sia (MG)Imagem: Pedro Maguire<\/figcaption><\/figure>\n<div class=\"  author  has-image\" data-src=\"mouseover\"><img class=\"img-author mask-circle\" src=\"https:\/\/conteudo.imguol.com.br\/0d\/2022\/02\/02\/carlos-madeiro-150-1643816038527_150x150.jpg\" \/><\/p>\n<div class=\"tooltip-container \">\n<div class=\"w-tooltip single\" data-config=\"[{&quot;first&quot;:true,&quot;title&quot;:&quot;Carlos Madeiro&quot;,&quot;description&quot;:&quot;Formado em jornalismo  pela Universidade Federal de Alagoas e com especializa\u00e7\u00e3o em gest\u00e3o de conte\u00fado em jornalismo pela Universidade Mackenzie, Carlos Madeiro atua h\u00e1 20 anos e escreve para o UOL desde 2009, participando de grandes coberturas e fazendo reportagens e an\u00e1lises sobre o Nordeste e o Norte do Brasil.&quot;,&quot;image&quot;:{&quot;sizes&quot;:{&quot;personalizado&quot;:&quot;&quot;,&quot;original&quot;:&quot;150x150&quot;},&quot;height&quot;:&quot;&quot;,&quot;width&quot;:&quot;&quot;,&quot;crops&quot;:&quot;80x80;142x100;150x150&quot;,&quot;src&quot;:&quot;http:\/\/conteudo.imguol.com.br\/0d\/2022\/02\/02\/carlos-madeiro-150-1643816038527_150x150.jpg&quot;,&quot;type&quot;:&quot;&quot;,&quot;credit&quot;:&quot;&quot;,&quot;classe&quot;:&quot;img-author mask-circle&quot;},&quot;link&quot;:&quot;https:\/\/noticias.uol.com.br\/colunas\/carlos-madeiro\/&quot;,&quot;email&quot;:&quot;&quot;,&quot;disclaimer&quot;:&quot;** Este texto n\u00e3o reflete, necessariamente, a opini\u00e3o do UOL.&quot;}]\">\n<h5 class=\"open-tooltip\"><a title=\"Carlos Madeiro\" href=\"https:\/\/noticias.uol.com.br\/colunas\/carlos-madeiro\/\">Carlos Madeiro<\/a><\/h5>\n<\/div>\n<\/div>\n<\/div>\n<div class=\"text has-image \">\n<p style=\"text-align: justify;\">Duas cadeias montadas no interior de Minas Gerais foram usadas para manter presos ao menos 400 ind\u00edgenas de todo o pa\u00eds durante a ditadura militar. L\u00e1 eles foram submetidos a torturas e trabalho for\u00e7ado \u2014chamado pelos pr\u00f3prios ind\u00edgenas de &#8220;escravid\u00e3o&#8221;. Os detalhes de como funcionaram os pr\u00e9dios foram tema de pesquisa do antrop\u00f3logo Pedro Pablo Ferm\u00edn Maguire.<\/p>\n<h2>Que pr\u00e9dios s\u00e3o esses?<\/h2>\n<p style=\"text-align: justify;\"><span class=\"topicText\"><strong>A primeira cadeia foi instalada em 1968 e funcionou at\u00e9 1972 na terra do povo Krenak<\/strong>, \u00e0s margens do rio Doce, no munic\u00edpio de Resplendor (MG). O local era chamado de reformat\u00f3rio. L\u00e1 foram detidos 94 ind\u00edgenas de 15 etnias, espalhadas por ao menos 11 estados do pa\u00eds.<\/span><\/p>\n<div id=\"magazine-cover\" class=\"magazine-cover\" data-google-query-id=\"CKWhyof_tf4CFZQjuQYd2qgJCg\">\n<div id=\"google_ads_iframe_\/8804\/uol\/magazine_cover\/noticias_0__container__\"><\/div>\n<\/div>\n<p><span class=\"topicText\"><strong>Em 1972, a segunda cadeia foi montada, ap\u00f3s a desativa\u00e7\u00e3o da primeira.<\/strong><strong>\u00a0<\/strong>O local foi a fazenda Guarani, em Carm\u00e9sia (MG), onde vive o povo Patax\u00f3.<\/span><\/p>\n<p><span class=\"topicText\"><strong>O pr\u00e9dio usado em Carm\u00e9sia era um que escravos usaram d\u00e9cadas anteriores.<\/strong><strong>\u00a0<\/strong>O pres\u00eddio funcionou at\u00e9 1979, com cerca de 300 detidos nos sete anos de exist\u00eancia.<\/span><\/p>\n<p><span class=\"topicText\"><strong>Nesses pr\u00e9dios duas pessoas morreram e outra desapareceu, segundo investiga\u00e7\u00e3o do MPF (Minist\u00e9rio P\u00fablico Federal)<\/strong><strong>.<\/strong><\/span><\/p>\n<p><strong><span class=\"topicText\">Em ambos os locais, a tortura ocorria por meio de espancamentos frequentes.<\/span><\/strong><\/p>\n<p><span class=\"topicText\">Quem tomava conta do local e praticava castigos era a Guarda Rural Ind\u00edgena, formada por militares e ind\u00edgenas ligados \u00e0 PM de MG.<\/span><\/p>\n<h2>Qual \u00e9 a pesquisa<\/h2>\n<p style=\"text-align: justify;\"><span class=\"topicText\"><strong>Os estudos resultaram em tese de doutorado em Antropologia pela UFMG (Universidade Federal de Minas Gerais).<\/strong><\/span><\/p>\n<p style=\"text-align: justify;\"><span class=\"topicText\">O trabalho foi na \u00e1rea de arqueologia hist\u00f3rica e contempor\u00e2nea. O t\u00edtulo \u00e9 &#8220;Foi a escravid\u00e3o&#8221;, uma refer\u00eancia \u00e0s falas ditas por pessoas que viveram aquela \u00e9poca.<\/span><\/p>\n<p><cite>Nas cadeias imperou um regime de terror, trabalhos for\u00e7ados e torturas.<\/cite><strong>Tese de doutorado de Pedro Maguire<\/strong><\/p>\n<div class=\"photoembed-wrapper\">\n<figure class=\"photo photo-embed no-gutter col-sm-24  crop-750x421 limit-crop  figure\" data-format=\"horizontal\">\n<div class=\"image bg\">\n<div class=\"placeholder\">\n<div class=\"pinit-wraper\"><img loading=\"lazy\" class=\"pinit-img loaded\" src=\"https:\/\/conteudo.imguol.com.br\/c\/noticias\/7e\/2023\/04\/18\/lado-exterior-da-cela-fotografados-por-pedro-maguire-1681856543182_v2_750x421.jpg.webp\" alt=\"Lado exterior da cela fotografados por Pedro Maguire - Tese de Pedro Maguire - Tese de Pedro Maguire\" width=\"750\" height=\"421\" data-src=\"https:\/\/conteudo.imguol.com.br\/c\/noticias\/7e\/2023\/04\/18\/lado-exterior-da-cela-fotografados-por-pedro-maguire-1681856543182_v2_750x421.jpg.webp\" data-crop=\"{&quot;xs&quot;:&quot;450x253&quot;,&quot;sm&quot;:&quot;750x421&quot;,&quot;md&quot;:&quot;600x337&quot;,&quot;lg&quot;:&quot;750x421&quot;}\" data-crazyload=\"loaded\" \/><\/div>\n<div class=\"slot-a\"><\/div>\n<\/div>\n<\/div><figcaption class=\"container bottom-title\">\n<div>Lado exterior de celas do &#8220;reformat\u00f3rio&#8221;<\/div>\n<p>Imagem: Tese de Pedro Maguire<\/figcaption><\/figure>\n<\/div>\n<h2>&#8220;Escravid\u00e3o&#8221; dos ind\u00edgenas<\/h2>\n<p style=\"text-align: justify;\">Segundo os relatos colhidos por Maguire, os prisioneiros viviam em &#8220;um regime de exce\u00e7\u00e3o sem garantias processuais, tipos penais nem senten\u00e7as definidas&#8221;.<\/p>\n<p style=\"text-align: justify;\">Os entrevistados classificaram o regime como &#8220;escravid\u00e3o do \u00edndio&#8221; e citaram que, al\u00e9m das pris\u00f5es arbitr\u00e1rias e torturas, havia roubo das terras. Relataram tamb\u00e9m que o trabalho escravo ocorria sob ordens de Manoel dos Santos Pinheiro, o &#8216;Capit\u00e3o Pinheiro&#8217;, ligado \u00e0 PM.<\/p>\n<p style=\"text-align: justify;\"><cite>Refizemos na pesquisa os mapas dos pr\u00e9dios. As pessoas entravam e ocupavam logo as celas menores. Com o tempo, eles &#8216;graduavam&#8217;, e a guarda deixava ocupar celas maiores e circular pelo local de maneira menos ostensiva.&#8221;<\/cite><strong>Pedro Maguire, em fala ao podcast &#8220;Aqui tem Ci\u00eancia&#8221;, da UFMG<\/strong><\/p>\n<p style=\"text-align: justify;\">Essa evolu\u00e7\u00e3o, conta o pesquisador, &#8220;premiava&#8221; aqueles que tivessem um &#8220;bom comportamento&#8221;. Segundo Maguire, no pres\u00eddio em Carm\u00e9sia,<strong>\u00a0<\/strong>por exemplo, o tamanho era:<\/p>\n<ul>\n<li><strong>Cela maior:\u00a0<\/strong>4,55 m x 3,3 m<\/li>\n<li><strong>Cela intermedi\u00e1ria:<\/strong>\u00a03,3 x 2,4 m<\/li>\n<li><strong>Cela menor:\u00a0<\/strong>2,5 m x 1,55 m<\/li>\n<\/ul>\n<p style=\"text-align: justify;\"><cite>Com os internos obrigados a trabalhar em condi\u00e7\u00f5es an\u00e1logas \u00e0 escravid\u00e3o, v\u00e1rias mulheres do povo Krenak ca\u00edram tamb\u00e9m na rede das puni\u00e7\u00f5es e trabalhos sob um regime disciplinar f\u00e9rreo. A tortura, sob a forma de espancamentos cometidos com o intuito de aterrorizar, atingiu v\u00e1rias pessoas do povo Krenak.&#8221;<\/cite><strong>Tese de doutorado de Pedro Maguire<\/strong><\/p>\n<p style=\"text-align: justify;\">J\u00e1 no reformat\u00f3rio havia uma &#8220;s\u00e9rie de comportamentos n\u00e3o tipificados, sem nenhum processo legal, muito menos garantias&#8221;.<\/p>\n<p style=\"text-align: justify;\"><cite>Nele foi frequente o uso de celas em condi\u00e7\u00f5es equivalentes \u00e0 tortura. Os prisioneiros dependiam, para sua liberta\u00e7\u00e3o, da avalia\u00e7\u00e3o subjetiva dos seus guardas sobre o desempenho em trabalhos for\u00e7ados.&#8221;<\/cite><strong>Tese de doutorado de Pedro Maguire<\/strong><\/p>\n<h2>MPF apurou, Justi\u00e7a condenou<\/h2>\n<p>As cadeias ind\u00edgenas foram alvo de a\u00e7\u00e3o do MPF em Minas Gerais, que denunciou os governos brasileiro e mineiro.<\/p>\n<p style=\"text-align: justify;\">Em setembro de 2021, a ju\u00edza federal Anna Cristina Rocha Gon\u00e7alves\u00a0<a href=\"https:\/\/justicadetransicao.mpf.mp.br\/documentos-1\/sentenca-caso-krenak.pdf\">condenou a Uni\u00e3o e o governo de MG<\/a>\u00a0por viola\u00e7\u00f5es dos direitos humanos e civis do povo Krenak. A decis\u00e3o previu cerim\u00f4nias p\u00fablicas federal e estadual para que reconhecessem o erro \u2014o que ainda n\u00e3o ocorreu.<\/p>\n<h2>Imagem emblem\u00e1tica<\/h2>\n<p style=\"text-align: justify;\">Um dos fatos que chama a aten\u00e7\u00e3o na den\u00fancia do MPF \u00e9 a solenidade de formatura da 1\u00aa turma da Guarda Rural Ind\u00edgena, realizada em Belo Horizonte em fevereiro de 1970. L\u00e1 foi produzida uma das imagens mais emblem\u00e1ticas da ditadura: o desfile de ind\u00edgena amarrado em pau de arara (m\u00e9todo de tortura) e carregado por militares.<\/p>\n<div class=\"photoembed-wrapper\">\n<figure class=\"photo photo-embed no-gutter col-sm-24  crop-750x421 limit-crop  figure\" data-format=\"horizontal\">\n<div class=\"image bg\">\n<div class=\"placeholder\">\n<div class=\"pinit-wraper\"><img loading=\"lazy\" class=\"pinit-img loaded\" src=\"https:\/\/conteudo.imguol.com.br\/c\/noticias\/0e\/2023\/04\/18\/imagem-de-indigena-krenak-amarrado-a-um-pau-de-arara-em-desfile-em-belo-horizonte-imagem-foi-recuperada-por-jesco-von-puttmaker-em-seu-filme-arara-1681860623389_v2_750x421.jpg.webp\" alt=\"Imagem de ind\u00edgena Krenak amarrado a um pau-de-arara em desfile em Belo Horizonte. Imagem foi recuperada por Jesco Von Puttmaker em seu filme &quot;Arara&quot; - Reprodu\u00e7\u00e3o - Reprodu\u00e7\u00e3o\" width=\"750\" height=\"421\" data-src=\"https:\/\/conteudo.imguol.com.br\/c\/noticias\/0e\/2023\/04\/18\/imagem-de-indigena-krenak-amarrado-a-um-pau-de-arara-em-desfile-em-belo-horizonte-imagem-foi-recuperada-por-jesco-von-puttmaker-em-seu-filme-arara-1681860623389_v2_750x421.jpg.webp\" data-crop=\"{&quot;xs&quot;:&quot;450x253&quot;,&quot;sm&quot;:&quot;750x421&quot;,&quot;md&quot;:&quot;600x337&quot;,&quot;lg&quot;:&quot;750x421&quot;}\" data-crazyload=\"loaded\" \/><\/div>\n<div class=\"slot-a\"><\/div>\n<\/div>\n<\/div><figcaption class=\"container bottom-title\">\n<div>Ind\u00edgena Krenak amarrado a um pau de arara em desfile em Belo Horizonte. Imagem foi recuperada por Jesco Von Puttmaker em seu filme &#8220;Arara&#8221;<\/div>\n<p>Imagem: Reprodu\u00e7\u00e3o<\/figcaption><\/figure>\n<\/div>\n<h2>Comiss\u00e3o da verdade ind\u00edgena<\/h2>\n<p>Segundo o relat\u00f3rio da CNV (Comiss\u00e3o Nacional da Verdade), seis tipos de\u00a0<a href=\"https:\/\/noticias.uol.com.br\/ultimas-noticias\/agencia-brasil\/2023\/03\/29\/ditadura-militar-contribuiu-para-genocidio-dos-povos-indigenas.htm\">viola\u00e7\u00f5es foram praticadas contra os povos ind\u00edgenas na ditadura militar<\/a>:<\/p>\n<ul>\n<li>Remo\u00e7\u00f5es for\u00e7adas do territ\u00f3rio tradicional<\/li>\n<li>Usurpa\u00e7\u00e3o de trabalho ind\u00edgena e trabalho escravo<\/li>\n<li>Pris\u00f5es<\/li>\n<li>Tortura e maus tratos<\/li>\n<li>Desagrega\u00e7\u00e3o social<\/li>\n<li>Exterm\u00ednio<\/li>\n<\/ul>\n<p>No documento final, a CNV sugere uma nova comiss\u00e3o da verdade ind\u00edgena para investigar os crimes praticados durante a ditadura. A investiga\u00e7\u00e3o, por\u00e9m, nunca foi feita.<\/p>\n<h2>Press\u00e3o sobre governo Lula<\/h2>\n<p style=\"text-align: justify;\">H\u00e1 uma mobiliza\u00e7\u00e3o para pressionar o\u00a0<a href=\"https:\/\/noticias.uol.com.br\/politica\/governo-lula\/\">governo Lula<\/a>\u00a0a criar a comiss\u00e3o da verdade ind\u00edgena. Em\u00a0<a href=\"https:\/\/www.mpf.mp.br\/mg\/sala-de-imprensa\/docs\/2022\/prmg\/nota-tecnica-sobre-a-criacao-de-uma-comissao-nacional-indigena-da-verdade.pdf\" target=\"_blank\" rel=\"noopener\">nota t\u00e9cnica<\/a>, o MPF tamb\u00e9m se manifestou a favor.<\/p>\n<p style=\"text-align: justify;\">O tema ser\u00e1 discutido em audi\u00eancia p\u00fablica no dia 25 de abril na C\u00e2mara, que deve ouvir viola\u00e7\u00f5es cometidas durante a ditadura. A proposi\u00e7\u00e3o \u00e9 da deputada federal C\u00e9lia Xakriab\u00e1 (PSOL-MG).<\/p>\n<p style=\"text-align: justify;\">Segundo a CNV, pelo menos 8.350 ind\u00edgenas foram mortos no per\u00edodo de investiga\u00e7\u00e3o de seus trabalhos, mas diz que se trata de uma estimativa, e que mais apura\u00e7\u00f5es s\u00e3o necess\u00e1rias.<\/p>\n<\/div>\n<\/div>\n<\/div>\n<\/div>\n<\/div>\n<\/div>\n<\/div>\n<\/article>\n<\/div>\n","protected":false},"excerpt":{"rendered":"<p>Pr\u00e9dio em que ind\u00edgenas ficaram presos na antiga Fazenda Guarani, em Carm\u00e9sia (MG)Imagem: Pedro Maguire Carlos Madeiro Duas cadeias montadas no interior de Minas Gerais foram usadas para manter presos ao menos 400 ind\u00edgenas de todo o pa\u00eds durante a ditadura militar. L\u00e1 eles foram submetidos a torturas e trabalho for\u00e7ado \u2014chamado pelos pr\u00f3prios ind\u00edgenas [&hellip;]<\/p>\n","protected":false},"author":2,"featured_media":113935,"comment_status":"open","ping_status":"open","sticky":false,"template":"","format":"standard","meta":[],"categories":[933,71],"tags":[935,713,934,936,938,937],"_links":{"self":[{"href":"https:\/\/www.blogdopaulonunes.com\/v5\/index.php\/wp-json\/wp\/v2\/posts\/113934"}],"collection":[{"href":"https:\/\/www.blogdopaulonunes.com\/v5\/index.php\/wp-json\/wp\/v2\/posts"}],"about":[{"href":"https:\/\/www.blogdopaulonunes.com\/v5\/index.php\/wp-json\/wp\/v2\/types\/post"}],"author":[{"embeddable":true,"href":"https:\/\/www.blogdopaulonunes.com\/v5\/index.php\/wp-json\/wp\/v2\/users\/2"}],"replies":[{"embeddable":true,"href":"https:\/\/www.blogdopaulonunes.com\/v5\/index.php\/wp-json\/wp\/v2\/comments?post=113934"}],"version-history":[{"count":1,"href":"https:\/\/www.blogdopaulonunes.com\/v5\/index.php\/wp-json\/wp\/v2\/posts\/113934\/revisions"}],"predecessor-version":[{"id":113936,"href":"https:\/\/www.blogdopaulonunes.com\/v5\/index.php\/wp-json\/wp\/v2\/posts\/113934\/revisions\/113936"}],"wp:featuredmedia":[{"embeddable":true,"href":"https:\/\/www.blogdopaulonunes.com\/v5\/index.php\/wp-json\/wp\/v2\/media\/113935"}],"wp:attachment":[{"href":"https:\/\/www.blogdopaulonunes.com\/v5\/index.php\/wp-json\/wp\/v2\/media?parent=113934"}],"wp:term":[{"taxonomy":"category","embeddable":true,"href":"https:\/\/www.blogdopaulonunes.com\/v5\/index.php\/wp-json\/wp\/v2\/categories?post=113934"},{"taxonomy":"post_tag","embeddable":true,"href":"https:\/\/www.blogdopaulonunes.com\/v5\/index.php\/wp-json\/wp\/v2\/tags?post=113934"}],"curies":[{"name":"wp","href":"https:\/\/api.w.org\/{rel}","templated":true}]}}