{"id":113841,"date":"2023-04-12T12:54:41","date_gmt":"2023-04-12T15:54:41","guid":{"rendered":"https:\/\/www.blogdopaulonunes.com\/v5\/?p=113841"},"modified":"2023-04-12T12:54:41","modified_gmt":"2023-04-12T15:54:41","slug":"governo-lula-exonera-general-dutra-do-comando-militar-do-planalto-na-vespera-de-depoimento-a-pf","status":"publish","type":"post","link":"https:\/\/www.blogdopaulonunes.com\/v5\/index.php\/2023\/04\/12\/governo-lula-exonera-general-dutra-do-comando-militar-do-planalto-na-vespera-de-depoimento-a-pf\/","title":{"rendered":"Governo Lula exonera general Dutra do Comando Militar do Planalto na v\u00e9spera de depoimento \u00e0 PF"},"content":{"rendered":"<p style=\"text-align: justify;\">O general Gustavo Henrique Dutra de Menezes foi exonerado do Comando Militar do Planalto nesta ter\u00e7a-feira, 11, na v\u00e9spera do depoimento para o qual foi intimado a comparecer na Pol\u00edcia Federal. Os depoimentos de cerca de 80 militares sobre sua eventual participa\u00e7\u00e3o nos atos golpistas de 8 de janeiro foram iniciados na manh\u00e3 desta quarta-feira, 12, na Academia Nacional de Pol\u00edcia, em Bras\u00edlia.<\/p>\n<div class=\"teads-adCall\" style=\"text-align: justify;\"><\/div>\n<p style=\"text-align: justify;\">A decis\u00e3o publicada no\u00a0<i>Di\u00e1rio Oficial da Uni\u00e3o<\/i>\u00a0(DOU) acontece em meio \u00e0s acusa\u00e7\u00f5es de que o militar teria sido omisso no combate \u00e0s invas\u00f5es do 8 de janeiro, quando golpistas tomaram e depredaram os pr\u00e9dios do Supremo, Planalto e Congresso na Pra\u00e7a dos Tr\u00eas Poderes.<\/p>\n<p style=\"text-align: justify;\">Dutra era o chefe do CMP na ocasi\u00e3o e teria impedido o desmanche do acampamento instalado em frente ao Quartel-General da For\u00e7a na capital, e a pris\u00e3o dos radicais imediatamente ap\u00f3s os ataques. Como revelou o colunista Marcelo Godoy, a postura do general Dutra de Menezes n\u00e3o teria sido contr\u00e1ria \u00e0s pris\u00f5es, mas ao momento em que elas seriam feitas, na tentativa de evitar o agravamento do conflito.<\/p>\n<p style=\"text-align: justify;\">O Ex\u00e9rcito j\u00e1 havia comunicado, no dia 16 de fevereiro, que o general seria substitu\u00eddo no cargo, mas nada havia sido oficializado. Al\u00e9m dele, outros dois generais e dezenas de militares (cerca de 80 no total) foram convocados a prestar depoimento \u00e0 PF sobre os atos golpistas daquele dia por ordem do ministro Alexandre de Moraes, do Supremo Tribunal Federal.<\/p>\n<p style=\"text-align: justify;\">Conforme mostrou o\u00a0<b>Estad\u00e3o<\/b>, as investiga\u00e7\u00f5es sobre o caso tramitam em sigilo no STF. No despacho, Moraes argumentou que as suspeitas envolvem &#8216;crimes de militares&#8217;. Ao todo, 1.390 den\u00fancias foram apresentadas ao STF. At\u00e9 o momento, as acusa\u00e7\u00f5es atingem 239 investigados apontados como executores dos atos de vandalismo, 1.150 incitadores da ofensiva extremista e um policial legislativo acusado de suposta omiss\u00e3o ante a depreda\u00e7\u00e3o das sedes dos Tr\u00eas Poderes.<\/p>\n","protected":false},"excerpt":{"rendered":"<p>O general Gustavo Henrique Dutra de Menezes foi exonerado do Comando Militar do Planalto nesta ter\u00e7a-feira, 11, na v\u00e9spera do depoimento para o qual foi intimado a comparecer na Pol\u00edcia Federal. Os depoimentos de cerca de 80 militares sobre sua eventual participa\u00e7\u00e3o nos atos golpistas de 8 de janeiro foram iniciados na manh\u00e3 desta quarta-feira, [&hellip;]<\/p>\n","protected":false},"author":2,"featured_media":113842,"comment_status":"open","ping_status":"open","sticky":false,"template":"","format":"standard","meta":[],"categories":[75,105],"tags":[833,832,831,138,496],"_links":{"self":[{"href":"https:\/\/www.blogdopaulonunes.com\/v5\/index.php\/wp-json\/wp\/v2\/posts\/113841"}],"collection":[{"href":"https:\/\/www.blogdopaulonunes.com\/v5\/index.php\/wp-json\/wp\/v2\/posts"}],"about":[{"href":"https:\/\/www.blogdopaulonunes.com\/v5\/index.php\/wp-json\/wp\/v2\/types\/post"}],"author":[{"embeddable":true,"href":"https:\/\/www.blogdopaulonunes.com\/v5\/index.php\/wp-json\/wp\/v2\/users\/2"}],"replies":[{"embeddable":true,"href":"https:\/\/www.blogdopaulonunes.com\/v5\/index.php\/wp-json\/wp\/v2\/comments?post=113841"}],"version-history":[{"count":1,"href":"https:\/\/www.blogdopaulonunes.com\/v5\/index.php\/wp-json\/wp\/v2\/posts\/113841\/revisions"}],"predecessor-version":[{"id":113843,"href":"https:\/\/www.blogdopaulonunes.com\/v5\/index.php\/wp-json\/wp\/v2\/posts\/113841\/revisions\/113843"}],"wp:featuredmedia":[{"embeddable":true,"href":"https:\/\/www.blogdopaulonunes.com\/v5\/index.php\/wp-json\/wp\/v2\/media\/113842"}],"wp:attachment":[{"href":"https:\/\/www.blogdopaulonunes.com\/v5\/index.php\/wp-json\/wp\/v2\/media?parent=113841"}],"wp:term":[{"taxonomy":"category","embeddable":true,"href":"https:\/\/www.blogdopaulonunes.com\/v5\/index.php\/wp-json\/wp\/v2\/categories?post=113841"},{"taxonomy":"post_tag","embeddable":true,"href":"https:\/\/www.blogdopaulonunes.com\/v5\/index.php\/wp-json\/wp\/v2\/tags?post=113841"}],"curies":[{"name":"wp","href":"https:\/\/api.w.org\/{rel}","templated":true}]}}