{"id":113829,"date":"2023-04-12T09:45:05","date_gmt":"2023-04-12T12:45:05","guid":{"rendered":"https:\/\/www.blogdopaulonunes.com\/v5\/?p=113829"},"modified":"2023-04-12T09:45:05","modified_gmt":"2023-04-12T12:45:05","slug":"um-museu-da-imprensa","status":"publish","type":"post","link":"https:\/\/www.blogdopaulonunes.com\/v5\/index.php\/2023\/04\/12\/um-museu-da-imprensa\/","title":{"rendered":"Um museu da Imprensa"},"content":{"rendered":"<p style=\"text-align: justify;\">\n<p style=\"text-align: justify;\">\u00a0\u00a0 Essa ideia surgiu h\u00e1 muitos anos quando eu ainda era diretor do Sindicatos dos Jornalistas da Bahia-Sinjorba, em Vit\u00f3ria da Conquista, no in\u00edcio dos 2000 e quando elaborava o livro \u201cA Imprensa e o Coronelismo na Regi\u00e3o Sudoeste\u201d. Nasceu tamb\u00e9m quando conseguimos, em meu mandato como dirigente sindical, um terreno doado pela Prefeitura Municipal, no Bairro Santa Cec\u00edlia, para os jornalistas conquistenses.<\/p>\n<p style=\"text-align: justify;\">\u00a0\u00a0\u00a0 Essa hist\u00f3ria \u00e9 longa, mas o terreno foi registrado em cart\u00f3rio, inclusive com a planta da Casa dos Jornalistas e nela estaria inclu\u00eddo este museu com a finalidade de resgatar a mem\u00f3ria da imprensa de Conquista e regi\u00e3o. Os tempos passaram. S\u00e3o mais de 20 anos e n\u00e3o se sabe hoje com quem est\u00e1 esse projeto depois do falecimento de Edna Nolasco, com a qual cheguei a tratar do assunto.<\/p>\n<p style=\"text-align: justify;\">\u00a0\u00a0\u00a0 H\u00e1 alguns anos retomei a ideia do museu com o companheiro Luis Fernandes (falecido) e Rui Medeiros, inclusive com a proposta de ser instalado numa casa antiga da prefeitura, mas, infelizmente, n\u00e3o houve continuidade. Nem chegamos a ver essa possibilidade com o prefeito da \u00e9poca.<\/p>\n<p style=\"text-align: justify;\">Neste domingo (dia 09\/04) estive no Museu Kard e apresentei a sugest\u00e3o para Alan Kardec que topou, com entusiasmo, ceder um espa\u00e7o no local para a cria\u00e7\u00e3o do Museu da Imprensa de Vit\u00f3ria da Conquista.<\/p>\n<p style=\"text-align: justify;\">\u00a0\u00a0 Ele acrescentou que a categoria montasse uma equipe de trabalho para fazer um esbo\u00e7o do projeto e cair em campo no resgate de pe\u00e7as, equipamentos (linotipo), jornais antigos, m\u00e1quinas fotogr\u00e1ficas, gravadores, m\u00e1quinas de datilografia e outros objetos relacionados com a nossa imprensa.<\/p>\n<p style=\"text-align: justify;\">\u00a0\u00a0 Por \u00e1udio tive uma longa conversa hoje com o nosso companheiro do antigo e conceituado jornal Hoje, se n\u00e3o me engano, Paulo Nunes (bom de mem\u00f3ria) que fez uma leitura minuciosa sobre a hist\u00f3ria dos jornais aqui em Conquista e algumas cidades da regi\u00e3o, considerando ser o Museu da Imprensa de fundamental import\u00e2ncia para n\u00e3o deixar que toda essa mem\u00f3ria se perca com o tempo. Trocamos boas informa\u00e7\u00f5es, muitas das quais nem conhecia. Lembramos de nomes, peri\u00f3dicos e fatos curiosos.<\/p>\n<p style=\"text-align: justify;\">\u00a0\u00a0\u00a0 Paulo Nunes prop\u00f4s, inclusive, fazer parte de um grupo de trabalho para alavancar meios para retornarmos o terreno dos jornalistas, doado pela prefeitura, e estudar a viabilidade da constru\u00e7\u00e3o da Casa dos Jornalistas e do Museu da Imprensa.<\/p>\n<p style=\"text-align: justify;\">\u00a0\u00a0 Sabemos que a tarefa n\u00e3o \u00e9 t\u00e3o f\u00e1cil assim, mas basta uma disposi\u00e7\u00e3o de toda classe e colocarmos aquele jarg\u00e3o de \u201ca uni\u00e3o \u00e9 que faz a for\u00e7a\u201d para colocarmos a ideia em pr\u00e1tica. At\u00e9 brincamos que j\u00e1 estamos com idades avan\u00e7adas, mas isso n\u00e3o importa porque o projeto ficaria para a posteridade e para esses mo\u00e7os que est\u00e3o a\u00ed na labuta da profiss\u00e3o.<\/p>\n<p style=\"text-align: justify;\">\u00a0\u00a0 Fico a pensar e a me indagar do porqu\u00ea que as coisas em Conquista s\u00e3o t\u00e3o dif\u00edceis de acontecer?\u00a0 Acho que faltam disposi\u00e7\u00e3o e compromisso coletivo. Na realidade, existe entre n\u00f3s um grande individualismo onde cada um s\u00f3 quer saber de si visando apenas seus interesses. A verdade \u00e9 dura, mas deve ser dita.<\/p>\n<p style=\"text-align: justify;\">\u00a0\u00a0\u00a0 Com o advento da internet e dos meios eletr\u00f4nicos em geral, os jornais foram substitu\u00eddos por sites e blogs e hoje pouca gente ler textos, mesmo sendo nas telas dos celulares ou no computador. Existem muito mais leitores de manchete e t\u00edtulos. N\u00e3o \u00e9 por isso que n\u00e3o temos a miss\u00e3o de recuperarmos essa hist\u00f3ria da imprensa em nossa regi\u00e3o atrav\u00e9s da implanta\u00e7\u00e3o de um museu.<\/p>\n","protected":false},"excerpt":{"rendered":"<p>\u00a0\u00a0 Essa ideia surgiu h\u00e1 muitos anos quando eu ainda era diretor do Sindicatos dos Jornalistas da Bahia-Sinjorba, em Vit\u00f3ria da Conquista, no in\u00edcio dos 2000 e quando elaborava o livro \u201cA Imprensa e o Coronelismo na Regi\u00e3o Sudoeste\u201d. Nasceu tamb\u00e9m quando conseguimos, em meu mandato como dirigente sindical, um terreno doado pela Prefeitura Municipal, [&hellip;]<\/p>\n","protected":false},"author":2,"featured_media":107025,"comment_status":"open","ping_status":"open","sticky":false,"template":"","format":"standard","meta":[],"categories":[97,105],"tags":[815,816,162,817,813,814,413],"_links":{"self":[{"href":"https:\/\/www.blogdopaulonunes.com\/v5\/index.php\/wp-json\/wp\/v2\/posts\/113829"}],"collection":[{"href":"https:\/\/www.blogdopaulonunes.com\/v5\/index.php\/wp-json\/wp\/v2\/posts"}],"about":[{"href":"https:\/\/www.blogdopaulonunes.com\/v5\/index.php\/wp-json\/wp\/v2\/types\/post"}],"author":[{"embeddable":true,"href":"https:\/\/www.blogdopaulonunes.com\/v5\/index.php\/wp-json\/wp\/v2\/users\/2"}],"replies":[{"embeddable":true,"href":"https:\/\/www.blogdopaulonunes.com\/v5\/index.php\/wp-json\/wp\/v2\/comments?post=113829"}],"version-history":[{"count":1,"href":"https:\/\/www.blogdopaulonunes.com\/v5\/index.php\/wp-json\/wp\/v2\/posts\/113829\/revisions"}],"predecessor-version":[{"id":113830,"href":"https:\/\/www.blogdopaulonunes.com\/v5\/index.php\/wp-json\/wp\/v2\/posts\/113829\/revisions\/113830"}],"wp:featuredmedia":[{"embeddable":true,"href":"https:\/\/www.blogdopaulonunes.com\/v5\/index.php\/wp-json\/wp\/v2\/media\/107025"}],"wp:attachment":[{"href":"https:\/\/www.blogdopaulonunes.com\/v5\/index.php\/wp-json\/wp\/v2\/media?parent=113829"}],"wp:term":[{"taxonomy":"category","embeddable":true,"href":"https:\/\/www.blogdopaulonunes.com\/v5\/index.php\/wp-json\/wp\/v2\/categories?post=113829"},{"taxonomy":"post_tag","embeddable":true,"href":"https:\/\/www.blogdopaulonunes.com\/v5\/index.php\/wp-json\/wp\/v2\/tags?post=113829"}],"curies":[{"name":"wp","href":"https:\/\/api.w.org\/{rel}","templated":true}]}}