{"id":113704,"date":"2023-03-30T00:02:39","date_gmt":"2023-03-30T03:02:39","guid":{"rendered":"https:\/\/www.blogdopaulonunes.com\/v5\/?p=113704"},"modified":"2023-03-30T00:02:39","modified_gmt":"2023-03-30T03:02:39","slug":"onibus-escolares-de-emendas-dos-deputados-waldenor-pereira-e-ze-raimundo-sao-entregues-para-mais-tres-municipios","status":"publish","type":"post","link":"https:\/\/www.blogdopaulonunes.com\/v5\/index.php\/2023\/03\/30\/onibus-escolares-de-emendas-dos-deputados-waldenor-pereira-e-ze-raimundo-sao-entregues-para-mais-tres-municipios\/","title":{"rendered":"\u00d4nibus escolares de emendas dos deputados Waldenor Pereira e Z\u00e9 Raimundo s\u00e3o entregues para mais tr\u00eas munic\u00edpios"},"content":{"rendered":"<p style=\"text-align: justify;\">\n<p style=\"text-align: justify;\">Os munic\u00edpios de Cordeiros, Livramento N. Senhora e Planalto receberam novos \u00f4nibus escolares adquiridos com recursos de emenda parlamentar dos deputados Waldenor Pereira (federal) e Z\u00e9 Raimundo (estadual). Os ve\u00edculos foram entregues na sexta-feira (24), pelo governador Jer\u00f4nimo Rodrigues, no Parque de Exposi\u00e7\u00f5es de Salvador, com a presen\u00e7a tamb\u00e9m de secret\u00e1rios estaduais e outras autoridades.<br \/>\nDurante a entrega das chaves dos \u00f4nibus a prefeitos e representantes dos munic\u00edpios contemplados desta vez, o governador, que j\u00e1 foi secret\u00e1rio da Educa\u00e7\u00e3o, comentou sobre import\u00e2ncia do transporte escolar. \u201cO estudante precisa chegar at\u00e9 a escola com seguran\u00e7a e conforto, porque, se ele anda muito, chega cansado, e se ele se estressa, \u00e9 ruim para aprendizagem. Imagine essas pessoas que vivem na zona rural e que, no passado, andavam at\u00e9 em ca\u00e7ambas para chegar \u00e0 escola. Esses \u00f4nibus que n\u00f3s estamos entregando s\u00e3o confort\u00e1veis, seguros e resistentes, inclusive, para andar em estradas de ch\u00e3o. Hoje s\u00e3o 80 \u00f4nibus, n\u00f3s j\u00e1 chegamos a quase 200 ve\u00edculos somente este ano\u201d, afirmou Jer\u00f4nimo.<br \/>\nA secret\u00e1ria estadual da Educa\u00e7\u00e3o, Ad\u00e9lia Pinheiro, esteve presente no ato, quando destacou que o Governo do Estado tem um programa de transporte escolar que remunera munic\u00edpios por aluno da rede estadual transportado, e tamb\u00e9m faz a sess\u00e3o de \u00f4nibus como complemento para essas atividade. Os mandatos dos deputados Waldenor Pereira e Z\u00e9 Raimundo estiveram representados pela chefe de gabinete S\u00edlvia Machado.<\/p>\n","protected":false},"excerpt":{"rendered":"<p>Os munic\u00edpios de Cordeiros, Livramento N. Senhora e Planalto receberam novos \u00f4nibus escolares adquiridos com recursos de emenda parlamentar dos deputados Waldenor Pereira (federal) e Z\u00e9 Raimundo (estadual). Os ve\u00edculos foram entregues na sexta-feira (24), pelo governador Jer\u00f4nimo Rodrigues, no Parque de Exposi\u00e7\u00f5es de Salvador, com a presen\u00e7a tamb\u00e9m de secret\u00e1rios estaduais e outras autoridades. [&hellip;]<\/p>\n","protected":false},"author":2,"featured_media":113705,"comment_status":"open","ping_status":"open","sticky":false,"template":"","format":"standard","meta":[],"categories":[91,71],"tags":[675,165,676],"_links":{"self":[{"href":"https:\/\/www.blogdopaulonunes.com\/v5\/index.php\/wp-json\/wp\/v2\/posts\/113704"}],"collection":[{"href":"https:\/\/www.blogdopaulonunes.com\/v5\/index.php\/wp-json\/wp\/v2\/posts"}],"about":[{"href":"https:\/\/www.blogdopaulonunes.com\/v5\/index.php\/wp-json\/wp\/v2\/types\/post"}],"author":[{"embeddable":true,"href":"https:\/\/www.blogdopaulonunes.com\/v5\/index.php\/wp-json\/wp\/v2\/users\/2"}],"replies":[{"embeddable":true,"href":"https:\/\/www.blogdopaulonunes.com\/v5\/index.php\/wp-json\/wp\/v2\/comments?post=113704"}],"version-history":[{"count":1,"href":"https:\/\/www.blogdopaulonunes.com\/v5\/index.php\/wp-json\/wp\/v2\/posts\/113704\/revisions"}],"predecessor-version":[{"id":113706,"href":"https:\/\/www.blogdopaulonunes.com\/v5\/index.php\/wp-json\/wp\/v2\/posts\/113704\/revisions\/113706"}],"wp:featuredmedia":[{"embeddable":true,"href":"https:\/\/www.blogdopaulonunes.com\/v5\/index.php\/wp-json\/wp\/v2\/media\/113705"}],"wp:attachment":[{"href":"https:\/\/www.blogdopaulonunes.com\/v5\/index.php\/wp-json\/wp\/v2\/media?parent=113704"}],"wp:term":[{"taxonomy":"category","embeddable":true,"href":"https:\/\/www.blogdopaulonunes.com\/v5\/index.php\/wp-json\/wp\/v2\/categories?post=113704"},{"taxonomy":"post_tag","embeddable":true,"href":"https:\/\/www.blogdopaulonunes.com\/v5\/index.php\/wp-json\/wp\/v2\/tags?post=113704"}],"curies":[{"name":"wp","href":"https:\/\/api.w.org\/{rel}","templated":true}]}}