{"id":113701,"date":"2023-03-31T03:51:27","date_gmt":"2023-03-31T06:51:27","guid":{"rendered":"https:\/\/www.blogdopaulonunes.com\/v5\/?p=113701"},"modified":"2023-03-29T23:56:32","modified_gmt":"2023-03-30T02:56:32","slug":"ze-raimundo-reforca-pleitos-de-mirante-para-mais-agua-e-luz-e-reforma-de-colegio","status":"publish","type":"post","link":"https:\/\/www.blogdopaulonunes.com\/v5\/index.php\/2023\/03\/31\/ze-raimundo-reforca-pleitos-de-mirante-para-mais-agua-e-luz-e-reforma-de-colegio\/","title":{"rendered":"Z\u00e9 Raimundo refor\u00e7a pleitos de Mirante para mais \u00e1gua e luz e reforma de col\u00e9gio"},"content":{"rendered":"<p style=\"text-align: justify;\">\nO deputado estadual Z\u00e9 Raimundo acompanhou o grupo de Mirante, liderado pelo ex-prefeito L\u00facio Meira, que esteve em Salvador, nesta semana (dias 27 e 28), para nova rodada de reuni\u00f5es em secretarias e \u00f3rg\u00e3os estaduais &#8211; Seinfra\/ Luz Para Todos, Sec, Cerb e CAR. Eles foram defender os pleitos do munic\u00edpio visando \u00e0 amplia\u00e7\u00e3o da oferta de \u00e1gua e luz el\u00e9trica na zona rural, melhoria na educa\u00e7\u00e3o e apoio \u00e0 produ\u00e7\u00e3o local.<br \/>\nA amplia\u00e7\u00e3o e reforma do Col\u00e9gio Estadual Diomar Silva Brito foi refor\u00e7ada em reuni\u00e3o com a assessora especial do gabiente da Secretaria de Educa\u00e7\u00e3o (SEC), Luanda Machado. O deputado e o grupo mirantense esteve tamb\u00e9m na diretoria de Comunica\u00e7\u00e3o da Secretaria de Infraestrutura (Seinfra) para apresentar pleitos de liga\u00e7\u00e3o de luz el\u00e9trica nas comunidades rurais de S\u00e3o Domingos e Assento Jovem.<br \/>\nNa Companhia de Engenharia Ambietal (CERB), foram apresentados novos pedidos de perfura\u00e7\u00e3o de po\u00e7os artesianos e amplia\u00e7\u00e3o de oferta de \u00e1gua para diversas localidades do munic\u00edpio. Eles conversaram tamb\u00e9m com o presidente da Companhia de A\u00e7\u00e3o Regional( CAR), Jeandro Ribeiro, sobre o apoio t\u00e9cnico do \u00f3rg\u00e3o ao beneficamento da produ\u00e7\u00e3o local de frutas, reivindicado pela cooperativa Coopmirante, representada no grupo de L\u00facio Meira pelos dirigentes Vanderlee Meira Santos e Leandro Gon\u00e7alves.<\/p>\n","protected":false},"excerpt":{"rendered":"<p>O deputado estadual Z\u00e9 Raimundo acompanhou o grupo de Mirante, liderado pelo ex-prefeito L\u00facio Meira, que esteve em Salvador, nesta semana (dias 27 e 28), para nova rodada de reuni\u00f5es em secretarias e \u00f3rg\u00e3os estaduais &#8211; Seinfra\/ Luz Para Todos, Sec, Cerb e CAR. Eles foram defender os pleitos do munic\u00edpio visando \u00e0 amplia\u00e7\u00e3o da [&hellip;]<\/p>\n","protected":false},"author":2,"featured_media":113702,"comment_status":"open","ping_status":"open","sticky":false,"template":"","format":"standard","meta":[],"categories":[112],"tags":[674,673,672,166],"_links":{"self":[{"href":"https:\/\/www.blogdopaulonunes.com\/v5\/index.php\/wp-json\/wp\/v2\/posts\/113701"}],"collection":[{"href":"https:\/\/www.blogdopaulonunes.com\/v5\/index.php\/wp-json\/wp\/v2\/posts"}],"about":[{"href":"https:\/\/www.blogdopaulonunes.com\/v5\/index.php\/wp-json\/wp\/v2\/types\/post"}],"author":[{"embeddable":true,"href":"https:\/\/www.blogdopaulonunes.com\/v5\/index.php\/wp-json\/wp\/v2\/users\/2"}],"replies":[{"embeddable":true,"href":"https:\/\/www.blogdopaulonunes.com\/v5\/index.php\/wp-json\/wp\/v2\/comments?post=113701"}],"version-history":[{"count":1,"href":"https:\/\/www.blogdopaulonunes.com\/v5\/index.php\/wp-json\/wp\/v2\/posts\/113701\/revisions"}],"predecessor-version":[{"id":113703,"href":"https:\/\/www.blogdopaulonunes.com\/v5\/index.php\/wp-json\/wp\/v2\/posts\/113701\/revisions\/113703"}],"wp:featuredmedia":[{"embeddable":true,"href":"https:\/\/www.blogdopaulonunes.com\/v5\/index.php\/wp-json\/wp\/v2\/media\/113702"}],"wp:attachment":[{"href":"https:\/\/www.blogdopaulonunes.com\/v5\/index.php\/wp-json\/wp\/v2\/media?parent=113701"}],"wp:term":[{"taxonomy":"category","embeddable":true,"href":"https:\/\/www.blogdopaulonunes.com\/v5\/index.php\/wp-json\/wp\/v2\/categories?post=113701"},{"taxonomy":"post_tag","embeddable":true,"href":"https:\/\/www.blogdopaulonunes.com\/v5\/index.php\/wp-json\/wp\/v2\/tags?post=113701"}],"curies":[{"name":"wp","href":"https:\/\/api.w.org\/{rel}","templated":true}]}}