{"id":113696,"date":"2023-03-30T00:30:23","date_gmt":"2023-03-30T03:30:23","guid":{"rendered":"https:\/\/www.blogdopaulonunes.com\/v5\/?p=113696"},"modified":"2023-03-29T23:42:32","modified_gmt":"2023-03-30T02:42:32","slug":"assembleia-legislativa-apoia-politicas-para-as-mulheres-em-1o-encontro-estadual-de-gestoras-publicas","status":"publish","type":"post","link":"https:\/\/www.blogdopaulonunes.com\/v5\/index.php\/2023\/03\/30\/assembleia-legislativa-apoia-politicas-para-as-mulheres-em-1o-encontro-estadual-de-gestoras-publicas\/","title":{"rendered":"Assembleia Legislativa apoia pol\u00edticas para as mulheres em 1\u00ba Encontro Estadual de Gestoras P\u00fablicas"},"content":{"rendered":"<p style=\"text-align: justify;\">No 1\u00ba Encontro Estadual de Gestoras P\u00fablicas, aberto nesta ter\u00e7a-feira (28), em Salvador, o deputado Z\u00e9 Raimundo esteve representando o presidente da Assembleia Legislativa da Bahia, Adolfo Menezes, quando assegurou o apoio do legislativo \u00e0s propostas e atos administrativos visando \u00e0 integra\u00e7\u00e3o e articula\u00e7\u00e3o de pol\u00edticas p\u00fablicas voltadas para as mulheres. A abertura do encontro aconteceu inclusive nas depend\u00eancias do legislativo baiano, no audit\u00f3rio Jutahy Magalh\u00e3es.<\/p>\n<p style=\"text-align: justify;\">\u201cEm nome do presidente desta Casa, nos colocamos \u00e0 disposi\u00e7\u00e3o para debater e aprovar todos os instrumentos legais indispens\u00e1veis para a valoriza\u00e7\u00e3o das mulheres\u201d, declarou Z\u00e9 Raimundo, que tamb\u00e9m destacou o apoio do legislativo \u00e0 realiza\u00e7\u00e3o do encontro. \u201cA nossa expectativa \u00e9 de que encontros como este possam criar consci\u00eancia coletiva e uma sinergia no ambiente do estado para que a gente possa constituir uma sociedade justa e igualit\u00e1ria, com ampla participa\u00e7\u00e3o das mulheres gestoras\u201d, completou.<\/p>\n<p><img loading=\"lazy\" class=\"alignnone size-full wp-image-113698\" src=\"https:\/\/www.blogdopaulonunes.com\/v5\/wp-content\/uploads\/2023\/03\/composicao-da-Mesa9.png\" alt=\"\" width=\"250\" height=\"186\" \/><\/p>\n<p style=\"text-align: justify;\">Z\u00e9 Raimundo comp\u00f4s a mesa de abertura ao lado do vice-governador, Geraldo J\u00fanior, que representou o governador Jer\u00f4nimo Rodrigues, e uma ampla representa\u00e7\u00e3o de mulheres gestoras, destacando-se a titular da pasta promotora do evento, a secret\u00e1ria de Pol\u00edticas para as Mulheres da Bahia (SPM), Elis\u00e2ngela Araujo. Tamb\u00e9m esteve \u00e0 mesa a presidente das Volunt\u00e1rias Sociais, professora Tatiana Velloso, deputadas, vereadoras, prefeitas, secret\u00e1rias estaduais e mulheres gestoras representantes dos diversos segmentos das administra\u00e7\u00f5es p\u00fablicas federal, estadual e municipais, al\u00e9m dos movimentos sociais.<\/p>\n<p><img loading=\"lazy\" class=\"alignnone size-full wp-image-113699\" src=\"https:\/\/www.blogdopaulonunes.com\/v5\/wp-content\/uploads\/2023\/03\/Mulheres-PMS9.png\" alt=\"\" width=\"250\" height=\"187\" \/><\/p>\n<p style=\"text-align: justify;\">Na oportunidade do encontro &#8211; com o tema \u201cElas \u00e0 frente\u201d- e dentro da programa\u00e7\u00e3o de mar\u00e7o voltada para as mulheres, o Governo do Estado inclusive assinou decretos para instituir o Plano Estadual de Enfrentamento \u00c0 Viol\u00eancia Contra a Mulher- PEEVCN 2023-2032 e A Medalha do M\u00e9rito Tr\u00eas Marias -Hero\u00ednas do Brasil, no \u00e2mbito da Pol\u00edcia Militar da Bahia. Foram anunciadas a\u00e7\u00f5es de preven\u00e7\u00e3o \u00e0 viol\u00eancia de g\u00eanero para a educa\u00e7\u00e3o b\u00e1sica, como a reformula\u00e7\u00e3o do projeto \u201cOxe, me respeite!\u201d, que discutir\u00e1 rela\u00e7\u00f5es de g\u00eanero e diversidades com estudantes da rede estadual; e a nova metodologia do projeto Salas de G\u00eanero, voltado para docentes da rede estadual para a promo\u00e7\u00e3o de uma educa\u00e7\u00e3o antissexista e antirracista. Tamb\u00e9m foi anunciado o edital de Empreendimentos Econ\u00f4micos Liderados por Mulheres Ind\u00edgenas, o projeto Horta Urbana e a Linha Microcr\u00e9dito para Mulheres.<\/p>\n","protected":false},"excerpt":{"rendered":"<p>No 1\u00ba Encontro Estadual de Gestoras P\u00fablicas, aberto nesta ter\u00e7a-feira (28), em Salvador, o deputado Z\u00e9 Raimundo esteve representando o presidente da Assembleia Legislativa da Bahia, Adolfo Menezes, quando assegurou o apoio do legislativo \u00e0s propostas e atos administrativos visando \u00e0 integra\u00e7\u00e3o e articula\u00e7\u00e3o de pol\u00edticas p\u00fablicas voltadas para as mulheres. A abertura do encontro [&hellip;]<\/p>\n","protected":false},"author":2,"featured_media":113697,"comment_status":"open","ping_status":"open","sticky":false,"template":"","format":"standard","meta":[],"categories":[23,105],"tags":[182,670,669,671,166],"_links":{"self":[{"href":"https:\/\/www.blogdopaulonunes.com\/v5\/index.php\/wp-json\/wp\/v2\/posts\/113696"}],"collection":[{"href":"https:\/\/www.blogdopaulonunes.com\/v5\/index.php\/wp-json\/wp\/v2\/posts"}],"about":[{"href":"https:\/\/www.blogdopaulonunes.com\/v5\/index.php\/wp-json\/wp\/v2\/types\/post"}],"author":[{"embeddable":true,"href":"https:\/\/www.blogdopaulonunes.com\/v5\/index.php\/wp-json\/wp\/v2\/users\/2"}],"replies":[{"embeddable":true,"href":"https:\/\/www.blogdopaulonunes.com\/v5\/index.php\/wp-json\/wp\/v2\/comments?post=113696"}],"version-history":[{"count":1,"href":"https:\/\/www.blogdopaulonunes.com\/v5\/index.php\/wp-json\/wp\/v2\/posts\/113696\/revisions"}],"predecessor-version":[{"id":113700,"href":"https:\/\/www.blogdopaulonunes.com\/v5\/index.php\/wp-json\/wp\/v2\/posts\/113696\/revisions\/113700"}],"wp:featuredmedia":[{"embeddable":true,"href":"https:\/\/www.blogdopaulonunes.com\/v5\/index.php\/wp-json\/wp\/v2\/media\/113697"}],"wp:attachment":[{"href":"https:\/\/www.blogdopaulonunes.com\/v5\/index.php\/wp-json\/wp\/v2\/media?parent=113696"}],"wp:term":[{"taxonomy":"category","embeddable":true,"href":"https:\/\/www.blogdopaulonunes.com\/v5\/index.php\/wp-json\/wp\/v2\/categories?post=113696"},{"taxonomy":"post_tag","embeddable":true,"href":"https:\/\/www.blogdopaulonunes.com\/v5\/index.php\/wp-json\/wp\/v2\/tags?post=113696"}],"curies":[{"name":"wp","href":"https:\/\/api.w.org\/{rel}","templated":true}]}}