{"id":113658,"date":"2023-03-28T09:08:08","date_gmt":"2023-03-28T12:08:08","guid":{"rendered":"https:\/\/www.blogdopaulonunes.com\/v5\/?p=113658"},"modified":"2023-03-28T09:08:08","modified_gmt":"2023-03-28T12:08:08","slug":"tive-herpes-zoster-duas-vezes-depois-da-covid-19-entenda-o-possivel-elo","status":"publish","type":"post","link":"https:\/\/www.blogdopaulonunes.com\/v5\/index.php\/2023\/03\/28\/tive-herpes-zoster-duas-vezes-depois-da-covid-19-entenda-o-possivel-elo\/","title":{"rendered":"&#8216;Tive herpes z\u00f3ster duas vezes depois da covid-19&#8217;: entenda o poss\u00edvel elo"},"content":{"rendered":"<div class=\"collection-standard-topoPage\">\n<div class=\"blog-header \" data-blogname=\"false\">\n<div class=\"blogger\">\n<div class=\"container\">\n<div class=\"row\">\n<div class=\"blogger-info \">\n<div class=\"blogger-info-box\"><\/div>\n<\/div>\n<div class=\"blogger-social\">\n<div class=\"follow\"><\/div>\n<\/div>\n<\/div>\n<\/div>\n<\/div>\n<\/div>\n<section class=\"title-sponsor vertical\" data-scroll=\"true\">\n<div class=\"container\">\n<div>\n<h5>BLOG DA L\u00daCIA HELENA<\/h5>\n<\/div>\n<\/div>\n<\/section>\n<\/div>\n<div class=\"collection-standard\">\n<article class=\"article-image-content container  article article-wrapper vivabem scroll-base clearfix collection-item collection-first-item\" data-loaded=\"true\" data-url=\"https:\/\/www.uol.com.br\/vivabem\/colunas\/lucia-helena\/2023\/03\/28\/tive-herpes-zoster-duas-vezes-depois-da-covid-19-entenda-o-possivel-elo.htm\">\n<div class=\"\">\n<div class=\"row\">\n<div class=\"col-sm-24 col-md-16 col-lg-17 content-article\">\n<div class=\"row\">\n<div class=\"col-xs-8 col-sm-21 col-md-21\">\n<div class=\"image-content-pad\">\n<div class=\"  author  has-image\" data-src=\"mouseover\"><img class=\"img-author mask-circle\" src=\"https:\/\/conteudo.imguol.com.br\/08\/2020\/12\/30\/lucia-helena-150-2-1609336618677_150x150.jpg\" \/><\/p>\n<div class=\"tooltip-container \">\n<div class=\"w-tooltip single\" data-config=\"[{&quot;first&quot;:true,&quot;title&quot;:&quot;L\u00facia Helena&quot;,&quot;description&quot;:&quot;L\u00facia Helena de Oliveira \u00e9 uma jornalista apaixonada por sa\u00fade, assunto sobre o qual escreve h\u00e1 mais de tr\u00eas d\u00e9cadas, com cursos de especializa\u00e7\u00e3o no Brasil e no exterior. Dirigiu por 17 anos a revista Sa\u00fade, na Editora Abril, editou 38 livros de autores m\u00e9dicos para o p\u00fablico leigo e, recentemente, criou a Vitamina, uma ag\u00eancia para produzir conte\u00fado e outras iniciativas nas \u00e1reas de medicina, alimenta\u00e7\u00e3o e atividade f\u00edsica.&quot;,&quot;image&quot;:{&quot;sizes&quot;:{&quot;personalizado&quot;:&quot;&quot;,&quot;original&quot;:&quot;150x150&quot;},&quot;height&quot;:&quot;&quot;,&quot;width&quot;:&quot;&quot;,&quot;crops&quot;:&quot;80x80;100x100;142x100;150x150&quot;,&quot;src&quot;:&quot;http:\/\/conteudo.imguol.com.br\/08\/2020\/12\/30\/lucia-helena-150-2-1609336618677_150x150.jpg&quot;,&quot;type&quot;:&quot;&quot;,&quot;credit&quot;:&quot;UOL&quot;,&quot;classe&quot;:&quot;img-author mask-circle&quot;},&quot;link&quot;:&quot;https:\/\/www.uol.com.br\/vivabem\/colunas\/lucia-helena\/&quot;,&quot;email&quot;:&quot;&quot;,&quot;disclaimer&quot;:&quot;** Este texto n\u00e3o reflete, necessariamente, a opini\u00e3o do UOL&quot;}]\">\n<h5 class=\"open-tooltip\"><a title=\"L\u00facia Helena\" href=\"https:\/\/www.uol.com.br\/vivabem\/colunas\/lucia-helena\/\">L\u00facia Helena<\/a><\/h5>\n<\/div>\n<\/div>\n<\/div>\n<div class=\"text has-image \">\n<p style=\"text-align: justify;\">O primeiro epis\u00f3dio foi no auge da pandemia, no in\u00edcio de 2021: &#8220;Senti uma dor na lombrar e, depois disso, surgiu um cobreirinho bem ali&#8221;, lembra-se a jornalista e escritora Ana C\u00e9lia Aschenbach. O diminutivo era enganador: n\u00e3o parecia algo t\u00e3o grande para o tormento que causaria.<\/p>\n<p style=\"text-align: justify;\">Cobreiro \u00e9 um jeito de se referir ao desenho que pequenas bolhas riscaram em sua pele, como se fosse o rastro de uma cobra. Mas, na verdade, o tra\u00e7ado das feridas denuncia o exato trajeto percorrido pelo v\u00edrus varicela z\u00f3ster por um nervo sensitivo logo abaixo. Sim, o mesmo v\u00edrus da\u00a0<a href=\"https:\/\/www.uol.com.br\/vivabem\/noticias\/redacao\/2019\/09\/03\/catapora-os-sintomas-como-prevenir-e-tratar-a-doenca.htm\">catapora<\/a> que, com certeza, Ana C\u00e9lia teve um dia.<\/p>\n<p style=\"text-align: justify;\">N\u00e3o \u00e9 todo mundo que se livra dele de vez. Calcula-se que entre 20% e 30% das pessoas que tiveram essa infec\u00e7\u00e3o na inf\u00e2ncia ou em qualquer outro momento da vida apresentar\u00e3o o\u00a0<a href=\"https:\/\/www.uol.com.br\/vivabem\/noticias\/redacao\/2018\/08\/28\/herpes-causa-bolhas-na-boca-na-genital-e-ate-nos-pes-veja-como-prevenir.htm\">herpes<\/a>\u00a0z\u00f3ster anos depois se n\u00e3o se vacinarem contra essa doen\u00e7a. E ela \u00e9 indescritivelmente dolorosa.<\/p>\n<p style=\"text-align: justify;\">&#8220;A dor foi se tornando t\u00e3o intensa da cintura para baixo, dilacerante, que eu pensei que estava ficando paral\u00edtica&#8221;, conta Ana C\u00e9lia. &#8220;Por isso, corri ao pronto-socorro.&#8221;<\/p>\n<p style=\"text-align: justify;\">Ali, ela foi medicada, inclusive com uma pomada de\u00a0<a href=\"https:\/\/www.uol.com.br\/vivabem\/faq\/aciclovir-para-que-serve.htm\">aciclovir<\/a>, nome do princ\u00edpio ativo de um antiviral que, usado sem perda de tempo, deixa o varicela z\u00f3ster acuado, interrompendo o seu passeio pelo nervo e o avan\u00e7o da les\u00e3o.<\/p>\n<p style=\"text-align: justify;\">Ana C\u00e9lia tamb\u00e9m ouviu do m\u00e9dico que o melhor a fazer era esperar um ano e tomar a vacina contra o herpes z\u00f3ster. Mas, quando passou a experi\u00eancia sofrida, o assunto caiu no completo esquecimento. Ela acabou n\u00e3o correndo atr\u00e1s do imunizante.<\/p>\n<p style=\"text-align: justify;\">&#8220;Disso eu me arrependo amargamente&#8221;, revela. &#8220;Da\u00ed por que queria tanto contar a mais pessoas o que aconteceu.&#8221; Neste ano, o herpes z\u00f3ster voltou. E voltou como nunca, porque a dor, desta vez, est\u00e1 custando a ir embora. Ana desenvolveu uma neuralgia p\u00f3s-herp\u00e9tica, uma esp\u00e9cie de dor fantasma. O v\u00edrus n\u00e3o est\u00e1 mais em a\u00e7\u00e3o. A les\u00e3o na pele j\u00e1 sarou. Mas o sofrimento permanece.<\/p>\n<div class=\"photoembed-wrapper\">\n<figure class=\"photo photo-embed no-gutter col-sm-24  crop-750x1 limit-crop  figure\" data-format=\"horizontal\">\n<div class=\"image bg\">\n<div class=\"placeholder\">\n<div class=\"pinit-wraper\"><img loading=\"lazy\" class=\"pinit-img loaded\" src=\"https:\/\/conteudo.imguol.com.br\/c\/entretenimento\/f3\/2023\/03\/27\/ana-celia-1679942952374_v2_750x1.jpg.webp\" alt=\"Ana C\u00e9lia - Arquivo pessoal - Arquivo pessoal\" width=\"750\" height=\"1\" data-src=\"https:\/\/conteudo.imguol.com.br\/c\/entretenimento\/f3\/2023\/03\/27\/ana-celia-1679942952374_v2_750x1.jpg.webp\" data-crop=\"{&quot;xs&quot;:&quot;450x1&quot;,&quot;sm&quot;:&quot;750x1&quot;,&quot;md&quot;:&quot;750x1&quot;,&quot;lg&quot;:&quot;750x1&quot;}\" data-crazyload=\"loaded\" \/><\/div>\n<div class=\"slot-a\"><\/div>\n<\/div>\n<\/div><figcaption class=\"container bottom-credit\">Imagem: Arquivo pessoal<\/figcaption><\/figure>\n<\/div>\n<h2><strong>Teria a ver com a covid-19?<\/strong><\/h2>\n<p style=\"text-align: justify;\">Na sexta-feira 17 de fevereiro, v\u00e9spera do\u00a0<a href=\"https:\/\/www.uol.com.br\/carnaval\/\">Carnaval<\/a>, Ana C\u00e9lia sentiu um ardor pinicante na regi\u00e3o lombar. &#8220;De cara, reconheci. Por isso, procurei n\u00e3o titubear&#8221;, diz ela. &#8220;Passei a mesma pomada que tinha usado da outra vez e achei que tudo bem porque a les\u00e3o era menorzinha.&#8221;<\/p>\n<p style=\"text-align: justify;\">Dois dias depois, por\u00e9m, no domingo do feriado, ela n\u00e3o conseguia se levantar nem sequer para ir ao banheiro. &#8220;Fui parar no hospital de novo, onde me prescreveram uma quantidade imensa de medicamentos&#8221;, conta. &#8220;Estou usando corticoides, rem\u00e9dios para dor e outros para aumentar a minha imunidade.&#8221;<\/p>\n<h2><strong>Por que o z\u00f3ster acontece<\/strong><\/h2>\n<p style=\"text-align: justify;\">A queda da imunidade, ali\u00e1s, \u00e9 a explica\u00e7\u00e3o comum. No primeiro contato, o v\u00edrus da varicela s\u00f3 causa a catapora. Da\u00ed, as defesas reagem formando anticorpos e ele, intimidado, recua. Mas tem, como outros membros da fam\u00edlia\u00a0<em>Herpesviridae,\u00a0<\/em>o dom de se integrar ao genoma das nossas c\u00e9lulas.<\/p>\n<p style=\"text-align: justify;\">Ent\u00e3o, enquanto as les\u00f5es da catapora secam, ele corre para os g\u00e2nglios nervosos, que s\u00e3o um agrupamento de neur\u00f4nios nos nervos perif\u00e9ricos. Fica ali parado at\u00e9 que, por algum motivo, diminui a quantidade de anticorpos que o mantinham na moita.<\/p>\n<p style=\"text-align: justify;\">Isso pode acontecer porque a gente tende a perder anticorpos especificamente contra esse v\u00edrus com a idade \u2014 eis o motivo de o herpes z\u00f3ster ser mais comum a partir dos 50 anos. Ana C\u00e9lia acaba de completar 57.<\/p>\n<p style=\"text-align: justify;\">Ou pode acontecer de algu\u00e9m passar por estresse ou ter uma rotina menos equilibrada, levando a imunidade a cair. Ainda que seja uma queda sutil, o varicela \u00e9 capaz de tirar proveito.<\/p>\n<p style=\"text-align: justify;\">Reativado, n\u00e3o tem for\u00e7as para se espalhar pelo corpo provocando uma nova catapora. Mas fica vagando pelo nervo mais pr\u00f3ximo at\u00e9 a produ\u00e7\u00e3o de anticorpos subir de novo e chut\u00e1-lo de volta ao g\u00e2nglio.<\/p>\n<p style=\"text-align: justify;\">A quest\u00e3o da queda de imunidade, contudo, deixa Ana C\u00e9lia cismada. Sua rotina, que a gente v\u00ea nas fotos, \u00e9 pra l\u00e1 de saud\u00e1vel. A come\u00e7ar pela op\u00e7\u00e3o, h\u00e1 alguns anos, de sair da agitada S\u00e3o Paulo para morar na montanha, em Atibaia.<\/p>\n<p style=\"text-align: justify;\">&#8220;Todos os dias, percorro uma trilha de 4 quil\u00f4metros a p\u00e9, ando outros 7 quil\u00f4metros de<em>\u00a0bike\u00a0<\/em>e fa\u00e7o remo&#8221;, descreve. &#8220;Sem contar o pilates duas vezes por semana. Tenho prazer em me exercitar, o que melhora at\u00e9 o meu humor na\u00a0<a href=\"https:\/\/www.uol.com.br\/vivabem\/noticias\/redacao\/2019\/10\/29\/menopausa-e-data-nao-doenca-saiba-por-que-e-aprenda-aliviar-sintomas.htm\">menopausa<\/a>.&#8221;<\/p>\n<p style=\"text-align: justify;\">Ela dorme e acorda cedo. Admite que anda com dificuldade para continuar no sono e, em vez de brigar com os travesseiros, sai passeando com Paco e Madaleno, seus dois cachorros, admirando o amanhecer.<\/p>\n<p style=\"text-align: justify;\">&#8220;Tamb\u00e9m n\u00e3o aconteceu nenhum estresse nos \u00faltimos tempos&#8221;, pensa. &#8220;Ao contr\u00e1rio, quando o herpes z\u00f3ster ressurgiu, tinha acabado de voltar de 20 dias de f\u00e9rias, cercada de amigos na Bahia.&#8221;<\/p>\n<p style=\"text-align: justify;\">O marido, o diretor de arte Silas Botelho, pesquisou e encontrou uma poss\u00edvel explica\u00e7\u00e3o: seria por que Ana C\u00e9lia teve covid-19? &#8220;Peguei a covid pela primeira vez no\u00a0<em>r\u00e9veillon<\/em>\u00a0de 2021 para 2022&#8243;, recorda-se. &#8220;E peguei uma segunda vez em julho do ano passado, quando foi muito mais suave porque j\u00e1 estava com todas as doses da vacina.&#8221;<\/p>\n<div class=\"photoembed-wrapper\" style=\"text-align: justify;\">\n<figure class=\"photo photo-embed no-gutter col-sm-12 col-md-13 col-lg-11  crop-450x1 limit-crop  figure\" data-format=\"horizontal\">\n<div class=\"image bg\">\n<div class=\"placeholder\">\n<div class=\"pinit-wraper\"><img loading=\"lazy\" class=\"pinit-img loaded\" src=\"https:\/\/conteudo.imguol.com.br\/c\/entretenimento\/ee\/2023\/03\/27\/ana-celia-1679943033241_v2_450x1.jpg.webp\" alt=\"Ana C\u00e9lia - Arquivo pessoal - Arquivo pessoal\" width=\"450\" height=\"1\" data-src=\"https:\/\/conteudo.imguol.com.br\/c\/entretenimento\/ee\/2023\/03\/27\/ana-celia-1679943033241_v2_450x1.jpg.webp\" data-crop=\"{&quot;xs&quot;:&quot;450x1&quot;,&quot;sm&quot;:&quot;450x1&quot;,&quot;md&quot;:&quot;450x1&quot;,&quot;lg&quot;:&quot;450x1&quot;}\" data-crazyload=\"loaded\" \/><\/div>\n<div class=\"slot-a\"><\/div>\n<\/div>\n<\/div><figcaption class=\"container bottom-credit\">Imagem: Arquivo pessoal<\/figcaption><\/figure>\n<\/div>\n<h2 style=\"text-align: justify;\"><strong>N\u00e3o se descarta uma liga\u00e7\u00e3o<\/strong><\/h2>\n<p style=\"text-align: justify;\">Existem, de fato, estudos apontando que os casos de herpes z\u00f3ster aumentaram durante a pandemia. &#8220;Mas, para a Medicina, \u00e9 dif\u00edcil tirar conclus\u00f5es de toda e qualquer associa\u00e7\u00e3o temporal, porque ela \u00e9 sempre bagun\u00e7ada&#8221;, comenta Max Igor Lopes, m\u00e9dico do Hospital das Cl\u00ednicas da Faculdade de Medicina da USP (Universidade de S\u00e3o Paulo), onde coordena o Ambulat\u00f3rio de Doen\u00e7as Infecciosas.<\/p>\n<p style=\"text-align: justify;\">Ele explica o que quer dizer com &#8220;bagun\u00e7a&#8221;, usando como exemplo o surto de \u00f4micron no ano passado: &#8220;Em determinado momento, entre 50% e 60% da popula\u00e7\u00e3o brasileira estava infectada por essa variante do\u00a0<a href=\"https:\/\/noticias.uol.com.br\/coronavirus\/\">coronav\u00edrus<\/a>&#8220;, diz. &#8220;\u00c9 imposs\u00edvel separar quais acontecimentos, de uma montanha de eventos ocorridos com essa enorme quantidade de gente, seriam consequ\u00eancia direta da infec\u00e7\u00e3o.&#8221;<\/p>\n<p style=\"text-align: justify;\">Max Lopes lembra, ainda, que h\u00e1 uma sazonalidade nos casos de herpes z\u00f3ster. &#8220;Eles n\u00e3o acontecem de maneira igual o ano inteiro&#8221;, conta. &#8220;Geralmente, se concentram no per\u00edodo em que tamb\u00e9m aparecem mais epis\u00f3dios de catapora.&#8221; No Brasil, o auge \u00e9 de setembro at\u00e9 o final do ano.<\/p>\n<p style=\"text-align: justify;\">A hip\u00f3tese \u00e9 de que a pessoa entraria em contato com algu\u00e9m com catapora e o v\u00edrus desse indiv\u00edduo ativaria o varicela que estaria escondido nos g\u00e2nglios nervosos. &#8220;Portanto, se a onda de \u00f4micron aconteceu nessa \u00e9poca, n\u00e3o d\u00e1 para diferenciar o que ela pr\u00f3pria causou e o que foi coincid\u00eancia, por causa dessa sazonalidade&#8221;, informa.<\/p>\n<p style=\"text-align: justify;\">Uma coisa \u00e9 certa: infec\u00e7\u00f5es virais de maneira geral podem desestabilizar o sistema imunol\u00f3gico temporariamente, criando brechas para o varicela z\u00f3ster reaparecer do nada. &#8220;E, no caso da covid-19, em alguns indiv\u00edduos esse desbalanceamento das defesas pode durar mais de ano, o que seria um poss\u00edvel elo. Ainda n\u00e3o d\u00e1 para dizer nem que sim, nem que n\u00e3o&#8221;, afirma o infectologista.<\/p>\n<h2 style=\"text-align: justify;\"><strong>A vacina da covid-19 favoreceria o z\u00f3ster?!<\/strong><\/h2>\n<p style=\"text-align: justify;\">Tamb\u00e9m existem estudos questionando se os casos de herpes z\u00f3ster n\u00e3o aumentariam por causa da vacina de covid-19, relatando um ou outro epis\u00f3dio, especialmente com a plataforma de RNA mensageiro, como a da Pfizer.<\/p>\n<p style=\"text-align: justify;\">A explica\u00e7\u00e3o seria que ela provocaria uma resposta mais intensa e efetiva do sistema imunol\u00f3gico contra o coronav\u00edrus e isso, nos primeiros dias, n\u00e3o deixaria de ser uma turbul\u00eancia nas defesas.<\/p>\n<p style=\"text-align: justify;\">&#8220;Em tese, \u00e9 uma hip\u00f3tese plaus\u00edvel&#8221;, reconhece o doutor Max Igor Lopes. &#8220;No entanto, muitos dos casos relatados foram em idosos, que talvez tivessem o herpes z\u00f3ster por outros motivos. Mas, se acontecer algo assim, ser\u00e1 at\u00e9 uns quinze dias ap\u00f3s a vacina\u00e7\u00e3o&#8221;, explica. Ou seja, n\u00e3o seria justificativa para casos como o de Ana C\u00e9lia.<\/p>\n<p style=\"text-align: justify;\">&#8220;Seja como for, o abalo nas defesas causado pela covid-19 \u00e9 intenso e nem se compara ao provocado pela vacina&#8221;, refor\u00e7a o infectologista. Ou seja, a infec\u00e7\u00e3o pelo coronav\u00edrus propriamente dita \u00e9 que pode ter algum envolvimento.<\/p>\n<p style=\"text-align: justify;\">Para calar o burburinho, em novembro do ano passado cientistas da Universidade da Calif\u00f3rnia, nos Estados Unidos, publicaram um estudo com mais 2 milh\u00f5es de indiv\u00edduos vacinados contra a covid-19. Eles n\u00e3o viram qualquer associa\u00e7\u00e3o com um aumento no risco do herpes z\u00f3ster. Tire isso da mente.<\/p>\n<h2 style=\"text-align: justify;\"><strong>Quando a dor n\u00e3o passa<\/strong><\/h2>\n<p style=\"text-align: justify;\">Nas \u00faltimas semanas, Ana C\u00e9lia sentiu vontade de chorar por causa da dor que brota na lombar e desce castigando as pernas. &#8220;Se fico muito tempo de p\u00e9 ou se tento caminhar, meu corpo pede para se deitar&#8221;, diz.<\/p>\n<p style=\"text-align: justify;\">Noutro dia, ela se sentiu a pessoa mais feliz do mundo porque conseguiu remar. Mas, na manh\u00e3 seguinte, a dor se tornou ainda mais forte. &#8220;J\u00e1 me falaram que ela ficar\u00e1 assim, intermitente, por uns seis meses&#8221;, lamenta.<\/p>\n<p style=\"text-align: justify;\">Segundo Max Igor Lopes, o desafio do paciente \u00e9 estranhar ao sentir uma dor que parece se delimitar a uma faixa de pele. E o do especialista \u00e9 reconhecer o sintoma para entrar com o tratamento o quanto antes. Qualquer atraso ou at\u00e9 mesmo uma dose inadequada da medica\u00e7\u00e3o d\u00e1 tempo para o varicela z\u00f3ster danificar demais o nervo, o que \u00e9 capaz de perpetuar os sinais de dor.<\/p>\n<h2 style=\"text-align: justify;\"><strong>O que fazer depois<\/strong><\/h2>\n<p style=\"text-align: justify;\">Melhor \u2014 como sempre \u2014 seria nem ter nada disso. E s\u00f3 h\u00e1 um jeito: vacina. Antes, s\u00f3 havia no Brasil um imunizante feito a partir de v\u00edrus vivo atenuado, que n\u00e3o podia ser aplicado em pessoas com imunossupress\u00e3o. &#8220;Sua efic\u00e1cia tamb\u00e9m n\u00e3o era das mais altas, ficando em torno de 60% no primeiro ano e caindo depressa para 40% e 20% nos dois anos seguintes&#8221;, explica o doutor Max Lopes.<\/p>\n<p style=\"text-align: justify;\">Agora, por\u00e9m, j\u00e1 contamos com uma nova vacina feita de prote\u00ednas do v\u00edrus. Ela n\u00e3o tem essas limita\u00e7\u00f5es e a prote\u00e7\u00e3o se mant\u00e9m em mais de 95% nos cinco primeiros anos. No caso de quem teve z\u00f3ster, como Ana C\u00e9lia, os anticorpos produzidos pelo organismo v\u00e3o durar s\u00f3 uns seis meses. Passado esse prazo, melhor se vacinar. \u00c9 a \u00fanica garantia de manter o varicela quieto em seu canto.<\/p>\n<\/div>\n<\/div>\n<\/div>\n<\/div>\n<\/div>\n<\/div>\n<\/div>\n<\/article>\n<\/div>\n","protected":false},"excerpt":{"rendered":"<p>BLOG DA L\u00daCIA HELENA L\u00facia Helena O primeiro epis\u00f3dio foi no auge da pandemia, no in\u00edcio de 2021: &#8220;Senti uma dor na lombrar e, depois disso, surgiu um cobreirinho bem ali&#8221;, lembra-se a jornalista e escritora Ana C\u00e9lia Aschenbach. O diminutivo era enganador: n\u00e3o parecia algo t\u00e3o grande para o tormento que causaria. Cobreiro \u00e9 [&hellip;]<\/p>\n","protected":false},"author":2,"featured_media":113659,"comment_status":"open","ping_status":"open","sticky":false,"template":"","format":"standard","meta":[],"categories":[29,71],"tags":[638,641,639,636,637,640],"_links":{"self":[{"href":"https:\/\/www.blogdopaulonunes.com\/v5\/index.php\/wp-json\/wp\/v2\/posts\/113658"}],"collection":[{"href":"https:\/\/www.blogdopaulonunes.com\/v5\/index.php\/wp-json\/wp\/v2\/posts"}],"about":[{"href":"https:\/\/www.blogdopaulonunes.com\/v5\/index.php\/wp-json\/wp\/v2\/types\/post"}],"author":[{"embeddable":true,"href":"https:\/\/www.blogdopaulonunes.com\/v5\/index.php\/wp-json\/wp\/v2\/users\/2"}],"replies":[{"embeddable":true,"href":"https:\/\/www.blogdopaulonunes.com\/v5\/index.php\/wp-json\/wp\/v2\/comments?post=113658"}],"version-history":[{"count":1,"href":"https:\/\/www.blogdopaulonunes.com\/v5\/index.php\/wp-json\/wp\/v2\/posts\/113658\/revisions"}],"predecessor-version":[{"id":113660,"href":"https:\/\/www.blogdopaulonunes.com\/v5\/index.php\/wp-json\/wp\/v2\/posts\/113658\/revisions\/113660"}],"wp:featuredmedia":[{"embeddable":true,"href":"https:\/\/www.blogdopaulonunes.com\/v5\/index.php\/wp-json\/wp\/v2\/media\/113659"}],"wp:attachment":[{"href":"https:\/\/www.blogdopaulonunes.com\/v5\/index.php\/wp-json\/wp\/v2\/media?parent=113658"}],"wp:term":[{"taxonomy":"category","embeddable":true,"href":"https:\/\/www.blogdopaulonunes.com\/v5\/index.php\/wp-json\/wp\/v2\/categories?post=113658"},{"taxonomy":"post_tag","embeddable":true,"href":"https:\/\/www.blogdopaulonunes.com\/v5\/index.php\/wp-json\/wp\/v2\/tags?post=113658"}],"curies":[{"name":"wp","href":"https:\/\/api.w.org\/{rel}","templated":true}]}}