{"id":113633,"date":"2023-03-24T12:43:17","date_gmt":"2023-03-24T15:43:17","guid":{"rendered":"https:\/\/www.blogdopaulonunes.com\/v5\/?p=113633"},"modified":"2023-03-24T12:43:17","modified_gmt":"2023-03-24T15:43:17","slug":"brasil-paralelo-reincide","status":"publish","type":"post","link":"https:\/\/www.blogdopaulonunes.com\/v5\/index.php\/2023\/03\/24\/brasil-paralelo-reincide\/","title":{"rendered":"Brasil Paralelo reincide"},"content":{"rendered":"<h5 class=\"main__noticia--desc noticia__header--info\" style=\"text-align: justify;\"><span style=\"color: #ff0000;\">Produtora diz que faz document\u00e1rios, mas na verdade apresenta panfletos com inten\u00e7\u00e3o persuasiva pr\u00f3pria da propaganda pol\u00edtica e comercial<\/span><\/h5>\n<div class=\"noticia__header--autor\"><span class=\"noticia__header--autor--nome\">Eduardo Escorel<\/span><\/div>\n<p style=\"text-align: justify;\">Dispon\u00edveis para quem se inscreveu a tempo na plataforma da Brasil Paralelo, tr\u00eas epis\u00f3dios de\u00a0<i>A Direita no Brasil<\/i>, identificados com pompa e circunst\u00e2ncia como \u201catos\u201d, foram lan\u00e7ados de\u00a013 a 15\u00a0de mar\u00e7o. Dirigido por Henrique Viana e Lucas Ferrugem, com roteiro de Elton Mesquita e Juan Monta\u00f1o, a trilogia audiovisual prop\u00f5e relembrar primeiro \u201ccomo a corrente pol\u00edtica que parecia ter sido extinta retornou ao pensamento p\u00fablico e come\u00e7ou a mudar os rumos do pa\u00eds\u201d; depois, \u201ca transforma\u00e7\u00e3o pol\u00edtica brasileira simbolizada no impeachment de Dilma Rousseff e no governo de Jair Bolsonaro\u201d; e, finalmente, \u201cexaminar a derrota da nova direita nas elei\u00e7\u00f5es de 2022 e buscar respostas \u00e0 pergunta: afinal, existe futuro para a direita no Brasil?\u201d. Prop\u00f3sitos sem d\u00favida interessantes, mas frustrados.<\/p>\n<p style=\"text-align: justify;\">Vale lembrar que o nome da produtora de\u00a0<i>A Direita no Brasil<\/i>\u00a0\u2013 Brasil Paralelo \u2013, fundada em 2016, em Porto Alegre, \u00e9 inspirado no filme\u00a0<i>Interestelar<\/i>\u00a0(2014), de Christopher Nolan, no qual a tarefa do protagonista \u00e9 encontrar um planeta habit\u00e1vel no universo \u201cparalelo\u201d para salvar a humanidade do apocalipse. A miss\u00e3o assumida pela empresa ga\u00facha seria, portanto, difundir uma realidade coexistente, mas discrepante da que as pessoas est\u00e3o acostumadas a ver na grande m\u00eddia, conforme declarou um dos s\u00f3cios fundadores, Filipe Valerim.<\/p>\n<p style=\"text-align: justify;\">O evidente vi\u00e9s persuasivo do marketing e da doutrina\u00e7\u00e3o pol\u00edtica assumidos pela Brasil Paralelo ganhou conota\u00e7\u00f5es comprometedoras ao ser lan\u00e7ado o filme\u00a0<i>1964: O Brasil entre Armas e Livros<\/i>, de Valerim e Lucas Ferrugem, em 2019, com o \u201cobjetivo de mostrar o outro lado do regime militar\u201d. O que n\u00e3o passa, na verdade, de um panfleto audiovisual, conforme\u00a0artigo\u00a0publicado\u00a0<a href=\"https:\/\/piaui.folha.uol.com.br\/materia\/direita-na-tela\/\">na edi\u00e7\u00e3o 152 da\u00a0<i>piau\u00ed<\/i><\/a>, foi exibido na Assembleia Legislativa de S\u00e3o Paulo, dias ap\u00f3s estrear no YouTube. E, depois da sess\u00e3o, de acordo com\u00a0<i>O Estado de S. Paulo<\/i>, foi feito um \u201cdesagravo \u00e0 mem\u00f3ria do coronel Carlos Alberto Brilhante Ustra, ex-comandante do Destacamento de Opera\u00e7\u00f5es de Informa\u00e7\u00f5es (DOI), do II Ex\u00e9rcito, e ao delegado S\u00e9rgio Paranhos Fleury, do antigo Departamento de Ordem Pol\u00edtica e Social da Pol\u00edcia Civil de S\u00e3o Paulo, o Dops\u201d.<\/p>\n<div id=\"piaui-1054605805\" class=\"piaui-interna-001\" style=\"text-align: justify;\">\n<div id=\"banner-300x250-incremental-3\" data-google-query-id=\"CLq7qIHy9P0CFVZRuAQdNGUDsg\">\n<div id=\"google_ads_iframe_\/8804\/parceiros\/revista_piaui_1__container__\"><\/div>\n<\/div>\n<\/div>\n<p style=\"text-align: justify;\">Seria ingenuidade supor, portanto, que tendo essa origem\u00a0<i>A Direita no Brasil<\/i>\u00a0pudesse resultar \u00e0 altura da import\u00e2ncia de seu tema. A Brasil Paralelo reincide no mesmo erro cometido em\u00a0<i>1964: O Brasil entre Armas e Livros<\/i>\u00a0\u2013 anuncia ter feito um document\u00e1rio quando, na verdade, o que produziu foi uma colet\u00e2nea de depoimentos entrecortados com imagens de arquivo de m\u00e1 qualidade, na qual predomina inten\u00e7\u00e3o persuasiva pr\u00f3pria da propaganda pol\u00edtica e comercial, conduzida pela voz tonitruante de Valerim, atuando como apresentador e narrador.<\/p>\n<p style=\"text-align: justify;\">A acep\u00e7\u00e3o hodierna do termo document\u00e1rio n\u00e3o abrange projetos como esse que pretendam transmitir convic\u00e7\u00f5es adquiridas de antem\u00e3o, muito menos demonstrar teses formuladas\u00a0<i>a priori<\/i>. Filme document\u00e1rio pressup\u00f5e, de um lado, o registro de uma investiga\u00e7\u00e3o em curso, na tentativa de descobrir algo at\u00e9 ent\u00e3o desconhecido e, de outro, ser o resultado da intera\u00e7\u00e3o entre quem observa por meio da c\u00e2mera com quem \u00e9 observado.\u00a0<i>A Direita no Brasil<\/i>\u00a0\u00e9 mais uma produ\u00e7\u00e3o da Brasil Paralelo que ignora preceitos b\u00e1sicos que alicer\u00e7am uma das vertentes mais estimulantes do cinema contempor\u00e2neo, em favor de uma postura did\u00e1tica de quem se julga habilitado para ensinar.<\/p>\n<p style=\"text-align: justify;\">Logo no in\u00edcio, a apresenta\u00e7\u00e3o de\u00a0<i>A Direita no Brasil<\/i>\u00a0prop\u00f5e fazer uma autocr\u00edtica \u2013 \u201c\u00c9 preciso examinar o caminho percorrido para extrair li\u00e7\u00f5es e aprender com os erros\u2026\u201d \u2013, al\u00e9m de \u201couvir verdades dif\u00edceis e lembrar de mentiras f\u00e1ceis\u201d. No entanto, os tr\u00eas \u201catos\u201d omitem, por exemplo, o papel decisivo dos militares no governo federal de 2019 a 2022, assim como a influ\u00eancia dos evang\u00e9licos no resultado da elei\u00e7\u00e3o presidencial de 2018. Embora n\u00e3o faltem cr\u00edticas aos pronunciamentos aberrantes do ent\u00e3o presidente Bolsonaro, nenhum dos entrevistados assume responsabilidade por ele ter sido eleito presidente da Rep\u00fablica. As milhares de v\u00edtimas da\u00a0Covid, no Brasil, n\u00e3o impedem que a atua\u00e7\u00e3o do governo durante o per\u00edodo agudo da pandemia seja tratada com condescend\u00eancia e mesmo aprova\u00e7\u00e3o \u2013 \u201cPriorizar a liberdade de escolha da popula\u00e7\u00e3o\u201d teria sido a \u201cmaior e mais arriscada aposta\u201d de Bolsonaro e \u201cn\u00e3o demoraria a cobrar um alto pre\u00e7o\u201d, diz a narra\u00e7\u00e3o, concluindo adiante: \u201cA decis\u00e3o de Bolsonaro de defender a vida econ\u00f4mica do pa\u00eds enfraqueceu as prerrogativas morais da direita diante de uma popula\u00e7\u00e3o que temia pela pr\u00f3pria vida\u2026\u201d<\/p>\n<div id=\"piaui-1697547465\" class=\"piaui-interna-002\" style=\"text-align: justify;\">\n<div id=\"banner-300x250-incremental-4\" data-google-query-id=\"COnXhYHy9P0CFSCvlQIdl6sPIA\"><\/div>\n<\/div>\n<p style=\"text-align: justify;\">O terceiro \u201cato\u201d de\u00a0<i>A Direita no Brasil<\/i>, trazendo o subt\u00edtulo\u00a0<i>Li\u00e7\u00f5es de Abismo<\/i>, termina com um editorial de quase tr\u00eas minutos. Atrav\u00e9s da narra\u00e7\u00e3o o texto afirma, entre outras coisas, que \u201ca direita se via [<i>em 2013<\/i>] como um movimento nobre empreendendo a retomada dos valores mais altos do pa\u00eds\u2026 que tinham sido largados pelo ch\u00e3o,\u2026 mas, nos longos dez anos de intensa luta que se seguiram at\u00e9 a derrota em 2023 [<i>sic<\/i>], a direita se viu puxada para as trincheiras enlameadas da pol\u00edtica real. Um campo de batalha onde as formula\u00e7\u00f5es idealistas sempre correm o risco de n\u00e3o ter lugar\u2026 No per\u00edodo mais conturbado da Nova Rep\u00fablica, em que narrativas hostis, desinforma\u00e7\u00e3o e criminaliza\u00e7\u00e3o de novas ideias v\u00eam sendo usadas como armas pol\u00edticas, o liberalismo nos lembra da import\u00e2ncia da defesa da liberdade e o conservadorismo nos lembra que o trabalho da busca pela verdade nunca termina\u2026 Ao abra\u00e7ar a defesa da verdade, os conservadores nunca devem perder de vista o fato de que, embora a verdade seja dif\u00edcil de alcan\u00e7ar, sempre \u00e9 poss\u00edvel chegar mais perto dela ou mais longe. Sempre \u00e9 poss\u00edvel errar mais e errar menos. Refletindo sobre os erros cometidos e as esperan\u00e7as frustradas, pode-se constatar que o caminho \u00e9 dif\u00edcil, mas a hist\u00f3ria ensina que nunca \u00e9 imposs\u00edvel e, muitas vezes, simplesmente errar menos j\u00e1 faz toda diferen\u00e7a.\u201d<\/p>\n<p style=\"text-align: justify;\">Modelo de autoimagem indulgente feita de platitudes, o editorial carece de conex\u00e3o com o que se pode ver e ouvir em\u00a0<i>A Direita no Brasil<\/i>\u00a0e mais ainda com a atua\u00e7\u00e3o das correntes pol\u00edticas brasileiras de direita.<\/p>\n<p>*<\/p>\n<p>Destaque (XXX):<\/p>\n<p style=\"text-align: justify;\">\u201cComo \u00e9 que eu vejo? Eu vejo quase com desespero porque eu tento explicar para o meu filho o que aconteceu e eu n\u00e3o consigo. O que \u00e9 uma coisa completamente surreal\u2026 de repente tudo se desmanchou como um castelo de cartas.\u201d Christian Lohbauer, cofundador do Partido Novo, em\u00a0<i>A Direita no Brasil<\/i>, no final do segundo epis\u00f3dio.<\/p>\n<div class=\"main__advert banner-interna\">\n<div class=\"main__advert--content\">\n<div id=\"piaui-1541799647\" class=\"piaui-adsinglemiolo\">\n<div id=\"banner-300x250-area\" class=\"ad\" data-google-query-id=\"COHyhYLy9P0CFQJNuAQdV6kNkg\">\n<div id=\"google_ads_iframe_\/8804\/parceiros\/revista_piaui_4__container__\"><\/div>\n<\/div>\n<\/div>\n<\/div>\n<\/div>\n<div class=\"noticia__autor\">\n<div class=\"noticia__autor--img\"><img src=\"https:\/\/piaui.folha.uol.com.br\/wp-content\/uploads\/2015\/09\/eduardoescorel-v2.png\" alt=\"Eduardo Escorel\" width=\"120px\" \/><\/div>\n<div class=\"noticia__autor--info\">\n<p><span class=\"noticia__autor--nome\">Eduardo Escorel<\/span><\/p>\n<p class=\"noticia__autor--desc\">Eduardo Escorel, cineasta, diretor de\u00a0<i>Imagens do Estado Novo 1937-45<\/i><\/p>\n<\/div>\n<\/div>\n<div class=\"noticia__main--advert\">\n<div class=\"noticia__main--advert--content\"><\/div>\n<\/div>\n<div class=\"noticia__newsletter\">\n<div id=\"assine-a-newsletter-conteudo-908719bc79fcfc0d2ad6\" role=\"main\"><\/div>\n<\/div>\n<p>&nbsp;<\/p>\n<p>&nbsp;<\/p>\n<p>&nbsp;<\/p>\n<p>&nbsp;<\/p>\n","protected":false},"excerpt":{"rendered":"<p>Produtora diz que faz document\u00e1rios, mas na verdade apresenta panfletos com inten\u00e7\u00e3o persuasiva pr\u00f3pria da propaganda pol\u00edtica e comercial Eduardo Escorel Dispon\u00edveis para quem se inscreveu a tempo na plataforma da Brasil Paralelo, tr\u00eas epis\u00f3dios de\u00a0A Direita no Brasil, identificados com pompa e circunst\u00e2ncia como \u201catos\u201d, foram lan\u00e7ados de\u00a013 a 15\u00a0de mar\u00e7o. Dirigido por Henrique [&hellip;]<\/p>\n","protected":false},"author":2,"featured_media":113634,"comment_status":"open","ping_status":"open","sticky":false,"template":"","format":"standard","meta":[],"categories":[97,105],"tags":[610,607,608,609],"_links":{"self":[{"href":"https:\/\/www.blogdopaulonunes.com\/v5\/index.php\/wp-json\/wp\/v2\/posts\/113633"}],"collection":[{"href":"https:\/\/www.blogdopaulonunes.com\/v5\/index.php\/wp-json\/wp\/v2\/posts"}],"about":[{"href":"https:\/\/www.blogdopaulonunes.com\/v5\/index.php\/wp-json\/wp\/v2\/types\/post"}],"author":[{"embeddable":true,"href":"https:\/\/www.blogdopaulonunes.com\/v5\/index.php\/wp-json\/wp\/v2\/users\/2"}],"replies":[{"embeddable":true,"href":"https:\/\/www.blogdopaulonunes.com\/v5\/index.php\/wp-json\/wp\/v2\/comments?post=113633"}],"version-history":[{"count":1,"href":"https:\/\/www.blogdopaulonunes.com\/v5\/index.php\/wp-json\/wp\/v2\/posts\/113633\/revisions"}],"predecessor-version":[{"id":113635,"href":"https:\/\/www.blogdopaulonunes.com\/v5\/index.php\/wp-json\/wp\/v2\/posts\/113633\/revisions\/113635"}],"wp:featuredmedia":[{"embeddable":true,"href":"https:\/\/www.blogdopaulonunes.com\/v5\/index.php\/wp-json\/wp\/v2\/media\/113634"}],"wp:attachment":[{"href":"https:\/\/www.blogdopaulonunes.com\/v5\/index.php\/wp-json\/wp\/v2\/media?parent=113633"}],"wp:term":[{"taxonomy":"category","embeddable":true,"href":"https:\/\/www.blogdopaulonunes.com\/v5\/index.php\/wp-json\/wp\/v2\/categories?post=113633"},{"taxonomy":"post_tag","embeddable":true,"href":"https:\/\/www.blogdopaulonunes.com\/v5\/index.php\/wp-json\/wp\/v2\/tags?post=113633"}],"curies":[{"name":"wp","href":"https:\/\/api.w.org\/{rel}","templated":true}]}}