{"id":113627,"date":"2023-03-24T03:11:56","date_gmt":"2023-03-24T06:11:56","guid":{"rendered":"https:\/\/www.blogdopaulonunes.com\/v5\/?p=113627"},"modified":"2023-03-24T03:11:56","modified_gmt":"2023-03-24T06:11:56","slug":"advogado-de-presos-suspeitos-de-planejar-matar-autoridades-diz-que-moro-nunca-foi-alvo","status":"publish","type":"post","link":"https:\/\/www.blogdopaulonunes.com\/v5\/index.php\/2023\/03\/24\/advogado-de-presos-suspeitos-de-planejar-matar-autoridades-diz-que-moro-nunca-foi-alvo\/","title":{"rendered":"Advogado de presos suspeitos de planejar matar autoridades diz que Moro nunca foi alvo"},"content":{"rendered":"<p style=\"text-align: justify;\">&#8220;N\u00e3o vi em nenhum momento o nome de Sergio Moro&#8221;, afirmou o advogado Juan Felipe Souza sobre a opera\u00e7\u00e3o da PF que prendeu suspeitos de planejar o assassinato de autoridades<\/p>\n<p style=\"text-align: justify;\">Advogado de duas pessoas presas nesta quarta-feira (22) na\u00a0<a href=\"https:\/\/www.brasil247.com\/regionais\/sudeste\/pf-prende-suspeitos-de-planejar-assassinato-de-autoridades-moro-estaria-entre-os-alvos\" target=\"_blank\" rel=\"noopener\">Opera\u00e7\u00e3o Sequaz<\/a>, da Pol\u00edcia Federal, Juan Felipe Souza disse que o senador Sergio Moro (Uni\u00e3o Brasil-PR) nunca foi o alvo de criminosos respons\u00e1veis pelo planejamento do assassinato do parlamentar e outras autoridades p\u00fablicas.<\/p>\n<p style=\"text-align: justify;\">&#8220;Dos relat\u00f3rios que vi da Pol\u00edcia Federal, apesar do \u00f3timo trabalho de investiga\u00e7\u00e3o, n\u00e3o vi em nenhum momento o nome de Sergio Moro&#8221;, afirmou o advogado, que defende os detidos Herick da Silva Soares, 22 anos, e Franklin da Silva Correa, 26 anos. O relato dele foi publicado pelo\u00a0<a href=\"https:\/\/www.acidadeon.com\/campinas\/cotidiano\/Chefe-de-faccao-que-planejou-morte-de-Moro-morava-em-condominio-de-luxo-em-Santa-Barbara-dOeste-20230323-0030.html\" target=\"_blank\" rel=\"noopener\">jornal A Cidade On<\/a> (SP).<\/p>\n<p>Em sua\u00a0<a href=\"https:\/\/www.brasil247.com\/brasil\/moro-se-vitimiza-e-diz-que-lula-sera-culpado-se-algo-ocorrer-a-ele\" target=\"_blank\" rel=\"noopener\">vers\u00e3o<\/a>\u00a0sobre a investiga\u00e7\u00e3o da PF, Moro tentou ligar o presidente Luiz In\u00e1cio Lula da Silva ao suposto plano contra o parlamentar, um dos principais opositores do governo federal.<\/p>\n<p style=\"text-align: justify;\">A PF \u00e9 subordinada ao Minist\u00e9rio da Justi\u00e7a e Seguran\u00e7a P\u00fablica, comandado por Fl\u00e1vio Dino. Segundo o titular da pasta, a opera\u00e7\u00e3o policial\u00a0<a href=\"https:\/\/www.brasil247.com\/brasil\/flavio-dino-diz-que-policia-federal-mostrou-hoje-que-nao-e-aparelhada\" target=\"_blank\" rel=\"noopener\">n\u00e3o est\u00e1 politizada<\/a>. Jair Bolsonaro (PL), de quem Moro foi ministro da Justi\u00e7a, sofreu v\u00e1rios pedidos de impeachment. Uma das acusa\u00e7\u00f5es foi a de interfer\u00eancia da PF.<\/p>\n<p style=\"text-align: justify;\">Ex-juiz da Opera\u00e7\u00e3o Lava Jato, o senador de oposi\u00e7\u00e3o Sergio Moro tirou o presidente Lula da elei\u00e7\u00e3o de 2018 ao condenar e determinar a pris\u00e3o do petista por conta do processo do triplex em Guaruj\u00e1 (SP). Em 2021, o Supremo Tribunal Federal confirmou a\u00a0<a href=\"https:\/\/www.brasil247.com\/regionais\/brasilia\/carmen-lucia-muda-voto-e-stf-declara-moro-suspeito\" target=\"_blank\" rel=\"noopener\">decis\u00e3o anteriormente proferida pela Segunda Turma da Corte<\/a>\u00a0no sentido de\u00a0<a href=\"https:\/\/www.brasil247.com\/brasil\/gilmar-mendes-diverge-de-fachin-e-reafirma-voto-de-suspeicao-de-moro\" target=\"_blank\" rel=\"noopener\">declarar a suspei\u00e7\u00e3o\u00a0<\/a>de Moro nos processos contra o petista.<\/p>\n<p>Em 2022, o parlamentar tentava candidatura ao Senado, mas foi derrotado no Tribunal Regional Eleitoral (TRE-SP) por\u00a0<a href=\"https:\/\/www.brasil247.com\/poder\/moro-e-derrotado-e-nao-podera-ser-candidato-por-ter-fraudado-seu-domicilio-eleitoral\" target=\"_blank\" rel=\"noopener\">fraude em domic\u00edlio eleitoral\u00a0<\/a>e, como consequ\u00eancia, decidiu ser candidato pelo Paran\u00e1.<\/p>\n","protected":false},"excerpt":{"rendered":"<p>&#8220;N\u00e3o vi em nenhum momento o nome de Sergio Moro&#8221;, afirmou o advogado Juan Felipe Souza sobre a opera\u00e7\u00e3o da PF que prendeu suspeitos de planejar o assassinato de autoridades Advogado de duas pessoas presas nesta quarta-feira (22) na\u00a0Opera\u00e7\u00e3o Sequaz, da Pol\u00edcia Federal, Juan Felipe Souza disse que o senador Sergio Moro (Uni\u00e3o Brasil-PR) nunca [&hellip;]<\/p>\n","protected":false},"author":2,"featured_media":113628,"comment_status":"open","ping_status":"open","sticky":false,"template":"","format":"standard","meta":[],"categories":[23,105],"tags":[],"_links":{"self":[{"href":"https:\/\/www.blogdopaulonunes.com\/v5\/index.php\/wp-json\/wp\/v2\/posts\/113627"}],"collection":[{"href":"https:\/\/www.blogdopaulonunes.com\/v5\/index.php\/wp-json\/wp\/v2\/posts"}],"about":[{"href":"https:\/\/www.blogdopaulonunes.com\/v5\/index.php\/wp-json\/wp\/v2\/types\/post"}],"author":[{"embeddable":true,"href":"https:\/\/www.blogdopaulonunes.com\/v5\/index.php\/wp-json\/wp\/v2\/users\/2"}],"replies":[{"embeddable":true,"href":"https:\/\/www.blogdopaulonunes.com\/v5\/index.php\/wp-json\/wp\/v2\/comments?post=113627"}],"version-history":[{"count":1,"href":"https:\/\/www.blogdopaulonunes.com\/v5\/index.php\/wp-json\/wp\/v2\/posts\/113627\/revisions"}],"predecessor-version":[{"id":113629,"href":"https:\/\/www.blogdopaulonunes.com\/v5\/index.php\/wp-json\/wp\/v2\/posts\/113627\/revisions\/113629"}],"wp:featuredmedia":[{"embeddable":true,"href":"https:\/\/www.blogdopaulonunes.com\/v5\/index.php\/wp-json\/wp\/v2\/media\/113628"}],"wp:attachment":[{"href":"https:\/\/www.blogdopaulonunes.com\/v5\/index.php\/wp-json\/wp\/v2\/media?parent=113627"}],"wp:term":[{"taxonomy":"category","embeddable":true,"href":"https:\/\/www.blogdopaulonunes.com\/v5\/index.php\/wp-json\/wp\/v2\/categories?post=113627"},{"taxonomy":"post_tag","embeddable":true,"href":"https:\/\/www.blogdopaulonunes.com\/v5\/index.php\/wp-json\/wp\/v2\/tags?post=113627"}],"curies":[{"name":"wp","href":"https:\/\/api.w.org\/{rel}","templated":true}]}}