{"id":113624,"date":"2023-03-24T03:01:27","date_gmt":"2023-03-24T06:01:27","guid":{"rendered":"https:\/\/www.blogdopaulonunes.com\/v5\/?p=113624"},"modified":"2023-03-24T03:01:27","modified_gmt":"2023-03-24T06:01:27","slug":"vereadores-reforcam-campanha-da-fraternidade-2023-durante-sessao-na-camara-municipal","status":"publish","type":"post","link":"https:\/\/www.blogdopaulonunes.com\/v5\/index.php\/2023\/03\/24\/vereadores-reforcam-campanha-da-fraternidade-2023-durante-sessao-na-camara-municipal\/","title":{"rendered":"Vereadores refor\u00e7am Campanha da Fraternidade 2023 durante sess\u00e3o na C\u00e2mara Municipal"},"content":{"rendered":"<p>&nbsp;<\/p>\n<div>\n<div>\n<div style=\"text-align: justify;\">A Campanha da Fraternidade 2023, mobiliza\u00e7\u00e3o encabe\u00e7ada pela Igreja Cat\u00f3lica atrav\u00e9s da Confer\u00eancia Nacional dos Bispos do Brasil (CNBB), foi debatida em Sess\u00e3o Especial nessa quarta-feira, 22, na C\u00e2mara Municipal de Vit\u00f3ria da Conquista. A solenidade, que faz parte do calend\u00e1rio do Poder Legislativo e contou tamb\u00e9m com a participa\u00e7\u00e3o dos vereadores.<\/div>\n<div><\/div>\n<\/div>\n<div><img src=\"https:\/\/argus-cmvc.sfo2.digitaloceanspaces.com\/noticia\/2023-03-23\/sessofraternidade22Mar23115.jpg\" \/><\/div>\n<div><\/div>\n<div style=\"text-align: justify;\">O tema deste ano \u00e9 \u201cFraternidade e Fome\u201d e o lema \u201cDai-lhes v\u00f3s mesmos de comer\u201d. \u00c9 a terceira vez que a emerg\u00eancia sobre o enfrentamento da fome \u00e9 escolhida pela CNBB como tema.\u00a0 Segundo a entidade, o objetivo \u00e9 fomentar a\u00e7\u00f5es, em todos os n\u00edveis, para minimizar os impactos desta realidade na vida do povo brasileiro.<\/div>\n<div style=\"text-align: justify;\"><\/div>\n<div style=\"text-align: justify;\">Al\u00e9m de representantes da Igreja Cat\u00f3lica, Prefeitura Municipal e sociedade civil, a sess\u00e3o contou com a participa\u00e7\u00e3o dos vereadores que refor\u00e7aram a Campanha da Fraternidade e a necessidade de o tema do combate \u00e0 fome ser discutido e enfrentado o ano inteiro.<\/div>\n<div><\/div>\n<div style=\"text-align: justify;\"><img class=\"note-float-left\" src=\"https:\/\/argus-cmvc.sfo2.digitaloceanspaces.com\/noticia\/2023-03-23\/sessofraternidade22Mar2398.jpg\" \/><b>\u201cA\u00e7\u00e3o social \u00e9 cuidar das pessoas\u201d \u2013\u00a0<\/b>O vereador Luis Carlos Dud\u00e9 (MDB), L\u00edder da prefeita Sheila Lemos (Uni\u00e3o), criticou duramente o atual secret\u00e1rio de Desenvolvimento Social, Michael Farias. O parlamentar afirma que o gestor n\u00e3o fez qualquer campanha de combate \u00e0 fome, n\u00e3o participou de nenhuma a\u00e7\u00e3o da C\u00e2mara sobre esse tema e dificulta o apoio a projetos sociais.<\/div>\n<div style=\"text-align: justify;\"><\/div>\n<div style=\"text-align: justify;\">Dud\u00e9 ressaltou que \u201ca\u00e7\u00e3o social \u00e9 cuidar das pessoas\u201d e conclamou a prefeita a tomar uma atitude para a situa\u00e7\u00e3o da pasta porque as cr\u00edticas v\u00eam de v\u00e1rios segmentos. \u201cN\u00e3o \u00e9 porque sou L\u00edder da prefeita que vou aqui acobertar secret\u00e1rio\u201d, alertou.<\/div>\n<div style=\"text-align: justify;\"><\/div>\n<div style=\"text-align: justify;\">Em sua fala, parabenizou as a\u00e7\u00f5es de projetos sociais que levam ajuda a quem mais precisa nos bairros perif\u00e9ricos. Ele frisou que \u00e9 preciso vontade pol\u00edtica e \u201cchamar quem tem a caneta na m\u00e3o\u201d, seja a Uni\u00e3o, estados e munic\u00edpios, para um esfor\u00e7o conjunto para acabar com a fome. Do contr\u00e1rio, alerta: \u201cvai entrar governo, vai sair governo, e n\u00e3o se resolve\u201d.<\/div>\n<div><\/div>\n<div style=\"text-align: justify;\"><img class=\"note-float-right\" src=\"https:\/\/argus-cmvc.sfo2.digitaloceanspaces.com\/noticia\/2023-03-23\/sessofraternidade22Mar23102.jpg\" \/><b>Os desafios para superar a fome no Brasil \u2013\u00a0<\/b>O vereador Valdemir Dias (PT) ressaltou a import\u00e2ncia da Campanha da Fraternidade, destacando a oportunidade em colaborar para transformar a vida das pessoas, promovendo a solidariedade e fortalecendo a evangeliza\u00e7\u00e3o. Ele lamentou o fato de o Brasil ainda sofrer com a fome, apesar de toda produ\u00e7\u00e3o de alimentos registrada no pa\u00eds. \u201cAinda estamos num dos maiores flagelos da humanidade. Temos tecnologia, produ\u00e7\u00e3o em larga escala, mas ainda nos debatemos com a fome. Temos que fomentar pol\u00edticas de combate a esse mal\u201d, declarou. Valdemir parabenizou a iniciativa da Igreja Cat\u00f3lica, reafirmando o compromisso de promover esse debate durante todo ano.<\/div>\n<div><\/div>\n<div style=\"text-align: justify;\"><img class=\"note-float-left\" src=\"https:\/\/argus-cmvc.sfo2.digitaloceanspaces.com\/noticia\/2023-03-23\/sessofraternidade22Mar23108.jpg\" \/><b>M\u00e3os dadas \u2013<\/b>\u00a0O vereador Nildo Freitas (PSC) destacou que o problema da fome exige que todos deem as m\u00e3os, independente de posicionamentos pol\u00edtico-partid\u00e1rios. \u201cA proposta da Igreja Cat\u00f3lica \u00e9 fazer com que todos n\u00f3s unamos for\u00e7as para que possamos ajudar a cada irm\u00e3o, a cada irm\u00e3 que nesse momento n\u00e3o tem o que comer na sua casa. Precisamos estar de m\u00e3os dadas\u201d, disse o parlamentar.<\/div>\n<div><\/div>\n<div style=\"text-align: justify;\"><img class=\"note-float-right\" src=\"https:\/\/argus-cmvc.sfo2.digitaloceanspaces.com\/noticia\/2023-03-23\/sessofraternidade22Mar23114.jpg\" \/><b>A alimenta\u00e7\u00e3o \u00e9 um direito garantido pela constitui\u00e7\u00e3o \u2013<\/b>\u00a0Chico Estrella (Agir) destacou que a Constitui\u00e7\u00e3o Federal de 1988, a partir da emenda constitucional n\u00ba 64, elevou a alimenta\u00e7\u00e3o como direito social. Ele questionou a for\u00e7a jur\u00eddica diante de uma realidade t\u00e3o controversa.\u00a0 \u201cDe que adianta a Constitui\u00e7\u00e3o impor que n\u00e3o devemos ter fome em um pa\u00eds que \u00e9 campe\u00e3o em produ\u00e7\u00e3o de alimentos?\u201d, questionou.\u00a0 Chico fez uma reflex\u00e3o sobre o enfrentamento da fome, responsabilizando todos os atores sociais do pa\u00eds. \u201cSer\u00e1 que estamos fazendo a nossa parte ou esperando os nossos governantes?\u201d, questionou.<\/div>\n<div><\/div>\n<div style=\"text-align: justify;\"><img class=\"note-float-left\" src=\"https:\/\/argus-cmvc.sfo2.digitaloceanspaces.com\/noticia\/2023-03-23\/sessofraternidade22Mar2333.jpg\" \/><b>A\u00e7\u00e3o e ora\u00e7\u00e3o \u2013\u00a0<\/b>O presidente da C\u00e2mara, vereador Herm\u00ednio Oliveira (PODE), destacou que \u00e9 importante aliar a\u00e7\u00e3o social e ora\u00e7\u00e3o. \u201cConclamo a sociedade a agir para que essa triste situa\u00e7\u00e3o tenha outro cen\u00e1rio. Roguemos \u00e0 Nossa Senhora das Vit\u00f3rias que interceda na vida de cada um de n\u00f3s a trilharmos no caminho do Vosso Filho que \u00e9 a Verdade e a Vida, despertando o compromisso de dar o p\u00e3o a quem tem fome e fome de justi\u00e7a a quem tem p\u00e3o\u201d, disse o presidente do Poder Legislativo.<\/div>\n<\/div>\n","protected":false},"excerpt":{"rendered":"<p>&nbsp; A Campanha da Fraternidade 2023, mobiliza\u00e7\u00e3o encabe\u00e7ada pela Igreja Cat\u00f3lica atrav\u00e9s da Confer\u00eancia Nacional dos Bispos do Brasil (CNBB), foi debatida em Sess\u00e3o Especial nessa quarta-feira, 22, na C\u00e2mara Municipal de Vit\u00f3ria da Conquista. A solenidade, que faz parte do calend\u00e1rio do Poder Legislativo e contou tamb\u00e9m com a participa\u00e7\u00e3o dos vereadores. O tema [&hellip;]<\/p>\n","protected":false},"author":2,"featured_media":113625,"comment_status":"open","ping_status":"open","sticky":false,"template":"","format":"standard","meta":[],"categories":[81,105],"tags":[597,596,598],"_links":{"self":[{"href":"https:\/\/www.blogdopaulonunes.com\/v5\/index.php\/wp-json\/wp\/v2\/posts\/113624"}],"collection":[{"href":"https:\/\/www.blogdopaulonunes.com\/v5\/index.php\/wp-json\/wp\/v2\/posts"}],"about":[{"href":"https:\/\/www.blogdopaulonunes.com\/v5\/index.php\/wp-json\/wp\/v2\/types\/post"}],"author":[{"embeddable":true,"href":"https:\/\/www.blogdopaulonunes.com\/v5\/index.php\/wp-json\/wp\/v2\/users\/2"}],"replies":[{"embeddable":true,"href":"https:\/\/www.blogdopaulonunes.com\/v5\/index.php\/wp-json\/wp\/v2\/comments?post=113624"}],"version-history":[{"count":1,"href":"https:\/\/www.blogdopaulonunes.com\/v5\/index.php\/wp-json\/wp\/v2\/posts\/113624\/revisions"}],"predecessor-version":[{"id":113626,"href":"https:\/\/www.blogdopaulonunes.com\/v5\/index.php\/wp-json\/wp\/v2\/posts\/113624\/revisions\/113626"}],"wp:featuredmedia":[{"embeddable":true,"href":"https:\/\/www.blogdopaulonunes.com\/v5\/index.php\/wp-json\/wp\/v2\/media\/113625"}],"wp:attachment":[{"href":"https:\/\/www.blogdopaulonunes.com\/v5\/index.php\/wp-json\/wp\/v2\/media?parent=113624"}],"wp:term":[{"taxonomy":"category","embeddable":true,"href":"https:\/\/www.blogdopaulonunes.com\/v5\/index.php\/wp-json\/wp\/v2\/categories?post=113624"},{"taxonomy":"post_tag","embeddable":true,"href":"https:\/\/www.blogdopaulonunes.com\/v5\/index.php\/wp-json\/wp\/v2\/tags?post=113624"}],"curies":[{"name":"wp","href":"https:\/\/api.w.org\/{rel}","templated":true}]}}