{"id":113621,"date":"2023-03-24T02:43:29","date_gmt":"2023-03-24T05:43:29","guid":{"rendered":"https:\/\/www.blogdopaulonunes.com\/v5\/?p=113621"},"modified":"2023-03-24T02:43:29","modified_gmt":"2023-03-24T05:43:29","slug":"sergio-moro-cobra-jaques-wagner-sobre-lula-e-ouve-resposta","status":"publish","type":"post","link":"https:\/\/www.blogdopaulonunes.com\/v5\/index.php\/2023\/03\/24\/sergio-moro-cobra-jaques-wagner-sobre-lula-e-ouve-resposta\/","title":{"rendered":"Sergio Moro cobra Jaques Wagner sobre Lula e ouve resposta"},"content":{"rendered":"<h4 class=\"m-resume-single\">No plen\u00e1rio do Senado, Sergio Moro abordou Jaques Wagner, l\u00edder do governo, e cobrou o colega de parlamento sobre as declara\u00e7\u00f5es de Lula<\/h4>\n<p style=\"text-align: justify;\">No plen\u00e1rio do Senado,\u00a0<a href=\"https:\/\/www.metropoles.com\/tag\/sergio-moro\" target=\"_blank\" rel=\"noopener\">Sergio Moro<\/a>\u00a0abordou\u00a0<a href=\"https:\/\/www.metropoles.com\/tag\/jaques-wagner\" target=\"_blank\" rel=\"noopener\">Jaques Wagner<\/a>, l\u00edder do governo, nessa quarta-feira (22\/3). Antes de discursar sobre o plano do PCC para mat\u00e1-lo, o ex-juiz da Lava Jato cobrou o colega de parlamento sobre as b\u00e9licas declara\u00e7\u00f5es de Lula. Segundo Moro, elas incitam a viol\u00eancia.<\/p>\n<p style=\"text-align: justify;\">Wagner \u00e9 visto no parlamento como um pol\u00edtico moderado e tem boa rela\u00e7\u00e3o inclusive com o\u00a0<a href=\"https:\/\/www25.senado.leg.br\/web\/senadores\/senador\/-\/perfil\/5894\" target=\"_blank\" rel=\"noopener\">senador Fl\u00e1vio Bolsonaro<\/a>. Em di\u00e1logo com Moro, o petista chegou a reconhecer que Lula n\u00e3o mediu as palavras. Ponderou, contudo, que a declara\u00e7\u00e3o do presidente, da forma como saiu na m\u00eddia, soou distorcida.<\/p>\n<p style=\"text-align: justify;\">Segundo o senador petista, Lula afirmou que tinha vontade de foder Moro quando estava na pris\u00e3o. E argumentou que esse n\u00e3o \u00e9 o sentimento do companheiro agora, na Presid\u00eancia.<\/p>\n<p style=\"text-align: justify;\">O senador Weverton, do PDT, tamb\u00e9m participava da conversa. E disse que, quando estava no poder, Bolsonaro, aliado de Moro, tamb\u00e9m costumava dar declara\u00e7\u00f5es b\u00e9licas sobre advers\u00e1rios pol\u00edticos, incluindo Fl\u00e1vio Dino, atual ministro da Justi\u00e7a.<\/p>\n","protected":false},"excerpt":{"rendered":"<p>No plen\u00e1rio do Senado, Sergio Moro abordou Jaques Wagner, l\u00edder do governo, e cobrou o colega de parlamento sobre as declara\u00e7\u00f5es de Lula No plen\u00e1rio do Senado,\u00a0Sergio Moro\u00a0abordou\u00a0Jaques Wagner, l\u00edder do governo, nessa quarta-feira (22\/3). Antes de discursar sobre o plano do PCC para mat\u00e1-lo, o ex-juiz da Lava Jato cobrou o colega de parlamento [&hellip;]<\/p>\n","protected":false},"author":2,"featured_media":113622,"comment_status":"open","ping_status":"open","sticky":false,"template":"","format":"standard","meta":[],"categories":[23,72],"tags":[595,594,138,593],"_links":{"self":[{"href":"https:\/\/www.blogdopaulonunes.com\/v5\/index.php\/wp-json\/wp\/v2\/posts\/113621"}],"collection":[{"href":"https:\/\/www.blogdopaulonunes.com\/v5\/index.php\/wp-json\/wp\/v2\/posts"}],"about":[{"href":"https:\/\/www.blogdopaulonunes.com\/v5\/index.php\/wp-json\/wp\/v2\/types\/post"}],"author":[{"embeddable":true,"href":"https:\/\/www.blogdopaulonunes.com\/v5\/index.php\/wp-json\/wp\/v2\/users\/2"}],"replies":[{"embeddable":true,"href":"https:\/\/www.blogdopaulonunes.com\/v5\/index.php\/wp-json\/wp\/v2\/comments?post=113621"}],"version-history":[{"count":1,"href":"https:\/\/www.blogdopaulonunes.com\/v5\/index.php\/wp-json\/wp\/v2\/posts\/113621\/revisions"}],"predecessor-version":[{"id":113623,"href":"https:\/\/www.blogdopaulonunes.com\/v5\/index.php\/wp-json\/wp\/v2\/posts\/113621\/revisions\/113623"}],"wp:featuredmedia":[{"embeddable":true,"href":"https:\/\/www.blogdopaulonunes.com\/v5\/index.php\/wp-json\/wp\/v2\/media\/113622"}],"wp:attachment":[{"href":"https:\/\/www.blogdopaulonunes.com\/v5\/index.php\/wp-json\/wp\/v2\/media?parent=113621"}],"wp:term":[{"taxonomy":"category","embeddable":true,"href":"https:\/\/www.blogdopaulonunes.com\/v5\/index.php\/wp-json\/wp\/v2\/categories?post=113621"},{"taxonomy":"post_tag","embeddable":true,"href":"https:\/\/www.blogdopaulonunes.com\/v5\/index.php\/wp-json\/wp\/v2\/tags?post=113621"}],"curies":[{"name":"wp","href":"https:\/\/api.w.org\/{rel}","templated":true}]}}