{"id":113615,"date":"2023-03-24T02:19:19","date_gmt":"2023-03-24T05:19:19","guid":{"rendered":"https:\/\/www.blogdopaulonunes.com\/v5\/?p=113615"},"modified":"2023-03-24T02:19:19","modified_gmt":"2023-03-24T05:19:19","slug":"trabalhadores-dos-correios-se-filiam-ao-pt-bahia","status":"publish","type":"post","link":"https:\/\/www.blogdopaulonunes.com\/v5\/index.php\/2023\/03\/24\/trabalhadores-dos-correios-se-filiam-ao-pt-bahia\/","title":{"rendered":"Trabalhadores dos Correios se filiam ao PT Bahia"},"content":{"rendered":"<p style=\"text-align: justify;\"><b><br \/>\n<\/b><br \/>\nQuase 100 trabalhadores dos Correios integrantes do Sincotelba (Sindicato dos Trabalhadores da Empresa Brasileira de Correios e Tel\u00e9grafo) se filiaram ao Partido dos Trabalhadores da Bahia nesta quinta-feira, 23, na sede do sindicato, localizado em Salvador, que reuniu funcion\u00e1rios, dirigentes do PT Bahia e o deputado federal Z\u00e9 Neto. Os novos filiados e dirigentes da associa\u00e7\u00e3o destacaram que a filia\u00e7\u00e3o da classe \u00e0 legenda se d\u00e1 pelas afinidades das bandeiras de defesa social e tamb\u00e9m para fortalecer a luta da categoria.<\/p>\n<p>Presente no ato, o presidente do PT Bahia, \u00c9den Valadares destacou que a chegada dos novos filiados era motivo de &#8220;orgulho&#8221;. &#8220;Hoje \u00e9 dia de celebrar, de comemorar, \u00e9 dia de orgulho para n\u00f3s do PT. Cada um e cada uma de voc\u00eas que hoje formaliza a filia\u00e7\u00e3o ao PT &#8211; na verdade, voc\u00eas est\u00e3o fazendo um processo de formaliza\u00e7\u00e3o porque voc\u00eas j\u00e1 carregam o suor na labuta, na l\u00e1grima, no dia a dia de voc\u00eas o petismo, a luta da classe trabalhadora. Mas \u00e9 um ato important\u00edssimo porque voc\u00eas formalizam \u00a0o engajamento na luta&#8221;, destacou \u00c9den.<\/p>\n<p>O dirigente estadual do PT Bahia disse ainda que a filia\u00e7\u00e3o \u00e9 um ato de reconhecimento dos Trabalhadores dos Correios \u00e0 bandeira de defesa PT. \u00a0&#8220;O presidente Lula desafiou o povo brasileiro a dizer que a classe trabalhadora, que cada homem e mulher, com seu pr\u00f3prio suor, que sustenta e constr\u00f3i esse pa\u00eds tinha que retomar as r\u00e9deas da hist\u00f3ria na sua m\u00e3o. Ningu\u00e9m mais vai falar por n\u00f3s, ningu\u00e9m mais vai falar por voc\u00eas sen\u00e3o cada um e cada uma aqui. \u00c9 isso que o PT \u00e9: um grito de emancipa\u00e7\u00e3o, de independ\u00eancia e de autonomia da classe trabalhadora&#8221;, destacou o presidente.<\/p>\n<p>O presidente da Sincotelba, Josu\u00e9 Canto, falou sobre a import\u00e2ncia da filia\u00e7\u00e3o para a categoria. &#8220;O que nos motivou, n\u00f3s trabalhadores dos Correios e hoje os dirigentes do Sincotelba termos feito esse trabalho pol\u00edtico, \u00e9 de difundir o projeto pol\u00edtico de esquerda, o projeto que o PT e a esquerda t\u00eam para a sociedade. Nossa inten\u00e7\u00e3o \u00e9 construir um trabalho pol\u00edtico mais forte perante toda a categoria, difundir as defesas do social, da sa\u00fade, da educa\u00e7\u00e3o e mostrar at\u00e9 para a sociedade, dentro dos Correios e fora dos Correios, que \u00e9 atrav\u00e9s de tomar uma posi\u00e7\u00e3o partid\u00e1ria, de escolher o seu partido ideal que defenda o trabalhador para que possamos crescer como projeto pol\u00edtico nacional\u201d.<\/p>\n","protected":false},"excerpt":{"rendered":"<p>Quase 100 trabalhadores dos Correios integrantes do Sincotelba (Sindicato dos Trabalhadores da Empresa Brasileira de Correios e Tel\u00e9grafo) se filiaram ao Partido dos Trabalhadores da Bahia nesta quinta-feira, 23, na sede do sindicato, localizado em Salvador, que reuniu funcion\u00e1rios, dirigentes do PT Bahia e o deputado federal Z\u00e9 Neto. Os novos filiados e dirigentes da [&hellip;]<\/p>\n","protected":false},"author":2,"featured_media":113616,"comment_status":"open","ping_status":"open","sticky":false,"template":"","format":"standard","meta":[],"categories":[22,71],"tags":[234,589,590,137],"_links":{"self":[{"href":"https:\/\/www.blogdopaulonunes.com\/v5\/index.php\/wp-json\/wp\/v2\/posts\/113615"}],"collection":[{"href":"https:\/\/www.blogdopaulonunes.com\/v5\/index.php\/wp-json\/wp\/v2\/posts"}],"about":[{"href":"https:\/\/www.blogdopaulonunes.com\/v5\/index.php\/wp-json\/wp\/v2\/types\/post"}],"author":[{"embeddable":true,"href":"https:\/\/www.blogdopaulonunes.com\/v5\/index.php\/wp-json\/wp\/v2\/users\/2"}],"replies":[{"embeddable":true,"href":"https:\/\/www.blogdopaulonunes.com\/v5\/index.php\/wp-json\/wp\/v2\/comments?post=113615"}],"version-history":[{"count":1,"href":"https:\/\/www.blogdopaulonunes.com\/v5\/index.php\/wp-json\/wp\/v2\/posts\/113615\/revisions"}],"predecessor-version":[{"id":113617,"href":"https:\/\/www.blogdopaulonunes.com\/v5\/index.php\/wp-json\/wp\/v2\/posts\/113615\/revisions\/113617"}],"wp:featuredmedia":[{"embeddable":true,"href":"https:\/\/www.blogdopaulonunes.com\/v5\/index.php\/wp-json\/wp\/v2\/media\/113616"}],"wp:attachment":[{"href":"https:\/\/www.blogdopaulonunes.com\/v5\/index.php\/wp-json\/wp\/v2\/media?parent=113615"}],"wp:term":[{"taxonomy":"category","embeddable":true,"href":"https:\/\/www.blogdopaulonunes.com\/v5\/index.php\/wp-json\/wp\/v2\/categories?post=113615"},{"taxonomy":"post_tag","embeddable":true,"href":"https:\/\/www.blogdopaulonunes.com\/v5\/index.php\/wp-json\/wp\/v2\/tags?post=113615"}],"curies":[{"name":"wp","href":"https:\/\/api.w.org\/{rel}","templated":true}]}}