{"id":113611,"date":"2023-03-24T02:12:03","date_gmt":"2023-03-24T05:12:03","guid":{"rendered":"https:\/\/www.blogdopaulonunes.com\/v5\/?p=113611"},"modified":"2023-03-24T02:23:07","modified_gmt":"2023-03-24T05:23:07","slug":"lesa-patria-pf-prende-major-acusado-de-ensinar-taticas-de-guerrilha-a-radicais","status":"publish","type":"post","link":"https:\/\/www.blogdopaulonunes.com\/v5\/index.php\/2023\/03\/24\/lesa-patria-pf-prende-major-acusado-de-ensinar-taticas-de-guerrilha-a-radicais\/","title":{"rendered":"Lesa-P\u00e1tria: PF prende major acusado de ensinar t\u00e1ticas de guerrilha a radicais"},"content":{"rendered":"<p><strong>PF prende major acusado de ensinar t\u00e1ticas de guerrilha a radicais<\/strong><\/p>\n<p style=\"text-align: justify;\">O major da reserva da Pol\u00edcia Militar do Distrito Federal (PMDF) que liderou o acampamento golpista em frente ao Quartel-General do Ex\u00e9rcito foi preso na manh\u00e3 desta quinta-feira (23\/3) pela Pol\u00edcia Federal no \u00e2mbito da 9\u00aa fase da Opera\u00e7\u00e3o Lesa P\u00e1tria.<\/p>\n<p data-gtm-vis-recent-on-screen-8752935_845=\"24757\" data-gtm-vis-first-on-screen-8752935_845=\"24757\" data-gtm-vis-total-visible-time-8752935_845=\"100\" data-gtm-vis-has-fired-8752935_845=\"1\">Cl\u00e1udio Mendes dos Santos, 49 anos, esteve por mais de 60 dias no acampamento golpista e acabou fugindo depois dos ataques antidemocr\u00e1ticos de 8 de janeiro. Ele chegou a comemorar, em mensagem de WhatsApp: \u201cAinda n\u00e3o \u2018t\u00f4\u2019 preso\u201d. O militar foi detido no Riacho Fundo, no DF.<\/p>\n<p style=\"text-align: justify;\">O mandado de pris\u00e3o preventiva foi cumprido em endere\u00e7o no Riacho Fundo, cidade do Distrito Federal, em mais uma fase da Opera\u00e7\u00e3o Lesa P\u00e1tria. A pessoa, que n\u00e3o foi identificada, \u00e9 suspeita de incitar os atos antidemocr\u00e1ticos e um dos administradores dos recursos que financiavam as a\u00e7\u00f5es.<\/p>\n<p style=\"text-align: justify;\">De acordo com a PF, as investiga\u00e7\u00f5es indicam ainda que o preso teria ensinado t\u00e1ticas de guerrilha para os participantes do acampamento situado no Quartel Geral (QG) do Ex\u00e9rcito, em Bras\u00edlia.<\/p>\n<p style=\"text-align: justify;\">A PF diz que os fatos investigados constituem, em tese, os crimes de aboli\u00e7\u00e3o violenta do Estado Democr\u00e1tico de Direito, golpe de Estado, dano qualificado, associa\u00e7\u00e3o criminosa, incita\u00e7\u00e3o ao crime, destrui\u00e7\u00e3o e deteriora\u00e7\u00e3o ou inutiliza\u00e7\u00e3o de bem especialmente protegido.<\/p>\n<p style=\"text-align: justify;\">As investiga\u00e7\u00f5es continuam em curso e a Opera\u00e7\u00e3o Lesa P\u00e1tria \u00e9 permanente, com atualiza\u00e7\u00f5es peri\u00f3dicas acerca do n\u00famero de mandados judiciais expedidos, pessoas capturadas e foragidas.<\/p>\n<p>&nbsp;<\/p>\n<p>&nbsp;<\/p>\n","protected":false},"excerpt":{"rendered":"<p>PF prende major acusado de ensinar t\u00e1ticas de guerrilha a radicais O major da reserva da Pol\u00edcia Militar do Distrito Federal (PMDF) que liderou o acampamento golpista em frente ao Quartel-General do Ex\u00e9rcito foi preso na manh\u00e3 desta quinta-feira (23\/3) pela Pol\u00edcia Federal no \u00e2mbito da 9\u00aa fase da Opera\u00e7\u00e3o Lesa P\u00e1tria. Cl\u00e1udio Mendes dos [&hellip;]<\/p>\n","protected":false},"author":2,"featured_media":113613,"comment_status":"open","ping_status":"open","sticky":false,"template":"","format":"standard","meta":[],"categories":[94,105],"tags":[586,592,587,584,583,591,585,588],"_links":{"self":[{"href":"https:\/\/www.blogdopaulonunes.com\/v5\/index.php\/wp-json\/wp\/v2\/posts\/113611"}],"collection":[{"href":"https:\/\/www.blogdopaulonunes.com\/v5\/index.php\/wp-json\/wp\/v2\/posts"}],"about":[{"href":"https:\/\/www.blogdopaulonunes.com\/v5\/index.php\/wp-json\/wp\/v2\/types\/post"}],"author":[{"embeddable":true,"href":"https:\/\/www.blogdopaulonunes.com\/v5\/index.php\/wp-json\/wp\/v2\/users\/2"}],"replies":[{"embeddable":true,"href":"https:\/\/www.blogdopaulonunes.com\/v5\/index.php\/wp-json\/wp\/v2\/comments?post=113611"}],"version-history":[{"count":1,"href":"https:\/\/www.blogdopaulonunes.com\/v5\/index.php\/wp-json\/wp\/v2\/posts\/113611\/revisions"}],"predecessor-version":[{"id":113614,"href":"https:\/\/www.blogdopaulonunes.com\/v5\/index.php\/wp-json\/wp\/v2\/posts\/113611\/revisions\/113614"}],"wp:featuredmedia":[{"embeddable":true,"href":"https:\/\/www.blogdopaulonunes.com\/v5\/index.php\/wp-json\/wp\/v2\/media\/113613"}],"wp:attachment":[{"href":"https:\/\/www.blogdopaulonunes.com\/v5\/index.php\/wp-json\/wp\/v2\/media?parent=113611"}],"wp:term":[{"taxonomy":"category","embeddable":true,"href":"https:\/\/www.blogdopaulonunes.com\/v5\/index.php\/wp-json\/wp\/v2\/categories?post=113611"},{"taxonomy":"post_tag","embeddable":true,"href":"https:\/\/www.blogdopaulonunes.com\/v5\/index.php\/wp-json\/wp\/v2\/tags?post=113611"}],"curies":[{"name":"wp","href":"https:\/\/api.w.org\/{rel}","templated":true}]}}