{"id":113504,"date":"2023-03-15T04:36:04","date_gmt":"2023-03-15T07:36:04","guid":{"rendered":"https:\/\/www.blogdopaulonunes.com\/v5\/?p=113504"},"modified":"2023-03-15T04:36:04","modified_gmt":"2023-03-15T07:36:04","slug":"governo-bolsonaro-deixou-vencer-39-milhoes-de-vacinas-contra-covid-avaliadas-em-r-2-bilhoes","status":"publish","type":"post","link":"https:\/\/www.blogdopaulonunes.com\/v5\/index.php\/2023\/03\/15\/governo-bolsonaro-deixou-vencer-39-milhoes-de-vacinas-contra-covid-avaliadas-em-r-2-bilhoes\/","title":{"rendered":"Governo Bolsonaro deixou vencer 39 milh\u00f5es de vacinas contra Covid, avaliadas em R$ 2 bilh\u00f5es"},"content":{"rendered":"<p style=\"text-align: justify;\"><strong>Ministro da Sa\u00fade no governo Jair Bolsonaro, Marcelo Queiroga afirmou que seus secret\u00e1rios eram os respons\u00e1veis pelo controle dos estoques<\/strong><\/p>\n<p style=\"text-align: justify;\"><b>247<\/b>\u00a0&#8211; O Minist\u00e9rio da Sa\u00fade perdeu ao menos 38,9 milh\u00f5es de doses de vacinas contra a Covid-19, avaliadas em cerca de R$ 2 bilh\u00f5es. Cerca de 2 milh\u00f5es de unidades foram descartadas e 31 milh\u00f5es ser\u00e3o queimadas. Outros 5,9 milh\u00f5es ainda n\u00e3o tiveram um destino definido. Ministro da Sa\u00fade no governo Jair Bolsonaro (PL), Marcelo Queiroga afirmou que seus secret\u00e1rios eram os respons\u00e1veis pelo controle dos estoques.<\/p>\n<p style=\"text-align: justify;\">&#8220;As vacinas foram adquiridas em fun\u00e7\u00e3o da popula\u00e7\u00e3o brasileira, como sabemos, a ades\u00e3o \u00e0s vacinas diminuiu depois do controle sanit\u00e1rio da doen\u00e7a em todo o mundo. Pelo que fui informado, a maior parte das vacinas vencidas s\u00e3o da Fiocruz&#8221;, disse Queiroga, conforem relato poublicado nesta ter\u00e7a-feira (14) pelo\u00a0<a href=\"https:\/\/www1.folha.uol.com.br\/equilibrioesaude\/2023\/03\/ministerio-da-saude-deixou-vencer-39-milhoes-de-vacinas-contra-covid-avaliadas-em-r-2-bi.shtml\" target=\"_blank\" rel=\"noopener\">jornal Folha de S.Paulo<\/a>.<\/p>\n<p style=\"text-align: justify;\">Jair Bolsonaro e o ex-ministro foram alguns dos alvos da Comiss\u00e3o Parlamentar de Inqu\u00e9rito da Covid, que sugeriu a autoridades indiciamentos deles dois e 79 indiciamentos em 2021.<\/p>\n<p style=\"text-align: justify;\">Atual secret\u00e1ria de Vigil\u00e2ncia em Sa\u00fade e Ambiente do Minist\u00e9rio da Sa\u00fade, Ethel Maciel disse que o governo Jair Bolsonaro (PL) n\u00e3o compartilhou dados sobre os estoques com a equipe do presidente Luiz In\u00e1cio Lula da Silva (PT) durante a transi\u00e7\u00e3o de governo.<\/p>\n<p style=\"text-align: justify;\">&#8220;A gente pegou um governo com estoque de vacinas vencidas e para vencer, enquanto aquelas que precis\u00e1vamos n\u00e3o tinham estoque. N\u00e3o havia nem contrato [encomendando as doses] no caso das vacinas pedi\u00e1tricas e bivalentes&#8221;, disse. &#8220;Se n\u00e3o fosse o negacionismo, essas doses n\u00e3o estariam nos estoques. Se tivesse acontecido um esfor\u00e7o, como estamos fazendo agora, com campanhas educativas, alinhamento com gestores municipais e estaduais, essas vacinas n\u00e3o teriam vencido&#8221;.<\/p>\n","protected":false},"excerpt":{"rendered":"<p>Ministro da Sa\u00fade no governo Jair Bolsonaro, Marcelo Queiroga afirmou que seus secret\u00e1rios eram os respons\u00e1veis pelo controle dos estoques 247\u00a0&#8211; O Minist\u00e9rio da Sa\u00fade perdeu ao menos 38,9 milh\u00f5es de doses de vacinas contra a Covid-19, avaliadas em cerca de R$ 2 bilh\u00f5es. Cerca de 2 milh\u00f5es de unidades foram descartadas e 31 milh\u00f5es [&hellip;]<\/p>\n","protected":false},"author":2,"featured_media":113505,"comment_status":"open","ping_status":"open","sticky":false,"template":"","format":"standard","meta":[],"categories":[29,71],"tags":[151,484,483,482,485],"_links":{"self":[{"href":"https:\/\/www.blogdopaulonunes.com\/v5\/index.php\/wp-json\/wp\/v2\/posts\/113504"}],"collection":[{"href":"https:\/\/www.blogdopaulonunes.com\/v5\/index.php\/wp-json\/wp\/v2\/posts"}],"about":[{"href":"https:\/\/www.blogdopaulonunes.com\/v5\/index.php\/wp-json\/wp\/v2\/types\/post"}],"author":[{"embeddable":true,"href":"https:\/\/www.blogdopaulonunes.com\/v5\/index.php\/wp-json\/wp\/v2\/users\/2"}],"replies":[{"embeddable":true,"href":"https:\/\/www.blogdopaulonunes.com\/v5\/index.php\/wp-json\/wp\/v2\/comments?post=113504"}],"version-history":[{"count":1,"href":"https:\/\/www.blogdopaulonunes.com\/v5\/index.php\/wp-json\/wp\/v2\/posts\/113504\/revisions"}],"predecessor-version":[{"id":113506,"href":"https:\/\/www.blogdopaulonunes.com\/v5\/index.php\/wp-json\/wp\/v2\/posts\/113504\/revisions\/113506"}],"wp:featuredmedia":[{"embeddable":true,"href":"https:\/\/www.blogdopaulonunes.com\/v5\/index.php\/wp-json\/wp\/v2\/media\/113505"}],"wp:attachment":[{"href":"https:\/\/www.blogdopaulonunes.com\/v5\/index.php\/wp-json\/wp\/v2\/media?parent=113504"}],"wp:term":[{"taxonomy":"category","embeddable":true,"href":"https:\/\/www.blogdopaulonunes.com\/v5\/index.php\/wp-json\/wp\/v2\/categories?post=113504"},{"taxonomy":"post_tag","embeddable":true,"href":"https:\/\/www.blogdopaulonunes.com\/v5\/index.php\/wp-json\/wp\/v2\/tags?post=113504"}],"curies":[{"name":"wp","href":"https:\/\/api.w.org\/{rel}","templated":true}]}}