{"id":113448,"date":"2023-03-11T11:16:07","date_gmt":"2023-03-11T14:16:07","guid":{"rendered":"https:\/\/www.blogdopaulonunes.com\/v5\/?p=113448"},"modified":"2023-03-11T11:16:31","modified_gmt":"2023-03-11T14:16:31","slug":"procon-ba-realiza-mutirao-de-negociacao-de-dividas-em-semana-do-consumidor","status":"publish","type":"post","link":"https:\/\/www.blogdopaulonunes.com\/v5\/index.php\/2023\/03\/11\/procon-ba-realiza-mutirao-de-negociacao-de-dividas-em-semana-do-consumidor\/","title":{"rendered":"Procon-BA realiza Mutir\u00e3o de Negocia\u00e7\u00e3o de D\u00edvidas em Semana do Consumidor"},"content":{"rendered":"<p style=\"font-weight: 400;\"><em>A a\u00e7\u00e3o acontece de segunda a sexta-feira (13 a 17), na sede do Procon (Salvador), e nas unidades dos SAC\u2019s do interior do estado\u00a0<\/em><\/p>\n<p style=\"font-weight: 400;\">A partir de segunda-feira (13), consumidores baianos podem renegociar suas d\u00edvidas no Mutir\u00e3o de Negocia\u00e7\u00e3o de D\u00edvidas. A negocia\u00e7\u00e3o estar\u00e1 aberta tanto com institui\u00e7\u00f5es financeiras, quanto com prestadoras de servi\u00e7os essenciais como Embasa e Neoenergia (Coelba). O atendimento ser\u00e1 por ordem de chegada, na sede Central do Procon-BA, na Rua Carlos Gomes, em Salvador, das 8h30 \u00e0s 16h.<\/p>\n<p style=\"font-weight: 400; text-align: justify;\">Nas cidades do interior do estado, o atendimento ser\u00e1 realizado de acordo com o hor\u00e1rio e forma de atendimento da unidade SAC \u00e0 qual o posto est\u00e1 vinculado. Para saber o local e hor\u00e1rio de funcionamento do posto do Procon-BA o consumidor dever\u00e1 acessar a plataforma<a href=\"https:\/\/www.sacdigital.ba.gov.br\/\" data-saferedirecturl=\"https:\/\/www.google.com\/url?q=https:\/\/www.sacdigital.ba.gov.br\/&amp;source=gmail&amp;ust=1678622633858000&amp;usg=AOvVaw2-HFlAvEgepZtFSofHgYpO\">\u00a0digital do SAC<\/a>\u00a0ou pelo aplicativo IOS e Android.<\/p>\n<p style=\"font-weight: 400; text-align: justify;\">A a\u00e7\u00e3o faz parte da Semana do Consumidor, que acontece at\u00e9 sexta-feira (17), em alus\u00e3o ao Dia Mundial do Consumidor, comemorado na quarta-feira (15), sob a coordena\u00e7\u00e3o da Superintend\u00eancia de Prote\u00e7\u00e3o e Defesa do Consumidor (Procon-BA), \u00f3rg\u00e3o vinculado \u00e0 Secretaria de Justi\u00e7a e Direitos Humanos da Bahia (SJDH).<\/p>\n<p style=\"font-weight: 400; text-align: justify;\">Durante a Semana do Consumidor, tamb\u00e9m ser\u00e3o realizadas campanhas educativas, com distribui\u00e7\u00e3o de material e de exemplares do C\u00f3digo de Defesa do Consumidor \u2013 CDC, e realizadas opera\u00e7\u00f5es de fiscaliza\u00e7\u00e3o em diversos estabelecimentos comerciais da capital baiana para inibir pr\u00e1ticas abusivas.<\/p>\n<p style=\"font-weight: 400; text-align: justify;\">No dia 15, \u00e0s 14h30, ser\u00e1 divulgado o Cadastro de Reclama\u00e7\u00f5es Fundamentadas 2022 (ranking das empresas mais reclamadas no \u00f3rg\u00e3o), em um evento que acontecer\u00e1 no audit\u00f3rio da Ordem dos Advogados do Brasil (OAB-BA), que fica na Rua Port\u00e3o da Piedade, 2 de Julho, Salvador.<\/p>\n<p style=\"text-align: justify;\"><strong><em>Foto:\u00a0Camila-Souza\/GOVBA<\/em><\/strong><\/p>\n","protected":false},"excerpt":{"rendered":"<p>A a\u00e7\u00e3o acontece de segunda a sexta-feira (13 a 17), na sede do Procon (Salvador), e nas unidades dos SAC\u2019s do interior do estado\u00a0 A partir de segunda-feira (13), consumidores baianos podem renegociar suas d\u00edvidas no Mutir\u00e3o de Negocia\u00e7\u00e3o de D\u00edvidas. A negocia\u00e7\u00e3o estar\u00e1 aberta tanto com institui\u00e7\u00f5es financeiras, quanto com prestadoras de servi\u00e7os essenciais [&hellip;]<\/p>\n","protected":false},"author":2,"featured_media":113450,"comment_status":"open","ping_status":"open","sticky":false,"template":"","format":"standard","meta":[],"categories":[78,105],"tags":[440],"_links":{"self":[{"href":"https:\/\/www.blogdopaulonunes.com\/v5\/index.php\/wp-json\/wp\/v2\/posts\/113448"}],"collection":[{"href":"https:\/\/www.blogdopaulonunes.com\/v5\/index.php\/wp-json\/wp\/v2\/posts"}],"about":[{"href":"https:\/\/www.blogdopaulonunes.com\/v5\/index.php\/wp-json\/wp\/v2\/types\/post"}],"author":[{"embeddable":true,"href":"https:\/\/www.blogdopaulonunes.com\/v5\/index.php\/wp-json\/wp\/v2\/users\/2"}],"replies":[{"embeddable":true,"href":"https:\/\/www.blogdopaulonunes.com\/v5\/index.php\/wp-json\/wp\/v2\/comments?post=113448"}],"version-history":[{"count":2,"href":"https:\/\/www.blogdopaulonunes.com\/v5\/index.php\/wp-json\/wp\/v2\/posts\/113448\/revisions"}],"predecessor-version":[{"id":113452,"href":"https:\/\/www.blogdopaulonunes.com\/v5\/index.php\/wp-json\/wp\/v2\/posts\/113448\/revisions\/113452"}],"wp:featuredmedia":[{"embeddable":true,"href":"https:\/\/www.blogdopaulonunes.com\/v5\/index.php\/wp-json\/wp\/v2\/media\/113450"}],"wp:attachment":[{"href":"https:\/\/www.blogdopaulonunes.com\/v5\/index.php\/wp-json\/wp\/v2\/media?parent=113448"}],"wp:term":[{"taxonomy":"category","embeddable":true,"href":"https:\/\/www.blogdopaulonunes.com\/v5\/index.php\/wp-json\/wp\/v2\/categories?post=113448"},{"taxonomy":"post_tag","embeddable":true,"href":"https:\/\/www.blogdopaulonunes.com\/v5\/index.php\/wp-json\/wp\/v2\/tags?post=113448"}],"curies":[{"name":"wp","href":"https:\/\/api.w.org\/{rel}","templated":true}]}}