{"id":113444,"date":"2023-03-11T10:55:14","date_gmt":"2023-03-11T13:55:14","guid":{"rendered":"https:\/\/www.blogdopaulonunes.com\/v5\/?p=113444"},"modified":"2023-03-11T10:55:14","modified_gmt":"2023-03-11T13:55:14","slug":"jeronimo-avanca-em-projeto-do-canal-do-sertao-e-outras-acoes-apos-reunioes-em-brasilia","status":"publish","type":"post","link":"https:\/\/www.blogdopaulonunes.com\/v5\/index.php\/2023\/03\/11\/jeronimo-avanca-em-projeto-do-canal-do-sertao-e-outras-acoes-apos-reunioes-em-brasilia\/","title":{"rendered":"Jer\u00f4nimo avan\u00e7a em projeto do Canal do Sert\u00e3o e outras a\u00e7\u00f5es ap\u00f3s reuni\u00f5es em Bras\u00edlia"},"content":{"rendered":"<p style=\"text-align: justify;\">O governador Jer\u00f4nimo Rodrigues volta \u00e0 Bahia com avan\u00e7os em projetos e garantia de investimentos ap\u00f3s concluir agenda de trabalho com ministros, em Bras\u00edlia, nesta quinta-feira (9). Em reuni\u00e3o com o Minist\u00e9rio da Integra\u00e7\u00e3o e Desenvolvimento Regional, o governador obteve progresso ao confirmar, para abril deste ano, os servi\u00e7os de sondagens e topografia para a produ\u00e7\u00e3o do projeto b\u00e1sico do Canal do Sert\u00e3o, que ampliar\u00e1 o abastecimento de \u00e1gua para a regi\u00e3o. Conforme o planejamento, ser\u00e3o 300 quil\u00f4metros de extens\u00e3o de canal, com um investimento total de cerca de R$ 4,6 bilh\u00f5es. O in\u00edcio das obras da primeira fase tem previs\u00e3o para o segundo semestre de 2024.<\/p>\n<p style=\"text-align: justify;\">Ao longo do dia, o governante e uma comitiva de secret\u00e1rios de Estado tamb\u00e9m tiveram reuni\u00f5es com o Minist\u00e9rio do Meio Ambiente e com a Secretaria Geral da Presid\u00eancia. O grupo tamb\u00e9m teve um encontro com a dire\u00e7\u00e3o do Fundo Internacional de Desenvolvimento Agr\u00edcola (Fida).<\/p>\n<p style=\"text-align: justify;\">&#8220;Foi um dia de muito trabalho e mais uma vez o alinhamento com o governo federal nos permite tratar de temas importantes e ter o apoio necess\u00e1rio para trazer essas boas not\u00edcias para a Bahia&#8221;, assegurou Jer\u00f4nimo.<\/p>\n<p style=\"text-align: justify;\">Outra aquisi\u00e7\u00e3o da viagem voltada para o abastecimento de \u00e1gua foi a confirma\u00e7\u00e3o do in\u00edcio das obras da Adutora da F\u00e9, que vai resolver o problema de falta de \u00e1gua na cidade de Bom Jesus da Lapa, um investimento de R$ 40 milh\u00f5es. A secret\u00e1ria de Infraestrutura H\u00eddrica e Saneamento (Sihs), Larissa Moraes, acompanhou a agenda e comemorou o resultado do encontro. &#8220;O ministro Waldez G\u00f3es se mostrou bastante comprometido com o projeto do Canal do Sert\u00e3o, que vai beneficiar cerca de dois milh\u00f5es de pessoas na Bahia. \u00c9 uma obra que a gente vem lutando h\u00e1 bastante tempo\u201d.<\/p>\n<p style=\"text-align: justify;\"><strong>Sustentabilidade<\/strong><\/p>\n<p style=\"text-align: justify;\">Durante a manh\u00e3, o governador esteve na sede do Fida, onde tratou da parceria do fundo para um novo projeto chamado Parceiros da Mata, voltado para o desenvolvimento sustent\u00e1vel da Mata Atl\u00e2ntica da Bahia. O objetivo \u00e9 promover uma transforma\u00e7\u00e3o nas pr\u00e1ticas produtivas que garanta a preserva\u00e7\u00e3o ambiental e a melhoria da renda e qualidade de vida da popula\u00e7\u00e3o rural dessa regi\u00e3o.<\/p>\n<p style=\"text-align: justify;\">Ao todo 61 munic\u00edpios do Baixo Sul, Litoral Sul e Vale do Jequiri\u00e7\u00e1 ser\u00e3o contemplados com sistemas produtivos resilientes, iniciativas de prote\u00e7\u00e3o e recupera\u00e7\u00e3o ambiental, abastecimento de \u00e1gua, acesso a fontes de energia renov\u00e1vel e inclus\u00e3o digital. O Parceiros da Mata pretende estabelecer conv\u00eanio com Banco Banco Interamericano de Desenvolvimento (BID) para financiamento de U$ 100 milh\u00f5es, al\u00e9m de U$18 milh\u00f5es do Fida e U$ 32 milh\u00f5es de contrapartida do Estado. A previs\u00e3o de execu\u00e7\u00e3o \u00e9 de sete anos.<\/p>\n<p style=\"text-align: justify;\">Acompanhado do secret\u00e1rio de Desenvolvimento Rural, Osni Cardoso, e do diretor presidente da CAR, Jeandro Ribeiro, Jer\u00f4nimo pediu celeridade na tramita\u00e7\u00e3o do projeto que seguir\u00e1 o modelo do Pr\u00f3-Semi\u00e1rido, tamb\u00e9m realizado em parceria com o Fida e que reduziu a situa\u00e7\u00e3o de pobreza e fome de 75 mil fam\u00edlias na Bahia com investimento total de R$ 344 milh\u00f5es. &#8220;O Pr\u00f3-Semi\u00c1rido \u00e9 um caso de sucesso e temos a expectativa de que o Parceiros da Mata siga o mesmo caminho, levando dignidade e renda de forma sustent\u00e1vel para cerca de 100 mil fam\u00edlias que vivem da agricultura familiar nessas regi\u00f5es&#8221;, detalhou o governador.<\/p>\n<p><img loading=\"lazy\" class=\"alignnone size-full wp-image-113445\" src=\"https:\/\/www.blogdopaulonunes.com\/v5\/wp-content\/uploads\/2023\/03\/Jeronimo-e-Marina8.png\" alt=\"\" width=\"350\" height=\"212\" \/><\/p>\n<p style=\"text-align: justify;\">Jer\u00f4nimo foi ainda recebido pela ministra Marina Silva e pelo secret\u00e1rio executivo do Minist\u00e9rio do Meio Ambiente, Jo\u00e3o Capobianco. Acompanhado dos titulares do Meio Ambiente da Bahia, Eduardo Sodr\u00e9 e da Casa Civil, Afonso Florense, o governador apresentou \u00e0 ministra a\u00e7\u00f5es que o Estado vai desenvolver na \u00e1rea e falou sobre a\u00e7\u00f5es que podem ser incrementadas com o apoio federal.<\/p>\n<p style=\"text-align: justify;\">Entre os planos apresentados est\u00e3o projetos de manejo para os tr\u00eas biomas do estado, mata atl\u00e2ntica, caatinga e cerrado, al\u00e9m do gerenciamento costeiro e a cria\u00e7\u00e3o de unidades de preserva\u00e7\u00e3o.<\/p>\n<p style=\"text-align: justify;\"><strong>Fotos: Daniel Senna\/GOVBA<\/strong><\/p>\n","protected":false},"excerpt":{"rendered":"<p>O governador Jer\u00f4nimo Rodrigues volta \u00e0 Bahia com avan\u00e7os em projetos e garantia de investimentos ap\u00f3s concluir agenda de trabalho com ministros, em Bras\u00edlia, nesta quinta-feira (9). Em reuni\u00e3o com o Minist\u00e9rio da Integra\u00e7\u00e3o e Desenvolvimento Regional, o governador obteve progresso ao confirmar, para abril deste ano, os servi\u00e7os de sondagens e topografia para a [&hellip;]<\/p>\n","protected":false},"author":2,"featured_media":113446,"comment_status":"open","ping_status":"open","sticky":false,"template":"","format":"standard","meta":[],"categories":[102,105],"tags":[436,434,438,437,435,439],"_links":{"self":[{"href":"https:\/\/www.blogdopaulonunes.com\/v5\/index.php\/wp-json\/wp\/v2\/posts\/113444"}],"collection":[{"href":"https:\/\/www.blogdopaulonunes.com\/v5\/index.php\/wp-json\/wp\/v2\/posts"}],"about":[{"href":"https:\/\/www.blogdopaulonunes.com\/v5\/index.php\/wp-json\/wp\/v2\/types\/post"}],"author":[{"embeddable":true,"href":"https:\/\/www.blogdopaulonunes.com\/v5\/index.php\/wp-json\/wp\/v2\/users\/2"}],"replies":[{"embeddable":true,"href":"https:\/\/www.blogdopaulonunes.com\/v5\/index.php\/wp-json\/wp\/v2\/comments?post=113444"}],"version-history":[{"count":1,"href":"https:\/\/www.blogdopaulonunes.com\/v5\/index.php\/wp-json\/wp\/v2\/posts\/113444\/revisions"}],"predecessor-version":[{"id":113447,"href":"https:\/\/www.blogdopaulonunes.com\/v5\/index.php\/wp-json\/wp\/v2\/posts\/113444\/revisions\/113447"}],"wp:featuredmedia":[{"embeddable":true,"href":"https:\/\/www.blogdopaulonunes.com\/v5\/index.php\/wp-json\/wp\/v2\/media\/113446"}],"wp:attachment":[{"href":"https:\/\/www.blogdopaulonunes.com\/v5\/index.php\/wp-json\/wp\/v2\/media?parent=113444"}],"wp:term":[{"taxonomy":"category","embeddable":true,"href":"https:\/\/www.blogdopaulonunes.com\/v5\/index.php\/wp-json\/wp\/v2\/categories?post=113444"},{"taxonomy":"post_tag","embeddable":true,"href":"https:\/\/www.blogdopaulonunes.com\/v5\/index.php\/wp-json\/wp\/v2\/tags?post=113444"}],"curies":[{"name":"wp","href":"https:\/\/api.w.org\/{rel}","templated":true}]}}