{"id":113441,"date":"2023-03-11T09:55:26","date_gmt":"2023-03-11T12:55:26","guid":{"rendered":"https:\/\/www.blogdopaulonunes.com\/v5\/?p=113441"},"modified":"2023-03-11T09:55:26","modified_gmt":"2023-03-11T12:55:26","slug":"lula-lanca-o-maos-a-obra-plataforma-para-acelerar-crescimento-do-pais","status":"publish","type":"post","link":"https:\/\/www.blogdopaulonunes.com\/v5\/index.php\/2023\/03\/11\/lula-lanca-o-maos-a-obra-plataforma-para-acelerar-crescimento-do-pais\/","title":{"rendered":"Lula lan\u00e7a o \u2018M\u00e3os \u00e0 Obra\u2019, plataforma para acelerar crescimento do pa\u00eds"},"content":{"rendered":"<p style=\"text-align: justify;\"><strong>Com rede de parcerias, ferramenta lan\u00e7ada nesta sexta (10) ir\u00e1 monitorar obras paralisadas no pa\u00eds. \u201cQueremos que os prefeitos e prefeitas desse pa\u00eds possam participar da execu\u00e7\u00e3o das pol\u00edticas p\u00fablicas\u201d, afirmou Lula<\/strong><\/p>\n<div class=\"single-post-main-content\">\n<p class=\"p1\" style=\"text-align: justify;\"><span class=\"s1\">O\u00a0<a href=\"https:\/\/pt.org.br\/em-45-dias-lula-faz-mais-do-que-o-antecessor-em-4-anos-bolsonarismo-segue-mentindo\/\" target=\"_blank\" rel=\"noopener\">governo Lula colocou o pa\u00eds a todo o vapor no trilho do desenvolvimento<\/a>\u00a0ao iniciar a retomada de cerca de 14 mil obras, de diferentes \u00e1reas, hoje paralisadas no Brasil. Agora, elas ser\u00e3o aceleradas com a plataforma M\u00e3os \u00e0 Obra, lan\u00e7ada nesta sexta-feira (10). A ferramenta vai monitorar o andamento dos projetos em estados e munic\u00edpios de todo o pa\u00eds, agilizando sua execu\u00e7\u00e3o e conclus\u00e3o.\u00a0<\/span><\/p>\n<p class=\"p1\" style=\"text-align: justify;\"><span class=\"s1\">Segundo o governo federal, uma rede de parcerias ser\u00e1 o grande diferencial do M\u00e3os \u00e0 Obra. Os gestores locais ir\u00e3o coordenar as obras e alimentar a plataforma, com demandas priorit\u00e1rias nas \u00e1reas de sa\u00fade, educa\u00e7\u00e3o, mobilidade urbana, saneamento, habita\u00e7\u00e3o \u2013\u00a0<a href=\"https:\/\/pt.org.br\/lula-entrega-casas-no-mt-todo-mundo-tem-direito-a-um-teto\/\" target=\"_blank\" rel=\"noopener\">incluindo o Minha Casa, Minha Vida<\/a>\u00a0\u2013 esporte e cultura. Essas informa\u00e7\u00f5es ser\u00e3o coletadas e inseridas na ferramenta at\u00e9 o dia 10 de abril, com apoio do\u00a0Minist\u00e9rio da Gest\u00e3o e da Inova\u00e7\u00e3o em Servi\u00e7os P\u00fablicos.<\/span><\/p>\n<p class=\"p1\" style=\"text-align: justify;\"><span class=\"s1\">No encontro com ministros e prefeitos em Bras\u00edlia para tamb\u00e9m\u00a0<a href=\"https:\/\/pt.org.br\/lula-anuncia-reajuste-da-merenda-escolar-em-39-assista\/\" target=\"_blank\" rel=\"noopener\">anunciar o reajuste da merenda escolar<\/a>, o presidente Lula defendeu a retomada do pacto federativo e do di\u00e1logo enrede governo federal e estados e munic\u00edpios.<\/span><\/p>\n<p class=\"p1\" style=\"text-align: justify;\"><span class=\"s1\">\u201cN\u00f3s queremos que os prefeitos e prefeitas desse pa\u00eds possam participar da execu\u00e7\u00e3o das pol\u00edticas p\u00fablicas. N\u00f3s precisamos compartilhar com o que deve ser feito, se \u00e9 poss\u00edvel investir dinheiro na cidade deles\u201d, afirmou Lula.<\/span><\/p>\n<p><iframe loading=\"lazy\" title=\"Ao vivo 10\/03 | Presidente Lula lan\u00e7a plataforma M\u00e3os \u00e0 Obra e anuncia reajuste na merenda escolar\" src=\"https:\/\/www.youtube.com\/embed\/tnj2GzjF2ZE?feature=oembed&amp;modestbranding=1&amp;showinfo=0&amp;rel=0\" width=\"500\" height=\"281\" frameborder=\"0\" allowfullscreen=\"allowfullscreen\" data-mce-fragment=\"1\"><\/iframe><\/p>\n<p class=\"p1\" style=\"text-align: justify;\"><span class=\"s1\">\u201cN\u00e3o \u00e9 poss\u00edvel imaginar que o Brasil pode ser governado de Bras\u00edlia sem levar em conta a realidade dos estados e munic\u00edpios. Esse encontro com prefeitos ser\u00e1 uma rotina entre n\u00f3s, para que possam participar da execu\u00e7\u00e3o das pol\u00edticas no pa\u00eds\u201d, assegurou o presidente.<\/span><\/p>\n<p class=\"p1\" style=\"text-align: justify;\"><span class=\"s1\">Mais, cedo durante reuni\u00e3o ministerial, Lula j\u00e1 havia dado o tom sobre a import\u00e2ncia que seu governo dar\u00e1 para as obras de infraestrutura como alavanca para o crescimento com gera\u00e7\u00e3o de empregos e renda.<\/span><\/p>\n<h3>Melhoria da qualidade de vida do povo<\/h3>\n<p class=\"p1\" style=\"text-align: justify;\"><span class=\"s1\">\u201cDinheiro bom \u00e9 dinheiro transformado em obra, em melhoria da qualidade de vida do povo, em sa\u00fade, em educa\u00e7\u00e3o e, sobretudo, em emprego, que \u00e9 o que d\u00e1 dignidade ao povo brasileiro\u201d, disse o presidente, logo pela manh\u00e3, aos ministros.\u00a0\u201cN\u00f3s temos que colocar esse pa\u00eds em funcionamento. A gente n\u00e3o pode ficar chorando o dinheiro que falta, temos que utilizar bem o dinheiro que a gente tem\u201d, cobrou Lula.<\/span><\/p>\n<p class=\"p1\" style=\"text-align: justify;\"><span class=\"s1\">\u201cA plataforma foi uma das determina\u00e7\u00f5es do presidente Lula para que a gente volte a acompanhar as obras paralisadas para que retomem e a gente n\u00e3o tenha mais que ver o cidad\u00e3o de cada munic\u00edpio olhando para uma obra paralisada, algo que seria super importante, sem continuidade\u201d, explicou a ministra da Gest\u00e3o e da Inova\u00e7\u00e3o, Esther Dweck, durante o lan\u00e7amento da ferramenta, ao lado de ministros, prefeitos e do presidente Lula.<\/span><\/p>\n<div class=\"twitter-tweet twitter-tweet-rendered\"><iframe id=\"twitter-widget-0\" class=\"\" title=\"Twitter Tweet\" src=\"https:\/\/platform.twitter.com\/embed\/Tweet.html?dnt=true&amp;embedId=twitter-widget-0&amp;features=eyJ0ZndfdGltZWxpbmVfbGlzdCI6eyJidWNrZXQiOltdLCJ2ZXJzaW9uIjpudWxsfSwidGZ3X2ZvbGxvd2VyX2NvdW50X3N1bnNldCI6eyJidWNrZXQiOnRydWUsInZlcnNpb24iOm51bGx9LCJ0ZndfdHdlZXRfZWRpdF9iYWNrZW5kIjp7ImJ1Y2tldCI6Im9uIiwidmVyc2lvbiI6bnVsbH0sInRmd19yZWZzcmNfc2Vzc2lvbiI6eyJidWNrZXQiOiJvbiIsInZlcnNpb24iOm51bGx9LCJ0ZndfbWl4ZWRfbWVkaWFfMTU4OTciOnsiYnVja2V0IjoidHJlYXRtZW50IiwidmVyc2lvbiI6bnVsbH0sInRmd19leHBlcmltZW50c19jb29raWVfZXhwaXJhdGlvbiI6eyJidWNrZXQiOjEyMDk2MDAsInZlcnNpb24iOm51bGx9LCJ0ZndfZHVwbGljYXRlX3NjcmliZXNfdG9fc2V0dGluZ3MiOnsiYnVja2V0Ijoib24iLCJ2ZXJzaW9uIjpudWxsfSwidGZ3X3ZpZGVvX2hsc19keW5hbWljX21hbmlmZXN0c18xNTA4MiI6eyJidWNrZXQiOiJ0cnVlX2JpdHJhdGUiLCJ2ZXJzaW9uIjpudWxsfSwidGZ3X2xlZ2FjeV90aW1lbGluZV9zdW5zZXQiOnsiYnVja2V0Ijp0cnVlLCJ2ZXJzaW9uIjpudWxsfSwidGZ3X3R3ZWV0X2VkaXRfZnJvbnRlbmQiOnsiYnVja2V0Ijoib24iLCJ2ZXJzaW9uIjpudWxsfX0%3D&amp;frame=false&amp;hideCard=false&amp;hideThread=false&amp;id=1634271348217323521&amp;lang=pt&amp;origin=https%3A%2F%2Fpt.org.br%2Flula-lanca-o-maos-a-obra-plataforma-para-acelerar-crescimento-do-pais%2F&amp;sessionId=cfbf4a182814bad14d18815c0306d3edbc77ef85&amp;siteScreenName=ptbrasil&amp;theme=light&amp;widgetsVersion=aaf4084522e3a%3A1674595607486&amp;width=500px\" frameborder=\"0\" scrolling=\"no\" allowfullscreen=\"allowfullscreen\" data-tweet-id=\"1634271348217323521\" data-mce-fragment=\"1\"><\/iframe><\/div>\n<p class=\"p1\" style=\"text-align: justify;\"><span class=\"s1\">A ministra explicou que a plataforma j\u00e1 existia desde 2015 mas foi aperfei\u00e7oada com o uso de uma<span class=\"Apple-converted-space\">\u00a0<\/span>rede de parcerias montada para acompanhar as transfer\u00eancias da Uni\u00e3o. Dweck lamentou que o pa\u00eds tenha perdido a plataforma em 2019, quando o Programa de Acelera\u00e7\u00e3o do Crescimento (PAC) foi desmantelado por completo pelo governo anterior.<\/span><\/p>\n<p class=\"p1\" style=\"text-align: justify;\"><span class=\"s1\">\u201cFoi um trabalho muito importante para reconstruir muito rapidamente o sistema que estamos disponibilizando hoje\u201d, afirmou a ministra. Ela apontou que a ferramenta tamb\u00e9m ser\u00e1 importante para o di\u00e1logo entre os entes federativos para que todos tenham as mesmas informa\u00e7\u00f5es disponibilizadas.\u00a0<\/span><\/p>\n<p class=\"p1\" style=\"text-align: justify;\"><span class=\"s1\">A plataforma ser\u00e1, de acordo com Dweck, um canal muito importante para saber os detalhes de cada obra e seu andamento, com total transpar\u00eancia no processo. Toda a sociedade poder\u00e1 acompanhar o andamento dos projetos.<\/span><\/p>\n<h3>Desenvolvimento econ\u00f4mico e social<\/h3>\n<p class=\"p1\" style=\"text-align: justify;\"><span class=\"s1\">\u201cNossa ideia \u00e9 trabalharmos nessa coopera\u00e7\u00e3o federativa para que todos estejam na mesma p\u00e1gina, trabalhando juntos em prol de um melhor desenvolvimento do Brasil e para que todas as cidad\u00e3s e cidad\u00e3os sejam favorecidos\u201d, observou a ministra.<\/span><\/p>\n<p class=\"p1\" style=\"text-align: justify;\"><span class=\"css-901oao css-16my406 r-poiln3 r-bcqeeo r-qvutc0\">\u201cA Casa Civil,<\/span><span class=\"css-901oao css-16my406 r-poiln3 r-bcqeeo r-qvutc0\">\u00a0em conjunto com minist\u00e9rios, analisar\u00e1 e definir\u00e1 prioridades para retomada das obras\u201d, disse o ministro da Casa Civil, Rui Costa. \u201cO foco ser\u00e1 em projetos que gerem emprego e desenvolvimento econ\u00f4mico e social em todo o pa\u00eds\u201d.<\/span><\/p>\n<p style=\"text-align: justify;\">O ministro tamb\u00e9m anunciou que a plataforma j\u00e1 est\u00e1 dispon\u00edvel. Saiba mais sobre a plataforma\u00a0<a href=\"https:\/\/www.gov.br\/casacivil\/pt-br\/maos-a-obra\/maosaobra\/\" target=\"_blank\" rel=\"noopener\">aqui<\/a>.<\/p>\n<h3 class=\"p1\"><span class=\"s1\"><b>Haddad anuncia acordo de compensa\u00e7\u00e3o aos estados<\/b><\/span><\/h3>\n<p class=\"p1\" style=\"text-align: justify;\"><span class=\"s1\">O ministro da Fazenda, Fernando Haddad, anunciou, nesta sexta-feira (10), um acordo de R$ 26,9 bilh\u00f5es em compensa\u00e7\u00f5es pelos preju\u00edzos que os estados tiveram por causa da redu\u00e7\u00e3o do ICMS que incide sobre combust\u00edveis e outros itens imposta pelo governo Bolsonaro. Os recursos s\u00e3o fundamentais para \u00e1reas como sa\u00fade, educa\u00e7\u00e3o, seguran\u00e7a e habita\u00e7\u00e3o, que foram prejudicados pela decis\u00e3o irrespons\u00e1vel de Bolsonaro em reduzir pre\u00e7os dos combust\u00edveis com fins eleitoreiros em 2022.<\/span><\/p>\n<p class=\"p1\" style=\"text-align: justify;\"><span class=\"s1\">\u201cEsse acordo un\u00e2nime marca a hist\u00f3ria das rela\u00e7\u00f5es federativas do pa\u00eds e foi poss\u00edvel devido ao empenho de todos os Poderes da Rep\u00fablica\u201d, diz a nota do Minist\u00e9rio da Fazenda. \u201cDo total acordado, cerca de R$ 9 bilh\u00f5es j\u00e1 foram compensados atrav\u00e9s das liminares concedidas pelo STF a estados devedores da Uni\u00e3o no \u00e2mbito do Grupo de Trabalho criado pela Corte\u201d.<\/span><\/p>\n<p class=\"p1\"><span class=\"s1\">\u201cO restante ser\u00e1 abatido das parcelas da d\u00edvida com a Uni\u00e3o ou pago pela Uni\u00e3o (para Estados com pequenas d\u00edvidas com a Uni\u00e3o ou mesmo sem d\u00edvida) at\u00e9 2026\u201d, explicou Haddad.<\/span><\/p>\n<p class=\"p1\"><strong><span class=\"s1\">Entenda:<\/span><\/strong><\/p>\n<ul>\n<li class=\"p1\" style=\"text-align: justify;\"><span class=\"s1\"><b>Estados que t\u00eam a receber at\u00e9 R$ 150 milh\u00f5es<\/b>: 50% em 2023 e 50% em 2024 com recursos do Tesouro Nacional;<\/span><\/li>\n<li class=\"p1\" style=\"text-align: justify;\"><span class=\"s1\">Estados que t\u00eam a receber entre R$ 150 e R$ 500 milh\u00f5es:\u00a01\/3 do valor a receber em 2023 e 2\/3 em 2024;<\/span><\/li>\n<li class=\"p1\" style=\"text-align: justify;\"><span class=\"s1\"><b>Acima de R$ 500 milh\u00f5es a receber:\u00a0<\/b>25% em 2023, 50% em 2024 e 25% em 2025;<\/span><\/li>\n<li class=\"p1\" style=\"text-align: justify;\"><span class=\"s1\"><b>Estados em Regime de Recupera\u00e7\u00e3o Fiscal (Rio de Janeiro, Goi\u00e1s e Rio Grande do Sul):<\/b>\u00a0mesmo regramento dos anteriores, mas o adicional de R$ 900 milh\u00f5es ser\u00e1 compensado na d\u00edvida em 2026.<\/span><\/li>\n<\/ul>\n<p class=\"p1\" style=\"text-align: justify;\"><span class=\"s1\"><strong>Da Reda\u00e7\u00e3o<\/strong>, com\u00a0<em>Minist\u00e9rio da Fazenda<\/em><\/span><\/p>\n<\/div>\n","protected":false},"excerpt":{"rendered":"<p>Com rede de parcerias, ferramenta lan\u00e7ada nesta sexta (10) ir\u00e1 monitorar obras paralisadas no pa\u00eds. \u201cQueremos que os prefeitos e prefeitas desse pa\u00eds possam participar da execu\u00e7\u00e3o das pol\u00edticas p\u00fablicas\u201d, afirmou Lula O\u00a0governo Lula colocou o pa\u00eds a todo o vapor no trilho do desenvolvimento\u00a0ao iniciar a retomada de cerca de 14 mil obras, de [&hellip;]<\/p>\n","protected":false},"author":2,"featured_media":113442,"comment_status":"open","ping_status":"open","sticky":false,"template":"","format":"standard","meta":[],"categories":[23,105],"tags":[373,138,433,326],"_links":{"self":[{"href":"https:\/\/www.blogdopaulonunes.com\/v5\/index.php\/wp-json\/wp\/v2\/posts\/113441"}],"collection":[{"href":"https:\/\/www.blogdopaulonunes.com\/v5\/index.php\/wp-json\/wp\/v2\/posts"}],"about":[{"href":"https:\/\/www.blogdopaulonunes.com\/v5\/index.php\/wp-json\/wp\/v2\/types\/post"}],"author":[{"embeddable":true,"href":"https:\/\/www.blogdopaulonunes.com\/v5\/index.php\/wp-json\/wp\/v2\/users\/2"}],"replies":[{"embeddable":true,"href":"https:\/\/www.blogdopaulonunes.com\/v5\/index.php\/wp-json\/wp\/v2\/comments?post=113441"}],"version-history":[{"count":1,"href":"https:\/\/www.blogdopaulonunes.com\/v5\/index.php\/wp-json\/wp\/v2\/posts\/113441\/revisions"}],"predecessor-version":[{"id":113443,"href":"https:\/\/www.blogdopaulonunes.com\/v5\/index.php\/wp-json\/wp\/v2\/posts\/113441\/revisions\/113443"}],"wp:featuredmedia":[{"embeddable":true,"href":"https:\/\/www.blogdopaulonunes.com\/v5\/index.php\/wp-json\/wp\/v2\/media\/113442"}],"wp:attachment":[{"href":"https:\/\/www.blogdopaulonunes.com\/v5\/index.php\/wp-json\/wp\/v2\/media?parent=113441"}],"wp:term":[{"taxonomy":"category","embeddable":true,"href":"https:\/\/www.blogdopaulonunes.com\/v5\/index.php\/wp-json\/wp\/v2\/categories?post=113441"},{"taxonomy":"post_tag","embeddable":true,"href":"https:\/\/www.blogdopaulonunes.com\/v5\/index.php\/wp-json\/wp\/v2\/tags?post=113441"}],"curies":[{"name":"wp","href":"https:\/\/api.w.org\/{rel}","templated":true}]}}