{"id":113282,"date":"2023-03-03T04:29:05","date_gmt":"2023-03-03T07:29:05","guid":{"rendered":"https:\/\/www.blogdopaulonunes.com\/v5\/?p=113282"},"modified":"2023-03-02T04:34:49","modified_gmt":"2023-03-02T07:34:49","slug":"sem-regulamentacao-mineracao-em-terras-indigenas-ocupa-area-superior-ao-rj","status":"publish","type":"post","link":"https:\/\/www.blogdopaulonunes.com\/v5\/index.php\/2023\/03\/03\/sem-regulamentacao-mineracao-em-terras-indigenas-ocupa-area-superior-ao-rj\/","title":{"rendered":"Sem regulamenta\u00e7\u00e3o, minera\u00e7\u00e3o em Terras Ind\u00edgenas ocupa \u00e1rea superior ao RJ"},"content":{"rendered":"<div class=\"\">\n<header>\n<div class=\"type-content-wrapper image-full\">\n<div class=\"type-content-validation\">\n<div class=\"tooltip-wrapper\">\n<div class=\"tooltip-container \">\n<div class=\"w-tooltip \"><\/div>\n<\/div>\n<\/div>\n<\/div>\n<\/div>\n<div class=\"slot-e\"><\/div>\n<\/header>\n<\/div>\n<div class=\"\">\n<div class=\"row\">\n<div class=\"col-sm-24 col-md-16 col-lg-17 content-article\">\n<div class=\"row\">\n<figure class=\"photo col-xs-8 col-sm-24 representative crop-900x506 figure\">\n<div class=\"image bg\"><picture><source srcset=\"https:\/\/conteudo.imguol.com.br\/c\/noticias\/7a\/2021\/09\/29\/area-desmatada-para-mineracao-de-cassiterita-e-ouro-em-porto-velho-distrito-de-jaci-parana-ro-1632947998438_v2_450x337.jpg.webp\" type=\"image\/webp\" media=\"(max-width: 767px)\" \/><source srcset=\"https:\/\/conteudo.imguol.com.br\/c\/noticias\/7a\/2021\/09\/29\/area-desmatada-para-mineracao-de-cassiterita-e-ouro-em-porto-velho-distrito-de-jaci-parana-ro-1632947998438_v2_900x506.jpg.webp\" type=\"image\/webp\" media=\"(min-width: 768px)\" \/><source srcset=\"https:\/\/conteudo.imguol.com.br\/c\/noticias\/7a\/2021\/09\/29\/area-desmatada-para-mineracao-de-cassiterita-e-ouro-em-porto-velho-distrito-de-jaci-parana-ro-1632947998438_v2_450x337.jpg\" type=\"image\/jpeg\" media=\"(max-width: 767px)\" \/><source srcset=\"https:\/\/conteudo.imguol.com.br\/c\/noticias\/7a\/2021\/09\/29\/area-desmatada-para-mineracao-de-cassiterita-e-ouro-em-porto-velho-distrito-de-jaci-parana-ro-1632947998438_v2_900x506.jpg\" type=\"image\/jpeg\" media=\"(min-width: 768px)\" \/><\/picture>\n<div class=\"pinit-wraper\"><\/div>\n<\/div><figcaption class=\"container bottom-title\">\u00c1rea desmatada para minera\u00e7\u00e3o de cassiterita e ouro, em Porto Velho, distrito de Jaci-Paran\u00e1 (RO)Imagem: Victor Moriyama\/Amaz\u00f4nia em Chamas<\/figcaption><\/figure>\n<div class=\"col-xs-8 col-lg-3 col-md-3 col-sm-3 col-xs-24 has-title-sponsor share-sticky\">\n<div class=\"hidden-xs\">\n<div class=\"share   share-vertical share-left share-large share-fixed\" data-config=\"{&quot;facebookApi&quot;:false,&quot;characters-limit&quot;:{&quot;twitter&quot;:{&quot;text&quot;:90}},&quot;xs&quot;:{&quot;order&quot;:{&quot;before&quot;:&quot;whatsapp;facebook;twitter;linkedin&quot;},&quot;mode&quot;:&quot;horizontal;small;&quot;},&quot;omniturereferences&quot;:{&quot;facebook&quot;:&quot;compartilhe_facebook&quot;,&quot;twitter&quot;:&quot;compartilhe_twitter&quot;,&quot;pinterest&quot;:&quot;compartilhe_pinterest&quot;,&quot;linkedin&quot;:&quot;compartilhe_linkedin&quot;,&quot;mail&quot;:&quot;compartilhe_email&quot;,&quot;whatsapp&quot;:&quot;compartilhe_whatsapp&quot;,&quot;messenger&quot;:&quot;compartilhe_messenger&quot;,&quot;viber&quot;:&quot;compartilhe_viber&quot;,&quot;more-open&quot;:&quot;compartilhe_expandir&quot;,&quot;more-close&quot;:&quot;compartilhe_fechar&quot;,&quot;save-link&quot;:&quot;link&quot;},&quot;defaultapis&quot;:{},&quot;components&quot;:[&quot;see-later&quot;,&quot;comment-counter&quot;],&quot;defaults&quot;:{&quot;see-later&quot;:{},&quot;general&quot;:{&quot;domain&quot;:&quot;noticias.uol.com.br&quot;,&quot;subject&quot;:&quot;Veja no UOL&quot;,&quot;body&quot;:&quot;Vi no UOL e acho que pode interessar a voc\u00ea:\\nhttps:\/\/noticias.uol.com.br\/colunas\/carlos-madeiro\/2023\/03\/02\/mineracao-em-terras-indigenas-ocupa-area-maior-que-estado-do-rio-diz-livro.htm?utm_campaign=carlos-madeiro&amp;utm_content=veja-texto-completo&amp;utm_medium=email&amp;utm_source=notificacao-coluna&quot;,&quot;redirect&quot;:&quot;https:\/\/tm.uol.com.br\/bt\/facebook_auth\/facebook-track-share.html?group=B&quot;,&quot;site&quot;:&quot;UOLNoticias @UOL&quot;,&quot;follow-title&quot;:&quot;UOL Not\u00edcias&quot;,&quot;image&quot;:{&quot;src&quot;:&quot;http:\/\/conteudo.imguol.com.br\/c\/noticias\/7a\/2021\/09\/29\/area-desmatada-para-mineracao-de-cassiterita-e-ouro-em-porto-velho-distrito-de-jaci-parana-ro-1632947998438_v2_615x300.jpg&quot;,&quot;sizes&quot;:{&quot;personalizado&quot;:&quot;&quot;,&quot;original&quot;:&quot;900x506&quot;},&quot;height&quot;:506,&quot;width&quot;:900,&quot;crops&quot;:&quot;1x1;3x4;4x3;9x16;16x9;16x12;80x80;100x70;128x96;142x100;142x200;300x100;300x200;300x300;300x420;300x500;615x300;564x430;615x470;956x500;1024x768;1200x800&quot;,&quot;type&quot;:&quot;&quot;,&quot;titulo&quot;:&quot;\u00c1rea desmatada para minera\u00e7\u00e3o de cassiterita e ouro, em Porto Velho, distrito de Jaci-Paran\u00e1 (RO)&quot;,&quot;credito&quot;:&quot;Victor Moriyama\/Amaz\u00f4nia em Chamas&quot;},&quot;title&quot;:&quot;Carlos Madeiro - Sem regulamenta\u00e7\u00e3o, minera\u00e7\u00e3o em Terras Ind\u00edgenas ocupa \u00e1rea superior ao RJ&quot;,&quot;description&quot;:&quot;Uma \u00e1rea de 50 mil km\u00b2 dentro de Terras Ind\u00edgenas (TIs) no pa\u00eds tem requerimentos para atividade de minera\u00e7\u00e3o. Para efeito de compara\u00e7\u00e3o, o estado do Rio de Janeiro tem 43,6 mil km\u00b2. O levantamento consta no livro \\&quot;Minera\u00e7\u00e3o em terras ind\u00ed&quot;,&quot;date&quot;:&quot;02\/03\/2023 04h00&quot;,&quot;kicker&quot;:&quot;Carlos Madeiro&quot;,&quot;url&quot;:&quot;https:\/\/noticias.uol.com.br\/colunas\/carlos-madeiro\/2023\/03\/02\/mineracao-em-terras-indigenas-ocupa-area-maior-que-estado-do-rio-diz-livro.htm?utm_campaign=carlos-madeiro&amp;utm_content=veja-texto-completo&amp;utm_medium=email&amp;utm_source=notificacao-coluna&quot;},&quot;facebook&quot;:{&quot;app_id&quot;:&quot;190329594333794&quot;},&quot;readspeaker&quot;:{}},&quot;sm&quot;:{&quot;order&quot;:{&quot;before&quot;:&quot;facebook;twitter&quot;,&quot;more&quot;:&quot;whatsapp;linkedin&quot;},&quot;mode&quot;:&quot;vertical;left;medium;fixed&quot;},&quot;md&quot;:{&quot;order&quot;:{&quot;before&quot;:&quot;facebook;twitter&quot;,&quot;more&quot;:&quot;whatsapp;linkedin&quot;},&quot;mode&quot;:&quot;vertical;left;large;fixed&quot;},&quot;lg&quot;:{&quot;order&quot;:{&quot;before&quot;:&quot;facebook;twitter&quot;,&quot;more&quot;:&quot;whatsapp;linkedin&quot;},&quot;mode&quot;:&quot;vertical;left;large;fixed&quot;},&quot;audience&quot;:{&quot;click&quot;:{&quot;component&quot;:&quot;share&quot;,&quot;mediaName&quot;:&quot;Not\u00edcia&quot;,&quot;onlyLoad&quot;:true,&quot;source&quot;:&quot;https:\/\/noticias.uol.com.br\/colunas\/carlos-madeiro\/2023\/03\/02\/mineracao-em-terras-indigenas-ocupa-area-maior-que-estado-do-rio-diz-livro.htm?utm_campaign=carlos-madeiro&amp;utm_content=veja-texto-completo&amp;utm_medium=email&amp;utm_source=notificacao-coluna&quot;},&quot;pv&quot;:{&quot;mediaName&quot;:&quot;Not\u00edcia&quot;,&quot;mediaType&quot;:&quot;article&quot;,&quot;mediaId&quot;:&quot;c096baaa102b2a62312297cd319d0a920230228&quot;,&quot;mediaTitle&quot;:&quot;Sem regulamenta\u00e7\u00e3o, minera\u00e7\u00e3o em Terras Ind\u00edgenas ocupa \u00e1rea superior ao RJ&quot;,&quot;collection&quot;:&quot;Carlos Madeiro&quot;,&quot;tags&quot;:&quot;81544,35976,80789,79406,33357,11359,11229&quot;,&quot;channel&quot;:&quot;blogs e colunas&quot;,&quot;central&quot;:&quot;noticias&quot;,&quot;author&quot;:&quot;Carlos Madeiro&quot;,&quot;publicationDate&quot;:&quot;20230302040000&quot;}}}\" data-url=\"https:\/\/noticias.uol.com.br\/colunas\/carlos-madeiro\/2023\/03\/02\/mineracao-em-terras-indigenas-ocupa-area-maior-que-estado-do-rio-diz-livro.htm?utm_campaign=carlos-madeiro&amp;utm_content=veja-texto-completo&amp;utm_medium=email&amp;utm_source=notificacao-coluna\" data-originalmode=\"vertical,left,large,fixed\">\n<div class=\"share-item more-item clearfix\">\n<div class=\"share-item group\">\n<div class=\"overflow\">\n<div class=\"share-item social-item linkedin\" data-ref=\"linkedin\" data-target-click=\"\">\n<div class=\"table\">\n<div><\/div>\n<\/div>\n<\/div>\n<\/div>\n<\/div>\n<\/div>\n<\/div>\n<\/div>\n<\/div>\n<div class=\"col-xs-8 col-sm-21 col-md-21\">\n<div class=\"image-content-pad\">\n<div class=\"  author  has-image\" data-src=\"mouseover\"><img class=\"img-author mask-circle\" src=\"https:\/\/conteudo.imguol.com.br\/0d\/2022\/02\/02\/carlos-madeiro-150-1643816038527_150x150.jpg\" \/><\/p>\n<div class=\"tooltip-container \">\n<div class=\"w-tooltip single\" data-config=\"[{&quot;first&quot;:true,&quot;title&quot;:&quot;Carlos Madeiro&quot;,&quot;description&quot;:&quot;Formado em jornalismo  pela Universidade Federal de Alagoas e com especializa\u00e7\u00e3o em gest\u00e3o de conte\u00fado em jornalismo pela Universidade Mackenzie, Carlos Madeiro atua h\u00e1 20 anos e escreve para o UOL desde 2009, participando de grandes coberturas e fazendo reportagens e an\u00e1lises sobre o Nordeste e o Norte do Brasil.&quot;,&quot;image&quot;:{&quot;sizes&quot;:{&quot;personalizado&quot;:&quot;&quot;,&quot;original&quot;:&quot;150x150&quot;},&quot;height&quot;:&quot;&quot;,&quot;width&quot;:&quot;&quot;,&quot;crops&quot;:&quot;80x80;142x100;150x150&quot;,&quot;src&quot;:&quot;http:\/\/conteudo.imguol.com.br\/0d\/2022\/02\/02\/carlos-madeiro-150-1643816038527_150x150.jpg&quot;,&quot;type&quot;:&quot;&quot;,&quot;credit&quot;:&quot;&quot;,&quot;classe&quot;:&quot;img-author mask-circle&quot;},&quot;link&quot;:&quot;https:\/\/noticias.uol.com.br\/colunas\/carlos-madeiro\/&quot;,&quot;email&quot;:&quot;&quot;,&quot;disclaimer&quot;:&quot;** Este texto n\u00e3o reflete, necessariamente, a opini\u00e3o do UOL.&quot;}]\">\n<h5 class=\"open-tooltip\">Carlos Madeiro<\/h5>\n<p><button class=\"btn btn-medium btn-primary btn-quero-seguir btn-email-input\" disabled=\"disabled\" data-show-columnist-list=\"true\" data-slug=\"notificacoes-carlos-madeiro\" data-name=\"Carlos Madeiro\" data-campo=\"cmp6\"><\/button><\/div>\n<\/div>\n<\/div>\n<div class=\"text  \">\n<p style=\"text-align: justify;\">Uma \u00e1rea de 50 mil km\u00b2 dentro de Terras Ind\u00edgenas (TIs) no pa\u00eds tem requerimentos para atividade de minera\u00e7\u00e3o. Para efeito de compara\u00e7\u00e3o, o estado do Rio de Janeiro tem 43,6 mil\u00a0km\u00b2. O levantamento consta no livro &#8220;Minera\u00e7\u00e3o em terras ind\u00edgenas: desenvolvimento para quem?&#8221;, lan\u00e7ado ontem em Bras\u00edlia.<\/p>\n<p style=\"text-align: justify;\"><cite>Ou seja, cerca de 4% da extens\u00e3o territorial destinada \u00e0s\u00a0TIs\u00a0encontram-se em situa\u00e7\u00e3o de inconstitucionalidade, com processos miner\u00e1rios ativos a elas sobrepostos.&#8221;<\/cite><strong>Trecho do livro<\/strong><\/p>\n<div id=\"uolpd-video-inarticle\">\n<div id=\"inarticle-ad-header\"><\/div>\n<div id=\"inarticle-ad-container\">\n<div id=\"banner-300x250-outstream-area\">\n<div id=\"google_ads_iframe_\/8804\/uol\/inread\/noticias\/outstream_2__container__\"><\/div>\n<\/div>\n<\/div>\n<\/div>\n<div class=\"slot-m\">\n<div class=\"related-content-hyperlink with-image\">\n<div class=\"related-content \" data-audience-print=\"{&quot;label&quot;:&quot;visualizado-3-chamadas&quot;,&quot;component&quot;:&quot;related-content-editorial&quot;}\" data-audience-print-visible=\"1677742113435\" data-audience-print-url=\"noticias.uol.com.br\/colunas\/carlos-madeiro\/2023\/03\/02\/mineracao-em-terras-indigenas-ocupa-area-maior-que-estado-do-rio-diz-livro.htm\" data-audience-print-sent=\"true\">\n<h4 class=\"h-components custom-title\">RELACIONADAS<\/h4>\n<div class=\"row\">\n<div class=\"thumbnail-standard col-xs-8 col-sm-8 alignmentSide\">\n<div class=\"row thumbnail-standard-wrapper\">\n<figure class=\"thumb-image col-xs-4 col-sm-24\">\n<div class=\"thumb-layer\"><img loading=\"lazy\" class=\" loaded\" src=\"https:\/\/conteudo.imguol.com.br\/c\/entretenimento\/4f\/2022\/03\/07\/escavadeira-e-caminhao-usados-para-mineracao-1646682692948_v2_300x225.jpg.webp\" alt=\"\" width=\"300\" height=\"225\" data-src=\"https:\/\/conteudo.imguol.com.br\/c\/entretenimento\/4f\/2022\/03\/07\/escavadeira-e-caminhao-usados-para-mineracao-1646682692948_v2_300x225.jpg.webp\" data-crop=\"{&quot;xs&quot;:&quot;150x112&quot;,&quot;sm&quot;:&quot;300x225&quot;}\" data-crazyload=\"loaded\" \/><\/div>\n<\/figure>\n<div class=\"thumb-caption col-xs-6 col-sm-24\">\n<h3 class=\"thumb-title \">Custo e falta de estrutura travam minera\u00e7\u00e3o de pot\u00e1ssio em \u00e1reas ind\u00edgenas<\/h3>\n<\/div>\n<\/div>\n<\/div>\n<div class=\"thumbnail-standard col-xs-8 col-sm-8 alignmentSide\">\n<div class=\"row thumbnail-standard-wrapper\">\n<figure class=\"thumb-image col-xs-4 col-sm-24\">\n<div class=\"thumb-layer\"><img loading=\"lazy\" class=\" loaded\" src=\"https:\/\/conteudo.imguol.com.br\/c\/noticias\/7d\/2022\/09\/05\/mineracao-na-terra-yanomami-em-roraima-1662421753413_v2_300x225.png.webp\" alt=\"\" width=\"300\" height=\"225\" data-src=\"https:\/\/conteudo.imguol.com.br\/c\/noticias\/7d\/2022\/09\/05\/mineracao-na-terra-yanomami-em-roraima-1662421753413_v2_300x225.png.webp\" data-crop=\"{&quot;xs&quot;:&quot;150x112&quot;,&quot;sm&quot;:&quot;300x225&quot;}\" data-crazyload=\"loaded\" \/><\/div>\n<\/figure>\n<div class=\"thumb-caption col-xs-6 col-sm-24\">\n<h3 class=\"thumb-title \">Garimpo do ouro dobra com Bolsonaro em ataques \u00e0 Terra Yanomami, diz estudo<\/h3>\n<\/div>\n<\/div>\n<\/div>\n<div class=\"thumbnail-standard col-xs-8 col-sm-8 alignmentSide\">\n<div class=\"row thumbnail-standard-wrapper\">\n<figure class=\"thumb-image col-xs-4 col-sm-24\">\n<div class=\"thumb-layer\"><img loading=\"lazy\" class=\" loaded\" src=\"https:\/\/conteudo.imguol.com.br\/c\/tab\/48\/2022\/11\/10\/moto-passa-em-rua-do-distrito-do-creporizao-vilarejo-fundado-e-mantido-por-garimpeiros-em-itaituba-no-para-1668123934230_v2_300x225.jpg.webp\" alt=\"\" width=\"300\" height=\"225\" data-src=\"https:\/\/conteudo.imguol.com.br\/c\/tab\/48\/2022\/11\/10\/moto-passa-em-rua-do-distrito-do-creporizao-vilarejo-fundado-e-mantido-por-garimpeiros-em-itaituba-no-para-1668123934230_v2_300x225.jpg.webp\" data-crop=\"{&quot;xs&quot;:&quot;150x112&quot;,&quot;sm&quot;:&quot;300x225&quot;}\" data-crazyload=\"loaded\" \/><\/div>\n<\/figure>\n<div class=\"thumb-caption col-xs-6 col-sm-24\">\n<h3 class=\"thumb-title \">Como garimpo &#8220;esquentou&#8221; ouro ilegal para montar esquema bilion\u00e1rio no Par\u00e1<\/h3>\n<\/div>\n<\/div>\n<\/div>\n<\/div>\n<\/div>\n<\/div>\n<\/div>\n<p style=\"text-align: justify;\"><strong>Dados consideram informa\u00e7\u00f5es publicadas at\u00e9 fevereiro de 2022.<\/strong>\u00a0S\u00e3o an\u00e1lises feitas a partir do Sistema de Informa\u00e7\u00f5es Geogr\u00e1ficas da ANM (Ag\u00eancia Nacional de Minera\u00e7\u00e3o), \u00f3rg\u00e3o federal respons\u00e1vel pelo registro dos processos miner\u00e1rios, com cruzamentos sobre as \u00e1reas ind\u00edgenas dispon\u00edveis na Funai (Funda\u00e7\u00e3o Nacional dos Povos Ind\u00edgenas).<\/p>\n<p><strong>Mapa de processos miner\u00e1rios sobrepostos dentro de TIs:<\/strong><\/p>\n<div class=\"photoembed-wrapper\">\n<figure class=\"photo photo-embed no-gutter col-sm-24  crop-750x1 limit-crop  figure\" data-format=\"horizontal\">\n<div class=\"image bg\">\n<div class=\"placeholder\">\n<div class=\"pinit-wraper\"><img loading=\"lazy\" class=\"pinit-img loaded\" src=\"https:\/\/conteudo.imguol.com.br\/c\/noticias\/0c\/2023\/02\/28\/mineracao-em-terras-indigenas-1677606777596_v2_750x1.jpg.webp\" alt=\"Minera\u00e7\u00e3o em terras ind\u00edgenas - Reprodu\u00e7\u00e3o\/livro 'Minera\u00e7\u00e3o em terras ind\u00edgenas : desenvolvimento para quem?' - Reprodu\u00e7\u00e3o\/livro 'Minera\u00e7\u00e3o em terras ind\u00edgenas : desenvolvimento para quem?'\" width=\"750\" height=\"1\" data-src=\"https:\/\/conteudo.imguol.com.br\/c\/noticias\/0c\/2023\/02\/28\/mineracao-em-terras-indigenas-1677606777596_v2_750x1.jpg.webp\" data-crop=\"{&quot;xs&quot;:&quot;450x1&quot;,&quot;sm&quot;:&quot;750x1&quot;,&quot;md&quot;:&quot;750x1&quot;,&quot;lg&quot;:&quot;750x1&quot;}\" data-crazyload=\"loaded\" \/><\/div>\n<div class=\"slot-a\"><\/div>\n<\/div>\n<\/div><figcaption class=\"container bottom-credit\">Imagem: Reprodu\u00e7\u00e3o\/livro &#8216;Minera\u00e7\u00e3o em terras ind\u00edgenas : desenvolvimento para quem?&#8217;<\/figcaption><\/figure>\n<\/div>\n<p style=\"text-align: justify;\"><strong>Os dados, ressalte-se, s\u00f3 incluem processos legais e excluem os casos de garimpo ilegal<\/strong>, como ocorre dentro da terra Yanomami e vem provocando uma crise humanit\u00e1ria. O garimpo \u00e9 uma forma de minera\u00e7\u00e3o feita de modo artesanal.<\/p>\n<h2>O que diz a lei<\/h2>\n<p style=\"text-align: justify;\"><strong>Segundo a Constitui\u00e7\u00e3o Federal, a minera\u00e7\u00e3o em\u00a0TIs\u00a0depende ainda de regulamenta\u00e7\u00e3o do artigo 231.\u00a0<\/strong>Com a falta dela, o MPF (Minist\u00e9rio P\u00fablico Federal) ajuizou a\u00e7\u00e3o civil p\u00fablica para o governo suspender os requerimentos de pesquisa ou explora\u00e7\u00e3o em terras ind\u00edgenas.<\/p>\n<p style=\"text-align: justify;\">A\u00a0ANM\u00a0afirmou que vem realizando um mutir\u00e3o de estudos e cancelando as outorgas ou pedidos dos mineradores. &#8220;Como resultado desse trabalho, os indeferimentos v\u00eam sendo publicados, diariamente&#8221;. A ag\u00eancia enviou despachos de indeferimento publicados no Di\u00e1rio Oficial da Uni\u00e3o nos dias 9 e 10 de fevereiro deste ano.<\/p>\n<p style=\"text-align: justify;\"><strong>Mais de 100 projetos de lei foram apresentados no Congresso para regulamentar a minera\u00e7\u00e3o, desde 1988.<\/strong>\u00a0Entretanto, n\u00e3o chegaram a uma defini\u00e7\u00e3o, diante da complexidade e diverg\u00eancias sobre o tema.<\/p>\n<div class=\"photoembed-wrapper\">\n<figure class=\"photo photo-embed no-gutter col-sm-24  crop-750x421 limit-crop  figure\" data-format=\"horizontal\">\n<div class=\"image bg\">\n<div class=\"placeholder\">\n<div class=\"pinit-wraper\"><img loading=\"lazy\" class=\"pinit-img loaded\" src=\"https:\/\/conteudo.imguol.com.br\/c\/entretenimento\/4f\/2022\/03\/07\/escavadeira-e-caminhao-usados-para-mineracao-1646682692948_v2_750x421.jpg.webp\" alt=\"Escavadeira e caminh\u00e3o usados para minera\u00e7\u00e3o - Getty Images\/iStockphoto - Getty Images\/iStockphoto\" width=\"750\" height=\"421\" data-src=\"https:\/\/conteudo.imguol.com.br\/c\/entretenimento\/4f\/2022\/03\/07\/escavadeira-e-caminhao-usados-para-mineracao-1646682692948_v2_750x421.jpg.webp\" data-crop=\"{&quot;xs&quot;:&quot;450x253&quot;,&quot;sm&quot;:&quot;750x421&quot;,&quot;md&quot;:&quot;600x337&quot;,&quot;lg&quot;:&quot;750x421&quot;}\" data-crazyload=\"loaded\" \/><\/div>\n<div class=\"slot-a\"><\/div>\n<\/div>\n<\/div><figcaption class=\"container bottom-title\">\n<div>Escavadeira e caminh\u00e3o usados para minera\u00e7\u00e3o<\/div>\n<p>Imagem: Getty Images\/iStockphoto<\/figcaption><\/figure>\n<\/div>\n<p style=\"text-align: justify;\"><cite>\u00c9 fundamental que se conhe\u00e7a a dimens\u00e3o e o potencial dado pela geodiversidade desses territ\u00f3rios. Para isso, ter\u00edamos de ter um invent\u00e1rio geol\u00f3gico detalhado para que os povos ind\u00edgenas, o governo brasileiro e a sociedade possam escolher qual ser\u00e1 o futuro da explora\u00e7\u00e3o nestas terras.&#8221;<\/cite><strong>Suzi\u00a0Hoff, ge\u00f3loga e coordenadora do livro<\/strong><\/p>\n<p style=\"text-align: justify;\"><strong>Como o debate n\u00e3o \u00e9 novo, especialistas defendem uma a\u00e7\u00e3o do governo federal.<\/strong>\u00a0&#8220;Os minist\u00e9rios deveriam ter uma articula\u00e7\u00e3o e implantar o que j\u00e1 foi discutido l\u00e1 atr\u00e1s: apoiar as popula\u00e7\u00f5es que t\u00eam interesse nos processos [de minera\u00e7\u00e3o], e proteger as que n\u00e3o t\u00eam&#8221;, diz F\u00e1bio Reis.<\/p>\n<p style=\"text-align: justify;\"><cite>Se voc\u00ea olhar o mapa, v\u00ea muitas libera\u00e7\u00f5es tamb\u00e9m em \u00e1reas de interse\u00e7\u00e3o, o que gera uma tens\u00e3o econ\u00f4mica, uma press\u00e3o para poder entrar no territ\u00f3rio.&#8221;<\/cite><strong>F\u00e1bio Reis, ge\u00f3logo e um dos autores do livro<\/strong><\/p>\n<h2>Ocupa\u00e7\u00e3o<\/h2>\n<p style=\"text-align: justify;\"><strong>No Brasil, as\u00a0TIs\u00a0ocupam 1,18 milh\u00e3o de\u00a0km\u00b2, ou 14% do total do territ\u00f3rio pa\u00eds<\/strong>\u00a0\u2014o equivale \u00e0 extens\u00e3o de Fran\u00e7a, Alemanha e Reino Unido juntos.<\/p>\n<p style=\"text-align: justify;\">Desse total, ainda h\u00e1 104,9 mil\u00a0km\u00b2\u00a0com processos de pedido de minera\u00e7\u00e3o em interse\u00e7\u00e3o com as\u00a0TIs, ou seja, ao lado de \u00e1reas ind\u00edgenas, o que, segundo pesquisadores, tamb\u00e9m gera tens\u00e3o. A \u00e1rea \u00e9 equivalente ao estado de Pernambuco.<\/p>\n<p><strong>Segundo o livro, a ANM tinha, at\u00e9 fevereiro de 2022:<\/strong><\/p>\n<ul>\n<li>211 mil processos miner\u00e1rios cadastrados.<\/li>\n<\/ul>\n<p><strong>Desses:<\/strong><\/p>\n<ul>\n<li>2.581 s\u00e3o em \u00e1reas em interse\u00e7\u00e3o ou sobreposi\u00e7\u00e3o em Terras Ind\u00edgenas.<\/li>\n<\/ul>\n<p style=\"text-align: justify;\">Segundo Suzi Huff, alguns desses pedidos podem ser considerados legais, se foram protocolados na ANM antes da Constitui\u00e7\u00e3o de 1988.<\/p>\n<p style=\"text-align: justify;\">&#8220;Outro caso poss\u00edvel pode ocorrer se o processo for anterior \u00e0 homologa\u00e7\u00e3o da TI. S\u00e3o possibilidades que devem ser consideradas, mas a grande maioria dos processos \u00e9 bem mais recente&#8221;, diz.<\/p>\n<p style=\"text-align: justify;\"><strong>Ge\u00f3logos defendem que sejam criados territ\u00f3rios livres de minera\u00e7\u00e3o,<\/strong>\u00a0baseados nos princ\u00edpios de rigidez socioambiental, que est\u00e1 em contraposi\u00e7\u00e3o \u00e0 chamada &#8220;rigidez locacional&#8221; (que determina que a explora\u00e7\u00e3o mineral s\u00f3 pode ocorrer no local onde min\u00e9rio ocorre).<\/p>\n<p style=\"text-align: justify;\"><cite>O que n\u00f3s argumentamos \u00e9 que esse impedimento poderia resguardar determinados territ\u00f3rios, por seu valor cultural, social e de prote\u00e7\u00e3o \u00e0 popula\u00e7\u00e3o ind\u00edgena que n\u00e3o optar pela permiss\u00e3o da explora\u00e7\u00e3o mineral.&#8221;<\/cite><strong>Suzi Huoff<\/strong><\/p>\n<h2>Sobre o livro<\/h2>\n<div class=\"photoembed-wrapper\">\n<figure class=\"photo photo-embed no-gutter col-sm-12 col-md-13 col-lg-11  crop-450x1 limit-crop  figure\" data-format=\"horizontal\">\n<div class=\"image bg\">\n<div class=\"placeholder\">\n<div class=\"pinit-wraper\"><img loading=\"lazy\" class=\"pinit-img loaded\" src=\"https:\/\/conteudo.imguol.com.br\/c\/noticias\/c7\/2023\/02\/28\/capa-do-livro-mineracao-em-terras-indigenas--desenvolvimento-para-quem-1677606868892_v2_450x1.png.webp\" alt=\"capa do livro 'Minera\u00e7\u00e3o em terras ind\u00edgenas : desenvolvimento para quem?' - Reprodu\u00e7\u00e3o - Reprodu\u00e7\u00e3o\" width=\"450\" height=\"1\" data-src=\"https:\/\/conteudo.imguol.com.br\/c\/noticias\/c7\/2023\/02\/28\/capa-do-livro-mineracao-em-terras-indigenas--desenvolvimento-para-quem-1677606868892_v2_450x1.png.webp\" data-crop=\"{&quot;xs&quot;:&quot;450x1&quot;,&quot;sm&quot;:&quot;450x1&quot;,&quot;md&quot;:&quot;450x1&quot;,&quot;lg&quot;:&quot;450x1&quot;}\" data-crazyload=\"loaded\" \/><\/div>\n<div class=\"slot-a\"><\/div>\n<\/div>\n<\/div><figcaption class=\"container bottom-title\">\n<div>Capa do livro<\/div>\n<p>Imagem: Reprodu\u00e7\u00e3o<\/figcaption><\/figure>\n<\/div>\n<\/div>\n<\/div>\n<\/div>\n<\/div>\n<\/div>\n<\/div>\n<\/div>\n","protected":false},"excerpt":{"rendered":"<p>\u00c1rea desmatada para minera\u00e7\u00e3o de cassiterita e ouro, em Porto Velho, distrito de Jaci-Paran\u00e1 (RO)Imagem: Victor Moriyama\/Amaz\u00f4nia em Chamas Carlos Madeiro Uma \u00e1rea de 50 mil km\u00b2 dentro de Terras Ind\u00edgenas (TIs) no pa\u00eds tem requerimentos para atividade de minera\u00e7\u00e3o. Para efeito de compara\u00e7\u00e3o, o estado do Rio de Janeiro tem 43,6 mil\u00a0km\u00b2. O levantamento [&hellip;]<\/p>\n","protected":false},"author":2,"featured_media":113283,"comment_status":"open","ping_status":"open","sticky":false,"template":"","format":"standard","meta":[],"categories":[113,105],"tags":[297,296,295],"_links":{"self":[{"href":"https:\/\/www.blogdopaulonunes.com\/v5\/index.php\/wp-json\/wp\/v2\/posts\/113282"}],"collection":[{"href":"https:\/\/www.blogdopaulonunes.com\/v5\/index.php\/wp-json\/wp\/v2\/posts"}],"about":[{"href":"https:\/\/www.blogdopaulonunes.com\/v5\/index.php\/wp-json\/wp\/v2\/types\/post"}],"author":[{"embeddable":true,"href":"https:\/\/www.blogdopaulonunes.com\/v5\/index.php\/wp-json\/wp\/v2\/users\/2"}],"replies":[{"embeddable":true,"href":"https:\/\/www.blogdopaulonunes.com\/v5\/index.php\/wp-json\/wp\/v2\/comments?post=113282"}],"version-history":[{"count":1,"href":"https:\/\/www.blogdopaulonunes.com\/v5\/index.php\/wp-json\/wp\/v2\/posts\/113282\/revisions"}],"predecessor-version":[{"id":113284,"href":"https:\/\/www.blogdopaulonunes.com\/v5\/index.php\/wp-json\/wp\/v2\/posts\/113282\/revisions\/113284"}],"wp:featuredmedia":[{"embeddable":true,"href":"https:\/\/www.blogdopaulonunes.com\/v5\/index.php\/wp-json\/wp\/v2\/media\/113283"}],"wp:attachment":[{"href":"https:\/\/www.blogdopaulonunes.com\/v5\/index.php\/wp-json\/wp\/v2\/media?parent=113282"}],"wp:term":[{"taxonomy":"category","embeddable":true,"href":"https:\/\/www.blogdopaulonunes.com\/v5\/index.php\/wp-json\/wp\/v2\/categories?post=113282"},{"taxonomy":"post_tag","embeddable":true,"href":"https:\/\/www.blogdopaulonunes.com\/v5\/index.php\/wp-json\/wp\/v2\/tags?post=113282"}],"curies":[{"name":"wp","href":"https:\/\/api.w.org\/{rel}","templated":true}]}}