{"id":113241,"date":"2023-03-02T08:15:37","date_gmt":"2023-03-02T11:15:37","guid":{"rendered":"https:\/\/www.blogdopaulonunes.com\/v5\/?p=113241"},"modified":"2023-03-01T15:23:08","modified_gmt":"2023-03-01T18:23:08","slug":"abertas-inscricoes-gratuitas-para-oficina-de-roteiro-e-producao-de-series-animadas","status":"publish","type":"post","link":"https:\/\/www.blogdopaulonunes.com\/v5\/index.php\/2023\/03\/02\/abertas-inscricoes-gratuitas-para-oficina-de-roteiro-e-producao-de-series-animadas\/","title":{"rendered":"Abertas inscri\u00e7\u00f5es gratuitas para Oficina de Roteiro e Produ\u00e7\u00e3o de S\u00e9ries Animadas"},"content":{"rendered":"<p dir=\"ltr\">\n<p>&nbsp;<\/p>\n<p dir=\"ltr\" style=\"text-align: justify;\">P\u00fablico-alvo \u00e9 direcionado a <b>pessoas autodeclaradas negras, naturais ou residentes do interior da Bahia<\/b>. Inscri\u00e7\u00f5es acontecem at\u00e9 10 de mar\u00e7o<\/p>\n<p style=\"text-align: justify;\">\n<p dir=\"ltr\" style=\"text-align: justify;\">Est\u00e3o abertas at\u00e9 o dia 10 de mar\u00e7o as inscri\u00e7\u00f5es gratuitas para a Oficina de Roteiro e Produ\u00e7\u00e3o de S\u00e9ries Animadas, realizada pelo roteirista e doutor em comunica\u00e7\u00e3o Marcelo Lima e com participa\u00e7\u00e3o dos produtores Ailton Pinheiro e Dayane Sena. Ser\u00e3o disponibilizadas 30 vagas exclusivas para pessoas negras do interior da Bahia, a partir de 18 anos, que desejem conhecer os fundamentos da dramaturgia de s\u00e9ries animadas. A oficina acontece de forma online, de 20 de mar\u00e7o a 05 de abril, sempre \u00e0s segundas, quartas e sextas, das 18h \u00e0s 21h. Os interessados podem se inscrever atrav\u00e9s do site: <a href=\"http:\/\/www.marceloroteiros.com\/oficina\" target=\"_blank\" rel=\"noopener\" data-saferedirecturl=\"https:\/\/www.google.com\/url?q=http:\/\/www.marceloroteiros.com\/oficina&amp;source=gmail&amp;ust=1677780591293000&amp;usg=AOvVaw0Lzlbg6NCfYvdxJ9FhkASE\">www.marceloroteiros.com\/<wbr \/>oficina<\/a> e acompanhar informa\u00e7\u00f5es no instagram <a href=\"https:\/\/www.instagram.com\/marcelo.o.lima\/\" target=\"_blank\" rel=\"noopener\" data-saferedirecturl=\"https:\/\/www.google.com\/url?q=https:\/\/www.instagram.com\/marcelo.o.lima\/&amp;source=gmail&amp;ust=1677780591293000&amp;usg=AOvVaw3UUFr8QgXV8QuOmEqU4Wg6\">@marcelo.o.lima<\/a><\/p>\n<p style=\"text-align: justify;\">\n<p dir=\"ltr\" style=\"text-align: justify;\">Segundo Marcelo, a oficina \u00e9 voltada para o p\u00fablico iniciante, com pouca ou nenhuma experi\u00eancia, mas que tenha uma ideia na mente e disposi\u00e7\u00e3o para escrever. As aulas passam pelo entendimento de conhecimentos e pr\u00e1ticas voltadas para a constru\u00e7\u00e3o do universo ficcional da anima\u00e7\u00e3o, incluindo processos da linguagem, conceitos, narrativas e est\u00e9ticas pr\u00f3prias deste formato. Ao fim da oficina cada participante produzir\u00e1 uma proposta de projeto de s\u00e9rie animada.<\/p>\n<p dir=\"ltr\" style=\"text-align: justify;\">A metodologia tamb\u00e9m inclui a discuss\u00e3o de obras nacionais e estrangeiras j\u00e1 desenvolvidas e veiculadas na televis\u00e3o. A ideia \u00e9 apresentar um cen\u00e1rio real dos processos de cria\u00e7\u00e3o e execu\u00e7\u00e3o na cena nacional.<\/p>\n<p dir=\"ltr\" style=\"text-align: justify;\">\u201cViver do trabalho como roteirista \u00e9 um sonho de crian\u00e7a que se tornou real. Meu desejo \u00e9 que essa oficina ofere\u00e7a ferramentas para despertar nos participantes essa perspectiva de transformar suas ideias em projetos concretos e at\u00e9 mesmo vend\u00e1veis\u201d, afirma o roteirista.<\/p>\n<p style=\"text-align: justify;\"><img loading=\"lazy\" class=\"alignnone size-full wp-image-113243\" src=\"https:\/\/www.blogdopaulonunes.com\/v5\/wp-content\/uploads\/2023\/03\/Marcelo-Lima9.png\" alt=\"\" width=\"301\" height=\"226\" \/><\/p>\n<p dir=\"ltr\" style=\"text-align: justify;\">Marcelo \u00e9 autor de diversos projetos de anima\u00e7\u00e3o e document\u00e1rio, artigos sobre dramaturgia e livros de Hist\u00f3rias em Quadrinhos. Recebeu o Pr\u00eamio Jo\u00e3o Ubaldo Ribeiro da Prefeitura de Salvador em 2017 pela adapta\u00e7\u00e3o para HQ do romance \u201cO Bicho que Chegou a Feira\u201d, de Muniz Sodr\u00e9; e o Trof\u00e9u Angelo Agostini na categoria melhor HQ pela obra \u201cLucas da Vila de Sant\u201dAnna da Feira\u201d em 2011, al\u00e9m de duas indica\u00e7\u00f5es de melhor HQ independente no HQ Mix. Atua tamb\u00e9m com pesquisa nas \u00e1reas de Dramaturgia, Serialidade, Anima\u00e7\u00e3o e Transm\u00eddia e como professor de roteiro para HQs e audiovisual.<\/p>\n<p style=\"text-align: justify;\">\n<p dir=\"ltr\" style=\"text-align: justify;\">A oficina \u00e9 uma contrapartida do projeto &#8220;Os Afrofuturistas&#8221;. O projeto foi contemplado pelo Edital Setorial de Audiovisual 2019 e tem apoio financeiro do Governo do Estado, atrav\u00e9s do Fundo de Cultura, Secretaria da Fazenda, Funda\u00e7\u00e3o Cultural do Estado da Bahia e Secretaria de Cultura da Bahia.<\/p>\n<p style=\"text-align: justify;\">\n<p dir=\"ltr\" style=\"text-align: justify;\"><strong>SERVI\u00c7O<\/strong><\/p>\n<p dir=\"ltr\" style=\"text-align: justify;\">Oficina de Roteiro e Produ\u00e7\u00e3o de S\u00e9ries Animadas<\/p>\n<p dir=\"ltr\" style=\"text-align: justify;\">Inscri\u00e7\u00f5es Gratuitas at\u00e9 o dia 10\/03\/2023 no site <a href=\"http:\/\/www.marceloroteiros.com\/oficina\" target=\"_blank\" rel=\"noopener\" data-saferedirecturl=\"https:\/\/www.google.com\/url?q=http:\/\/www.marceloroteiros.com\/oficina&amp;source=gmail&amp;ust=1677780591293000&amp;usg=AOvVaw0Lzlbg6NCfYvdxJ9FhkASE\">www.marceloroteiros.com\/<wbr \/>oficina<\/a><\/p>\n<p dir=\"ltr\" style=\"text-align: justify;\">Aulas Online de 20 de Mar\u00e7o a 05 de Abril (\u00e0s segundas, quartas e sextas)<\/p>\n<p dir=\"ltr\" style=\"text-align: justify;\">Hor\u00e1rio: 18h \u00e0s 21h<\/p>\n<p dir=\"ltr\" style=\"text-align: justify;\">P\u00fablico-Alvo: Pessoas autodeclaradas negras (pretas ou pardas) a partir dos 18 anos que sejam nascidos ou residentes no interior da Bahia<\/p>\n<p dir=\"ltr\" style=\"text-align: justify;\">Acompanhe em: <a href=\"https:\/\/www.instagram.com\/marcelo.o.lima\/\" target=\"_blank\" rel=\"noopener\" data-saferedirecturl=\"https:\/\/www.google.com\/url?q=https:\/\/www.instagram.com\/marcelo.o.lima\/&amp;source=gmail&amp;ust=1677780591293000&amp;usg=AOvVaw3UUFr8QgXV8QuOmEqU4Wg6\">@marcelo.o.lima<\/a><\/p>\n<p style=\"text-align: justify;\">\n<p dir=\"ltr\" style=\"text-align: justify;\">SOBRE MARCELO LIMA<\/p>\n<p style=\"text-align: justify;\">\n<p dir=\"ltr\" style=\"text-align: justify;\">Natural de Feira de Santana (BA), Marcelo Lima \u00e9 roteirista e professor de HQs e Audiovisual e Doutor em Comunica\u00e7\u00e3o pela Universidade Federal da Bahia. Recebeu o Pr\u00eamio Jo\u00e3o Ubaldo Ribeiro da Prefeitura de Salvador (2017) pela adapta\u00e7\u00e3o para HQ do romance \u201cO Bicho que Chegou a Feira\u201d, de Muniz Sodr\u00e9, o Trof\u00e9u Angelo Agostini na categoria melhor HQ pela obra \u201cLucas da Vila de Sant\u201dAnna da Feira\u201d (2011) e duas indica\u00e7\u00f5es de melhor HQ independente no HQ Mix. Participou do Colaborat\u00f3rio Criativo, iniciativa de inclus\u00e3o profissional de roteiristas negros com apoio da Netflix. Escreveu a s\u00e9rie animada Auts (Takapy), exibida na PlayKids, TVE e TV Cultura. Cocriou as s\u00e9ries animadas Pequenos Narradores (Takapy) exibida na TV Aratu, e Galera da Praia (Griot Filmes\/Tamar\/Studio Belli), a ser exibida na TV R\u00e1-Tim-Bum. Foi roteirista das s\u00e9ries Formula Dreams (Story Productions\/SP), Beliche Voador (Plot Kids\/SC); e a segunda temporada da s\u00e9rie animada Mundo Ripilica (Marisol\/SP), exibida na Discovery Kids e Amazon Prime; foi head writer de desenvolvimento de universo ficcional do personagem Nen\u00ea do Zap (Funda\u00e7\u00e3o Maria Cecilia Souto Vidigal) a partir de argumento coescrito com Anna Muylaert; escreveu o argumento para filme document\u00e1rio derivado do \u00e1lbum QVVJFA?, do rapper Baco Exu do Blues; desenvolveu seu primeiro longa live-action Caindo no Mundo, uma com\u00e9dia universit\u00e1ria passada em Salvador e voltada para o p\u00fablico jovem adulto com financiamento da Netflix e supervis\u00e3o de roteiristas desta plataforma; foi roteirista na Conspira\u00e7\u00e3o Filmes entre 2021 e 2022, onde desenvolveu projeto de s\u00e9rie chefiado por L\u00e1zaro Ramos. Atualmente desenvolve o projeto transm\u00eddia Os Afrofuturistas, financiado pela SECULT\/BA e pelo Ita\u00fa Cultural, com HQ a ser lan\u00e7ada em Abril de 2023 pela Editora Veneta; escreve s\u00e9rie voltada para o p\u00fablico teen para a Disney+ com produ\u00e7\u00e3o da Boutique Filmes. Portf\u00f3lio: <a href=\"https:\/\/www.marceloroteiros.com\/\" target=\"_blank\" rel=\"noopener\" data-saferedirecturl=\"https:\/\/www.google.com\/url?q=https:\/\/www.marceloroteiros.com\/&amp;source=gmail&amp;ust=1677780591293000&amp;usg=AOvVaw23sIZ9Ic5BkSNxT-h1BgwR\">https:\/\/www.marceloroteiros.<wbr \/>com\/<\/a><\/p>\n","protected":false},"excerpt":{"rendered":"<p>&nbsp; P\u00fablico-alvo \u00e9 direcionado a pessoas autodeclaradas negras, naturais ou residentes do interior da Bahia. Inscri\u00e7\u00f5es acontecem at\u00e9 10 de mar\u00e7o Est\u00e3o abertas at\u00e9 o dia 10 de mar\u00e7o as inscri\u00e7\u00f5es gratuitas para a Oficina de Roteiro e Produ\u00e7\u00e3o de S\u00e9ries Animadas, realizada pelo roteirista e doutor em comunica\u00e7\u00e3o Marcelo Lima e com participa\u00e7\u00e3o dos [&hellip;]<\/p>\n","protected":false},"author":2,"featured_media":113242,"comment_status":"open","ping_status":"open","sticky":false,"template":"","format":"standard","meta":[],"categories":[91,105],"tags":[259,260,262,261],"_links":{"self":[{"href":"https:\/\/www.blogdopaulonunes.com\/v5\/index.php\/wp-json\/wp\/v2\/posts\/113241"}],"collection":[{"href":"https:\/\/www.blogdopaulonunes.com\/v5\/index.php\/wp-json\/wp\/v2\/posts"}],"about":[{"href":"https:\/\/www.blogdopaulonunes.com\/v5\/index.php\/wp-json\/wp\/v2\/types\/post"}],"author":[{"embeddable":true,"href":"https:\/\/www.blogdopaulonunes.com\/v5\/index.php\/wp-json\/wp\/v2\/users\/2"}],"replies":[{"embeddable":true,"href":"https:\/\/www.blogdopaulonunes.com\/v5\/index.php\/wp-json\/wp\/v2\/comments?post=113241"}],"version-history":[{"count":1,"href":"https:\/\/www.blogdopaulonunes.com\/v5\/index.php\/wp-json\/wp\/v2\/posts\/113241\/revisions"}],"predecessor-version":[{"id":113244,"href":"https:\/\/www.blogdopaulonunes.com\/v5\/index.php\/wp-json\/wp\/v2\/posts\/113241\/revisions\/113244"}],"wp:featuredmedia":[{"embeddable":true,"href":"https:\/\/www.blogdopaulonunes.com\/v5\/index.php\/wp-json\/wp\/v2\/media\/113242"}],"wp:attachment":[{"href":"https:\/\/www.blogdopaulonunes.com\/v5\/index.php\/wp-json\/wp\/v2\/media?parent=113241"}],"wp:term":[{"taxonomy":"category","embeddable":true,"href":"https:\/\/www.blogdopaulonunes.com\/v5\/index.php\/wp-json\/wp\/v2\/categories?post=113241"},{"taxonomy":"post_tag","embeddable":true,"href":"https:\/\/www.blogdopaulonunes.com\/v5\/index.php\/wp-json\/wp\/v2\/tags?post=113241"}],"curies":[{"name":"wp","href":"https:\/\/api.w.org\/{rel}","templated":true}]}}