{"id":112929,"date":"2023-02-11T11:32:51","date_gmt":"2023-02-11T14:32:51","guid":{"rendered":"https:\/\/www.blogdopaulonunes.com\/v5\/?p=112929"},"modified":"2023-02-11T11:32:51","modified_gmt":"2023-02-11T14:32:51","slug":"ferrovia-bahia-minas-sera-reconstruida-apos-57-anos","status":"publish","type":"post","link":"https:\/\/www.blogdopaulonunes.com\/v5\/index.php\/2023\/02\/11\/ferrovia-bahia-minas-sera-reconstruida-apos-57-anos\/","title":{"rendered":"Ferrovia Bahia-Minas ser\u00e1 reconstru\u00edda ap\u00f3s 57 anos"},"content":{"rendered":"<p>Malha ferrovi\u00e1ria deve baratear o custo de produtos para exporta\u00e7\u00e3o<\/p>\n<div class=\"noticias-single__content\">\n<div class=\"noticias-single__content__text js-mediator-article\">\n<p class=\"bodytext\" style=\"text-align: justify;\">Houve um tempo em que quase todos os produtos transportados no pa\u00eds eram levados por trilhos met\u00e1licos, o que mudou a partir da d\u00e9cada de 1930, quando ve\u00edculos de quatro rodas passaram a ser sin\u00f4nimo de\u00a0modernidade. Por\u00e9m, a autoriza\u00e7\u00e3o para a constru\u00e7\u00e3o de uma ferrovia que ligar\u00e1 Minas Gerais \u00e0 Bahia pode mudar o rumo dessa hist\u00f3ria. Al\u00e9m de mais r\u00e1pida, a malha ferrovi\u00e1ria tamb\u00e9m pode reduzir os custos de transporte em at\u00e9 30%.<\/p>\n<p class=\"bodytext\" style=\"text-align: justify;\">A autoriza\u00e7\u00e3o para constru\u00e7\u00e3o e explora\u00e7\u00e3o da estrada de ferro que far\u00e1 a liga\u00e7\u00e3o entre Caravelas, no sul baiano, e Ara\u00e7ua\u00ed, no Vale do Jequitinhonha, foi publicada no Di\u00e1rio Oficial da Uni\u00e3o, na ter\u00e7a-feira (7).<\/p>\n<p class=\"bodytext\" style=\"text-align: justify;\">O prazo \u00e9 para que a empresa MTC &#8211; Multimodal Caravelas comande a via por 98 anos. A delibera\u00e7\u00e3o foi feita pela Ag\u00eancia Nacional de Transportes (ANTT) e a MTC deve assinar o contrato de ades\u00e3o em at\u00e9 30 dias. A empresa foi procurada para comentar o projeto, mas n\u00e3o se manifestou.<\/p>\n<p class=\"bodytext\" style=\"text-align: justify;\">A liga\u00e7\u00e3o entre o sul baiano e o centro de Minas n\u00e3o \u00e9 novidade. H\u00e1 57 anos, a Estrada de Ferro Bahia-Minas foi desativada por n\u00e3o garantir mais o lucro esperado no transporte de madeira e caf\u00e9. No imagin\u00e1rio brasileiro, a estrada ficou eternizada na can\u00e7\u00e3o Ponta de Areia (1975), do cantor Milton Nascimento. A m\u00fasica leva o nome do local onde a estrada ficava na \u00e9poca.<\/p>\n<p class=\"bodytext\" style=\"text-align: justify;\">Hoje, o que ainda resta do sistema ferrovi\u00e1rio serve como rota de cicloturismo. O mesmo percurso da primeira via\u00a0ser\u00e1 utilizado, dessa vez com a inser\u00e7\u00e3o de outras cidades, como Teixeira de Freitas e Mucuri.<\/p>\n<div class=\"embed-content\"><iframe loading=\"lazy\" title=\"YouTube video player\" src=\"https:\/\/www.youtube.com\/embed\/15g6YWqG3vc\" width=\"560\" height=\"315\" frameborder=\"0\" allowfullscreen=\"allowfullscreen\" data-gtm-yt-inspected-13=\"true\" data-mce-fragment=\"1\"><\/iframe><\/div>\n<div class=\"single-publicidade\">\n<div id=\"internas_300x250_04\"><\/div>\n<\/div>\n<p class=\"bodytext\" style=\"text-align: justify;\">Diferentemente de 1882, quando o ramal ferrovi\u00e1rio foi implantado pela primeira vez, a nova liga\u00e7\u00e3o deve ser facilitar o transporte de eucalipto, de Minas Gerais, para a cidade de Mucuri, onde a empresa Suzano realiza a produ\u00e7\u00e3o de celulose. Um estudo realizado pela startup Canopy Remote Sensing Solutions, em 2021, apontou que o eucalipto \u00e9 respons\u00e1vel por 96% da cultura agr\u00edcola do estado. Desse total, 13% est\u00e1 localizado no Vale do Jequitinhonha.<\/p>\n<p class=\"bodytext\" style=\"text-align: justify;\">O l\u00edtio de Minas Gerais tamb\u00e9m dever\u00e1 ser exportado e, ao chegar em Caravelas,\u00a0seguir\u00e1 viagem para Ilh\u00e9us. H\u00e1 a expectativa que o trem tenha vag\u00f5es destinados a passageiros, o que deve favorecer o turismo nas duas regi\u00f5es.<\/p>\n<p class=\"bodytext\" style=\"text-align: justify;\">Quando o assunto \u00e9 transporte de produtos, as ferrovias s\u00e3o importantes meios de reduzir o pre\u00e7o do que ser\u00e1 exportado, como explica Ant\u00f4nio Carlos Bonassa, professor de cadeias de suprimentos do curso de Administra\u00e7\u00e3o da ESPM.<\/p>\n<div class=\"single-publicidade\">\n<div id=\"internas_300x250_05\"><\/div>\n<\/div>\n<p class=\"bodytext\" style=\"text-align: justify;\">\u201cO retorno da utiliza\u00e7\u00e3o de uma estrada que liga Bahia \u00e0 Minas \u00e9 importante porque as maiorias dos produtos produzidos no interior t\u00eam que ser transportados de caminh\u00e3o. Al\u00e9m de um custo muito maior que aumenta o pre\u00e7o do produto, h\u00e1 uma sobrecarga do sistema rodovi\u00e1rio\u201d, esclarece o professor. Entre os produtos est\u00e3o min\u00e9rio de ferro, celulose, gr\u00e3os e \u00e1lcool.<\/p>\n<p class=\"bodytext\" style=\"text-align: justify;\">H\u00e1 ainda alimentos do pr\u00f3prio sul da Bahia que dever\u00e3o ter seu escoamento facilitado, como lembra o prefeito de Caravelas, S\u00edlvio Ramalho (PP). \u201cN\u00f3s temos exporta\u00e7\u00e3o de muitos produtos locais, como melancia e mam\u00e3o, que s\u00e3o exportados para o Sudeste e depois para a Su\u00ed\u00e7a. A ferrovia vai facilitar a vaz\u00e3o de produtos com um custo mais baixo\u201d, analisa.<\/p>\n<p class=\"bodytext\" style=\"text-align: justify;\">Segundo o prefeito, o porto e o terminal mar\u00edtimo da cidade estar\u00e3o prontos para receber o\u00a0incremento de cargas. Al\u00e9m do fator econ\u00f4mico, a ferrovia deve proporcionar benef\u00edcios sociais, com a abertura de postos de trabalho, e ambientais, por reduzir a emiss\u00e3o de g\u00e1s carb\u00f4nico.<\/p>\n<div class=\"single-publicidade\">\n<div id=\"internas_300x250_06\"><\/div>\n<\/div>\n<p class=\"bodytext\" style=\"text-align: justify;\">O investimento estimado para que a obra seja realizada \u00e9 de R$ 12 bilh\u00f5es e ainda n\u00e3o h\u00e1 data\u00a0para o seu in\u00edcio. O professor Ant\u00f4nio Carlos lembra que a autoriza\u00e7\u00e3o para que a empresa explore a nova via precisa ser bem analisada. Como o contrato \u00e9 de quase 100 anos, pode ser que no futuro outras malhas ferrovi\u00e1rias surjam e \u00e9 importante que ocorra integra\u00e7\u00e3o entre elas.<\/p>\n<p class=\"bodytext\" style=\"text-align: justify;\">\u201cQuem ganha a licita\u00e7\u00e3o \u00e9 dono da via e pode decidir quem pode usar. Mas quando a malha come\u00e7a a crescer pode ser que aquele peda\u00e7o constru\u00eddo fique importante para ligar dois ramais de donos diferentes. Ent\u00e3o, pode ser criado um gargalo, j\u00e1 que quem ganhou a licita\u00e7\u00e3o decide\u201d, explica.<\/p>\n<p class=\"bodytext\"><strong>Muito produto para pouco espa\u00e7o<\/strong><\/p>\n<p class=\"bodytext\" style=\"text-align: justify;\">Apesar de a Bahia ter grande produ\u00e7\u00e3o agr\u00edcola e estar em crescimento no segmento de min\u00e9rios, os produtos n\u00e3o se tornam muito competitivos no mercado externo e nacional justamente pela dificuldade em serem transportados at\u00e9 os portos do Brasil. \u00c9 como se o estado fosse uma bateria cheia de energia que n\u00e3o tem como ser descarregada, analisa Ant\u00f4nio Carlos Bonassa.<\/p>\n<p class=\"bodytext\" style=\"text-align: justify;\">Para se ter ideia do problema, o algod\u00e3o plantado em S\u00e3o Desid\u00e9rio, no extremo-oeste, precisa percorrer uma dist\u00e2ncia de mais de 1,6 mil quil\u00f4metros at\u00e9 o porto de Santos, em S\u00e3o Paulo. \u201cA ferrovia \u00e9 necess\u00e1ria para o escoamento da produ\u00e7\u00e3o agropecu\u00e1ria do estado, assim como para o transporte de fertilizantes, defensivos e combust\u00edvel\u201d, defende Humberto Miranda, presidente da Federa\u00e7\u00e3o da Agricultura e Pecu\u00e1ria da Bahia (Faeb).<\/p>\n<p class=\"bodytext\"><strong>Funda\u00e7\u00e3o apresenta Plano Estrat\u00e9gico Ferrovi\u00e1rio para a Bahia<\/strong><\/p>\n<p class=\"bodytext\" style=\"text-align: justify;\">A moderniza\u00e7\u00e3o de ferrovias do estado e a realiza\u00e7\u00e3o de investimentos em novas malhas ferrovi\u00e1rias s\u00e3o os pilares que sustentam o Plano Estrat\u00e9gico Ferrovi\u00e1rio da Bahia, realizado pela Funda\u00e7\u00e3o Dom Cabral (FDC), e que foi apresentado na na quarta-feira (08). O evento foi promovido pela Federa\u00e7\u00e3o das Ind\u00fastrias da Bahia (FIEB), representada pelo Conselho de Infraestrutura (COINFRA), e a Companhia Baiana de Pesquisa Mineral (CBPM).<\/p>\n<p class=\"bodytext\" style=\"text-align: justify;\">O estudo considera que para que a Bahia deixe de estar isolada nesse segmento, \u00e9 preciso investir na Ferrovia de Integra\u00e7\u00e3o Oeste-Leste (FIOL), com os trechos entre Ilh\u00e9us, Brumado e Caetit\u00e9. Al\u00e9m dos avan\u00e7os da FIOL II e I em cidades como Guanambi e Barreiras. Para Paulo Resende, coordenador do n\u00facleo de Infraestrutura e Log\u00edstica da Funda\u00e7\u00e3o Dom Cabral, \u00e9 preciso que setores p\u00fablicos e privados apostem na malha ferrovi\u00e1ria do estado.<\/p>\n<p class=\"bodytext\" style=\"text-align: justify;\">\u201cN\u00e3o \u00e9 uma quest\u00e3o apenas financeira, a grande dificuldade \u00e9 termos uma aposta no estado da Bahia por parte da iniciativa privada e do governo como uma regi\u00e3o que necessita de um sistema ferrovi\u00e1rio integrado ao resto do pa\u00eds\u201d, analisa.<\/p>\n<p class=\"bodytext\" style=\"text-align: justify;\">Antonio Carlos Tramm, presidente da CBPM, defende o tema como um dos mais urgentes para o desenvolvimento da Bahia. \u201cPor muitos anos tivemos a conversa de que faltava carga. O estudo mostra claramente o contr\u00e1rio, precisamos ter agora a vontade pol\u00edtica de levar este projeto adiante\u201d, enfatiza.<\/p>\n<p class=\"bodytext\" style=\"text-align: justify;\"><em>*Com orienta\u00e7\u00e3o de Monique L\u00f4bo.<\/em><\/p>\n<\/div>\n<\/div>\n","protected":false},"excerpt":{"rendered":"<p>Malha ferrovi\u00e1ria deve baratear o custo de produtos para exporta\u00e7\u00e3o Houve um tempo em que quase todos os produtos transportados no pa\u00eds eram levados por trilhos met\u00e1licos, o que mudou a partir da d\u00e9cada de 1930, quando ve\u00edculos de quatro rodas passaram a ser sin\u00f4nimo de\u00a0modernidade. Por\u00e9m, a autoriza\u00e7\u00e3o para a constru\u00e7\u00e3o de uma ferrovia [&hellip;]<\/p>\n","protected":false},"author":2,"featured_media":112930,"comment_status":"open","ping_status":"open","sticky":false,"template":"","format":"standard","meta":[],"categories":[100,72],"tags":[],"_links":{"self":[{"href":"https:\/\/www.blogdopaulonunes.com\/v5\/index.php\/wp-json\/wp\/v2\/posts\/112929"}],"collection":[{"href":"https:\/\/www.blogdopaulonunes.com\/v5\/index.php\/wp-json\/wp\/v2\/posts"}],"about":[{"href":"https:\/\/www.blogdopaulonunes.com\/v5\/index.php\/wp-json\/wp\/v2\/types\/post"}],"author":[{"embeddable":true,"href":"https:\/\/www.blogdopaulonunes.com\/v5\/index.php\/wp-json\/wp\/v2\/users\/2"}],"replies":[{"embeddable":true,"href":"https:\/\/www.blogdopaulonunes.com\/v5\/index.php\/wp-json\/wp\/v2\/comments?post=112929"}],"version-history":[{"count":1,"href":"https:\/\/www.blogdopaulonunes.com\/v5\/index.php\/wp-json\/wp\/v2\/posts\/112929\/revisions"}],"predecessor-version":[{"id":112931,"href":"https:\/\/www.blogdopaulonunes.com\/v5\/index.php\/wp-json\/wp\/v2\/posts\/112929\/revisions\/112931"}],"wp:featuredmedia":[{"embeddable":true,"href":"https:\/\/www.blogdopaulonunes.com\/v5\/index.php\/wp-json\/wp\/v2\/media\/112930"}],"wp:attachment":[{"href":"https:\/\/www.blogdopaulonunes.com\/v5\/index.php\/wp-json\/wp\/v2\/media?parent=112929"}],"wp:term":[{"taxonomy":"category","embeddable":true,"href":"https:\/\/www.blogdopaulonunes.com\/v5\/index.php\/wp-json\/wp\/v2\/categories?post=112929"},{"taxonomy":"post_tag","embeddable":true,"href":"https:\/\/www.blogdopaulonunes.com\/v5\/index.php\/wp-json\/wp\/v2\/tags?post=112929"}],"curies":[{"name":"wp","href":"https:\/\/api.w.org\/{rel}","templated":true}]}}