{"id":112926,"date":"2023-02-11T02:19:00","date_gmt":"2023-02-11T05:19:00","guid":{"rendered":"https:\/\/www.blogdopaulonunes.com\/v5\/?p=112926"},"modified":"2023-02-11T02:19:00","modified_gmt":"2023-02-11T05:19:00","slug":"chegam-ao-mercado-as-primeiras-cultivares-de-pequi-sem-espinhos","status":"publish","type":"post","link":"https:\/\/www.blogdopaulonunes.com\/v5\/index.php\/2023\/02\/11\/chegam-ao-mercado-as-primeiras-cultivares-de-pequi-sem-espinhos\/","title":{"rendered":"Chegam ao mercado as primeiras cultivares de pequi sem espinhos"},"content":{"rendered":"<p>&nbsp;<\/p>\n<div class=\"entry-content clearfix\">\n<figure class=\"wp-block-image size-full\"><figcaption>Os novos materiais alinham elevada\u00a0<a href=\"https:\/\/dominiorural.com\/tag\/produtividade\/\">produtividade<\/a>\u00a0e\u00a0<a href=\"https:\/\/dominiorural.com\/tag\/qualidade\/\">qualidade<\/a>\u00a0de polpa<\/figcaption><\/figure>\n<p style=\"text-align: justify;\">A\u00a0<a href=\"https:\/\/www.embrapa.br\/cerrados\" target=\"_blank\" rel=\"noreferrer noopener\">Embrapa Cerrados<\/a>\u00a0e a Ag\u00eancia Goiana de Assist\u00eancia\u00a0<a href=\"https:\/\/dominiorural.com\/tag\/tecnica\/\">T\u00e9cnica<\/a>, Extens\u00e3o\u00a0<a href=\"https:\/\/dominiorural.com\/tag\/rural\/\">Rural<\/a>\u00a0e\u00a0<a href=\"https:\/\/dominiorural.com\/tag\/pesquisa\/\">Pesquisa<\/a>\u00a0<a href=\"https:\/\/dominiorural.com\/tag\/agropecuaria\/\">Agropecu\u00e1ria<\/a>\u00a0(<a href=\"https:\/\/www.emater.go.gov.br\/wp\/\" target=\"_blank\" rel=\"noreferrer noopener\">Emater-GO<\/a>) lan\u00e7am, no dia 9 de novembro, em Goi\u00e2nia (GO), seis\u00a0<a href=\"https:\/\/dominiorural.com\/tag\/cultivares\/\">cultivares<\/a>\u00a0de\u00a0<a href=\"https:\/\/dominiorural.com\/tag\/pequi\/\">pequi<\/a>\u00a0\u2013\u00a0\u00a0tr\u00eas\u00a0<a href=\"https:\/\/dominiorural.com\/tag\/com\/\">com<\/a>\u00a0espinhos no endocarpo (caro\u00e7o) e tr\u00eas sem espinhos. \u00c9 a primeira vez que est\u00e3o sendo lan\u00e7adas\u00a0<a href=\"https:\/\/dominiorural.com\/tag\/cultivares\/\">cultivares<\/a>\u00a0de uma fruteira nativa arb\u00f3rea perene do\u00a0<a href=\"https:\/\/dominiorural.com\/tag\/cerrado\/\">Cerrado<\/a>. Os novos materiais alinham elevada\u00a0<a href=\"https:\/\/dominiorural.com\/tag\/produtividade\/\">produtividade<\/a>\u00a0e\u00a0<a href=\"https:\/\/dominiorural.com\/tag\/qualidade\/\">qualidade<\/a>\u00a0de polpa, atendem a necessidades de agroind\u00fastrias e de consumidores e contribuem\u00a0<a href=\"https:\/\/dominiorural.com\/tag\/para-2\/\">para<\/a>\u00a0a preserva\u00e7\u00e3o da esp\u00e9cie.<\/p>\n<p style=\"text-align: justify;\">\u201cChegamos a esse resultado\u00a0<a href=\"https:\/\/dominiorural.com\/tag\/com\/\">com<\/a>\u00a0muito trabalho, esfor\u00e7o, ci\u00eancia e\u00a0<a href=\"https:\/\/dominiorural.com\/category\/tecnologia\/\">tecnologia<\/a>\u201d, afirma o pesquisador\u00a0<a href=\"https:\/\/www.embrapa.br\/equipe\/-\/empregado\/149547\/ailton-vitor-pereira\" target=\"_blank\" rel=\"noreferrer noopener\">Ailton Pereira<\/a>,\u00a0da\u00a0<a href=\"https:\/\/dominiorural.com\/tag\/embrapa\/\">Embrapa<\/a>\u00a0Cerrados. Foram 25 anos de\u00a0<a href=\"https:\/\/dominiorural.com\/tag\/pesquisa\/\">pesquisa<\/a>\u00a0e de trabalho em\u00a0<a href=\"https:\/\/dominiorural.com\/tag\/parceria\/\">parceria<\/a>, conduzidos pelas duas institui\u00e7\u00f5es,\u00a0<a href=\"https:\/\/dominiorural.com\/tag\/com\/\">com<\/a>\u00a0a participa\u00e7\u00e3o tamb\u00e9m de\u00a0<a href=\"https:\/\/dominiorural.com\/tag\/produtores\/\">produtores<\/a>\u00a0(<strong>confira\u00a0 abaixo o hist\u00f3rico da\u00a0<a href=\"https:\/\/dominiorural.com\/tag\/pesquisa\/\">pesquisa<\/a><\/strong>).<\/p>\n<p style=\"text-align: justify;\">As\u00a0<a href=\"https:\/\/dominiorural.com\/tag\/cultivares\/\">cultivares<\/a>\u00a0foram registradas no\u00a0<a href=\"https:\/\/dominiorural.com\/tag\/ministerio-da-agricultura\/\">Minist\u00e9rio da\u00a0<\/a><a href=\"https:\/\/dominiorural.com\/category\/agricultura\/\">Agricultura<\/a>,\u00a0<a href=\"https:\/\/dominiorural.com\/tag\/pecuaria\/\">Pecu\u00e1ria<\/a>\u00a0e Abastecimento (<a href=\"https:\/\/www.gov.br\/agricultura\/pt-br\" target=\"_blank\" rel=\"noreferrer noopener\">Mapa<\/a>)\u00a0<a href=\"https:\/\/dominiorural.com\/tag\/para-2\/\">para<\/a>\u00a0cultivo em pequena escala na regi\u00e3o de Goi\u00e2nia e em outros locais\u00a0<a href=\"https:\/\/dominiorural.com\/tag\/com\/\">com<\/a>\u00a0condi\u00e7\u00f5es edafoclim\u00e1ticas semelhantes, mediante avalia\u00e7\u00f5es pr\u00e9vias. A partir de agora,\u00a0<a href=\"https:\/\/dominiorural.com\/tag\/produtores\/\">produtores<\/a>\u00a0rurais poder\u00e3o plantar o pequizeiro em pomares comerciais, utilizando um adequado sistema de produ\u00e7\u00e3o,\u00a0<a href=\"https:\/\/dominiorural.com\/tag\/com\/\">com<\/a>\u00a0garantia de uniformidade,\u00a0<a href=\"https:\/\/dominiorural.com\/tag\/qualidade\/\">qualidade<\/a>, precocidade e\u00a0<a href=\"https:\/\/dominiorural.com\/tag\/produtividade\/\">produtividade<\/a>.<\/p>\n<figure class=\"wp-block-image size-full\"><img loading=\"lazy\" class=\"wp-image-11962\" src=\"https:\/\/b2799300.smushcdn.com\/2799300\/wp-content\/uploads\/2023\/01\/image-1.png?lossy=0&amp;strip=1&amp;webp=1\" sizes=\"(max-width: 627px) 100vw, 627px\" srcset=\"https:\/\/b2799300.smushcdn.com\/2799300\/wp-content\/uploads\/2023\/01\/image-1.png?size=160x126&amp;lossy=0&amp;strip=1&amp;webp=1 160w, https:\/\/b2799300.smushcdn.com\/2799300\/wp-content\/uploads\/2023\/01\/image-1-300x235.png?lossy=0&amp;strip=1&amp;webp=1 300w, https:\/\/b2799300.smushcdn.com\/2799300\/wp-content\/uploads\/2023\/01\/image-1.png?size=480x377&amp;lossy=0&amp;strip=1&amp;webp=1 480w, https:\/\/b2799300.smushcdn.com\/2799300\/wp-content\/uploads\/2023\/01\/image-1.png?lossy=0&amp;strip=1&amp;webp=1 627w\" alt=\"\" width=\"627\" height=\"492\" \/><\/figure>\n<p style=\"text-align: justify;\"><a href=\"https:\/\/ainfo.cnptia.embrapa.br\/digital\/bitstream\/doc\/1148106\/1\/Folder-Pequi-101.pdf\" target=\"_blank\" rel=\"noreferrer noopener\">GOBRS 101<\/a>\u00a0(<strong>foto acima<\/strong>),\u00a0<a href=\"https:\/\/ainfo.cnptia.embrapa.br\/digital\/bitstream\/doc\/1148109\/1\/Folder-Pequi-102.pdf\" target=\"_blank\" rel=\"noreferrer noopener\">GOBRS 102<\/a>\u00a0e\u00a0<a href=\"https:\/\/ainfo.cnptia.embrapa.br\/digital\/bitstream\/doc\/1148115\/1\/Folder-Pequi-103.pdf\" target=\"_blank\" rel=\"noreferrer noopener\">GOBRS 103<\/a>\u00a0s\u00e3o os nomes\u00a0das\u00a0<a href=\"https:\/\/dominiorural.com\/tag\/cultivares\/\">cultivares<\/a>\u00a0sem espinhos. J\u00e1 as\u00a0<a href=\"https:\/\/dominiorural.com\/tag\/cultivares\/\">cultivares<\/a>\u00a0<a href=\"https:\/\/ainfo.cnptia.embrapa.br\/digital\/bitstream\/doc\/1148122\/1\/Folder-Pequi-201.pdf\" target=\"_blank\" rel=\"noreferrer noopener\">GOBRS 201<\/a>,\u00a0<a href=\"https:\/\/ainfo.cnptia.embrapa.br\/digital\/bitstream\/doc\/1148123\/1\/Folder-Pequi-202.pdf\" target=\"_blank\" rel=\"noreferrer noopener\">GOBRS 202<\/a>\u00a0e\u00a0<a href=\"https:\/\/ainfo.cnptia.embrapa.br\/digital\/bitstream\/doc\/1148127\/1\/Folder-Pequi-203.pdf\" target=\"_blank\" rel=\"noreferrer noopener\">GOBRS 203<\/a>\u00a0(<strong>foto abaixo<\/strong>)\u00a0possuem espinhos. Essas \u00faltimas s\u00e3o mais produtivas do que as sem espinhos. A GOBRS 201 \u00e9 a mais produtiva delas, alcan\u00e7ando\u00a0<a href=\"https:\/\/dominiorural.com\/tag\/produtividade\/\">produtividade<\/a>\u00a0m\u00e9dia anual de 85 kg por planta. A variedade que possui a polpa mais espessa \u00e9 a GOBRS103 (sem espinhos). Ela apresenta uma espessura m\u00e9dia de polpa de 7 a 8 mm, caracter\u00edstica que favorece a produ\u00e7\u00e3o agroindustrial.<\/p>\n<figure class=\"wp-block-image size-full\"><img loading=\"lazy\" class=\"wp-image-11964\" src=\"https:\/\/b2799300.smushcdn.com\/2799300\/wp-content\/uploads\/2023\/01\/image-2.png?lossy=0&amp;strip=1&amp;webp=1\" sizes=\"(max-width: 736px) 100vw, 736px\" srcset=\"https:\/\/b2799300.smushcdn.com\/2799300\/wp-content\/uploads\/2023\/01\/image-2.png?size=160x108&amp;lossy=0&amp;strip=1&amp;webp=1 160w, https:\/\/b2799300.smushcdn.com\/2799300\/wp-content\/uploads\/2023\/01\/image-2-300x203.png?lossy=0&amp;strip=1&amp;webp=1 300w, https:\/\/b2799300.smushcdn.com\/2799300\/wp-content\/uploads\/2023\/01\/image-2.png?size=480x325&amp;lossy=0&amp;strip=1&amp;webp=1 480w, https:\/\/b2799300.smushcdn.com\/2799300\/wp-content\/uploads\/2023\/01\/image-2.png?size=640x434&amp;lossy=0&amp;strip=1&amp;webp=1 640w, https:\/\/b2799300.smushcdn.com\/2799300\/wp-content\/uploads\/2023\/01\/image-2.png?lossy=0&amp;strip=1&amp;webp=1 736w\" alt=\"\" width=\"736\" height=\"499\" \/><\/figure>\n<h3><strong>Diversifica\u00e7\u00e3o\u00a0<a href=\"https:\/\/dominiorural.com\/tag\/genetica\/\">gen\u00e9tica<\/a><\/strong><\/h3>\n<p style=\"text-align: justify;\">\u201cEstamos lan\u00e7ando seis\u00a0<a href=\"https:\/\/dominiorural.com\/tag\/cultivares\/\">cultivares<\/a>\u00a0ao mesmo tempo pela necessidade de diversifica\u00e7\u00e3o\u00a0<a href=\"https:\/\/dominiorural.com\/tag\/genetica\/\">gen\u00e9tica<\/a>\u00a0da planta\u00e7\u00e3o\u201d, esclarece\u00a0Pereira. Segundo ele, o objetivo \u00e9 favorecer a fecunda\u00e7\u00e3o cruzada e o aumento da produ\u00e7\u00e3o de frutos. \u201cTrata-se tamb\u00e9m de uma medida preventiva contra futuras\u00a0<a href=\"https:\/\/dominiorural.com\/tag\/doencas\/\">doen\u00e7as<\/a>\u00a0ou\u00a0<a href=\"https:\/\/dominiorural.com\/tag\/pragas\/\">pragas<\/a>. \u00c9 uma estrat\u00e9gia que deve ser adotada\u00a0<a href=\"https:\/\/dominiorural.com\/tag\/para-2\/\">para<\/a>\u00a0minimizar o risco fitossanit\u00e1rio\u201d, alerta.<\/p>\n<p style=\"text-align: justify;\"><a href=\"https:\/\/dominiorural.com\/tag\/com\/\">Com<\/a>\u00a0o\u00a0<a href=\"https:\/\/dominiorural.com\/category\/eventos\/lancamento\/\">lan\u00e7amento<\/a>\u00a0de variedades sem espinhos, o consumo desse fruto de aroma e sabor marcantes e que faz parte da culin\u00e1ria e da cultura regional, principalmente dos estados de\u00a0<a href=\"https:\/\/dominiorural.com\/tag\/goias\/\">Goi\u00e1s<\/a>,\u00a0<a href=\"https:\/\/dominiorural.com\/tag\/minas-gerais\/\">Minas Gerais<\/a>,\u00a0<a href=\"https:\/\/dominiorural.com\/tag\/tocantins\/\">Tocantins<\/a>\u00a0e do\u00a0<a href=\"https:\/\/dominiorural.com\/tag\/distrito-federal\/\">Distrito Federal<\/a>, deve aumentar, na opini\u00e3o do pesquisador. Al\u00e9m de evitar acidentes ao consumir e manusear o produto, essa caracter\u00edstica favorece a mecaniza\u00e7\u00e3o do processo de extra\u00e7\u00e3o da polpa e facilita o acesso \u00e0 am\u00eandoa. \u201cOutra vantagem do\u00a0<a href=\"https:\/\/dominiorural.com\/tag\/pequi\/\">pequi<\/a>\u00a0sem espinhos \u00e9 que a polpa dele possui sabor mais suave o que,\u00a0<a href=\"https:\/\/dominiorural.com\/tag\/com\/\">com<\/a>\u00a0certeza, vai agradar ao p\u00fablico que hoje tem resist\u00eancia ou mesmo rejeita consumir o fruto\u201d, acredita.<\/p>\n<figure class=\"wp-block-embed is-type-video is-provider-youtube wp-block-embed-youtube wp-embed-aspect-16-9 wp-has-aspect-ratio\">\n<div class=\"wp-block-embed__wrapper\"><iframe loading=\"lazy\" title=\"Cultivares de pequi com e sem espinhos\" src=\"https:\/\/www.youtube.com\/embed\/SJGBPjSFHOw?feature=oembed\" width=\"800\" height=\"450\" frameborder=\"0\" allowfullscreen=\"allowfullscreen\" data-mce-fragment=\"1\"><\/iframe><\/div>\n<\/figure>\n<p>&nbsp;<\/p>\n<h3><strong>Hist\u00f3rico da\u00a0<a href=\"https:\/\/dominiorural.com\/tag\/pesquisa\/\">pesquisa<\/a><\/strong><\/h3>\n<p style=\"text-align: justify;\">A\u00a0<a href=\"https:\/\/dominiorural.com\/tag\/pesquisa\/\">pesquisa<\/a>\u00a0visando ao cultivo do\u00a0<a href=\"https:\/\/dominiorural.com\/tag\/pequi\/\">pequi<\/a>\u00a0come\u00e7ou no final dos anos 1990\u00a0<a href=\"https:\/\/dominiorural.com\/tag\/com\/\">com<\/a>\u00a0os\u00a0<a href=\"https:\/\/dominiorural.com\/tag\/estudos\/\">estudos<\/a>\u00a0de produ\u00e7\u00e3o de\u00a0<a href=\"https:\/\/dominiorural.com\/tag\/mudas\/\">mudas<\/a>\u00a0por\u00a0<a href=\"https:\/\/dominiorural.com\/tag\/sementes\/\">sementes<\/a>\u00a0(propaga\u00e7\u00e3o sexuada) e por reprodu\u00e7\u00e3o vegetativa (propaga\u00e7\u00e3o assexuada). \u201cCoordenamos o primeiro projeto relacionado \u00e0 propaga\u00e7\u00e3o do pequizeiro. Naquela \u00e9poca, havia muita demanda especialmente da\u00a0<a href=\"https:\/\/dominiorural.com\/category\/agricultura\/\">agricultura<\/a>\u00a0familiar. No entanto, os agricultores n\u00e3o conseguiam ter sucesso no plantio, pois o\u00a0<a href=\"https:\/\/dominiorural.com\/tag\/pequi\/\">pequi<\/a>, assim como outras\u00a0<a href=\"https:\/\/dominiorural.com\/tag\/especies\/\">esp\u00e9cies<\/a>\u00a0do\u00a0<a href=\"https:\/\/dominiorural.com\/tag\/cerrado\/\">Cerrado<\/a>, tem problema de germina\u00e7\u00e3o\u201d, explica a pesquisadora Elainy Pereira,\u00a0da\u00a0<a href=\"https:\/\/dominiorural.com\/tag\/emater\/\">Emater<\/a>\u00a0<a href=\"https:\/\/dominiorural.com\/tag\/goias\/\">Goi\u00e1s<\/a>.<\/p>\n<p style=\"text-align: justify;\">O trabalho de multiplica\u00e7\u00e3o come\u00e7ou, ent\u00e3o, a partir da propaga\u00e7\u00e3o sexuada (por semente), inicialmente\u00a0<a href=\"https:\/\/dominiorural.com\/tag\/para-2\/\">para<\/a>\u00a0atender os agricultores que buscavam essencialmente recuperar \u00e1reas degradadas. \u201cFoi necess\u00e1rio, antes de tudo, desenvolver tratamentos\u00a0<a href=\"https:\/\/dominiorural.com\/tag\/para-2\/\">para<\/a>\u00a0superar a dorm\u00eancia do\u00a0<a href=\"https:\/\/dominiorural.com\/tag\/pequi\/\">pequi<\/a>\u00a0e, assim, aumentar a porcentagem de germina\u00e7\u00e3o. Em seguida, foram conduzidos\u00a0<a href=\"https:\/\/dominiorural.com\/tag\/estudos\/\">estudos<\/a>\u00a0relacionados a substratos,\u00a0<a href=\"https:\/\/dominiorural.com\/tag\/adubacao\/\">aduba\u00e7\u00e3o<\/a>,\u00a0<a href=\"https:\/\/dominiorural.com\/tag\/pragas\/\">pragas<\/a>\u00a0e\u00a0<a href=\"https:\/\/dominiorural.com\/tag\/doencas\/\">doen\u00e7as<\/a>; tudo isso buscando produzir uma boa muda.\u201d<\/p>\n<div id=\"quads-ad1\" class=\"quads-location quads-ad1\">\n<p>&nbsp;<\/p>\n<div id=\"aswift_0_host\" tabindex=\"0\" title=\"Advertisement\" aria-label=\"Advertisement\"><iframe loading=\"lazy\" id=\"aswift_0\" src=\"https:\/\/googleads.g.doubleclick.net\/pagead\/ads?client=ca-pub-5453700818658693&amp;output=html&amp;h=0&amp;slotname=1387771230&amp;adk=2672451334&amp;adf=2817143642&amp;pi=t.ma~as.1387771230&amp;w=770&amp;lmt=1676091970&amp;rafmt=12&amp;format=770x0&amp;url=https%3A%2F%2Fdominiorural.com%2Fchegam-ao-mercado-as-primeiras-cultivares-de-pequi-sem-espinhos%2F&amp;host=ca-host-pub-2644536267352236&amp;wgl=1&amp;adsid=ChAIgPOXnwYQ3beUnMG1uNNtEj0AF6oe2iUVHn3Lfo0PA1QYuQ7skeWlu2gh8nHsbMXZO4Vj20sA9UtG7MCFQHkjMHm3SHO4la-QniILxZeX&amp;uach=WyJXaW5kb3dzIiwiMTAuMC4wIiwieDg2IiwiIiwiMTA5LjAuNTQxNC4xMjAiLFtdLGZhbHNlLG51bGwsIjY0IixbWyJOb3RfQSBCcmFuZCIsIjk5LjAuMC4wIl0sWyJHb29nbGUgQ2hyb21lIiwiMTA5LjAuNTQxNC4xMjAiXSxbIkNocm9taXVtIiwiMTA5LjAuNTQxNC4xMjAiXV0sZmFsc2Vd&amp;dt=1676091965446&amp;bpp=9&amp;bdt=596&amp;idt=505&amp;shv=r20230207&amp;mjsv=m202302060101&amp;ptt=9&amp;saldr=aa&amp;abxe=1&amp;cookie=ID%3D8cae8d9ad0bf0601-22fc8f0fa87f000e%3AT%3D1676091965%3ART%3D1676091965%3AS%3DALNI_Ma4BkiROzQaqdB3WYHvjO0PUre6Uw&amp;gpic=UID%3D000009eb7defb3f1%3AT%3D1676091965%3ART%3D1676091965%3AS%3DALNI_MaifzzgUeTfavPV7sI7pEBsC87K2g&amp;prev_fmts=0x0%2C310x250%2C310x250%2C728x90&amp;nras=4&amp;correlator=5699230550122&amp;frm=20&amp;pv=1&amp;ga_vid=1094242825.1676091966&amp;ga_sid=1676091966&amp;ga_hid=1379513734&amp;ga_fc=1&amp;u_tz=-180&amp;u_his=1&amp;u_h=768&amp;u_w=1366&amp;u_ah=728&amp;u_aw=1366&amp;u_cd=24&amp;u_sd=1&amp;dmc=8&amp;adx=120&amp;ady=3865&amp;biw=1349&amp;bih=657&amp;scr_x=0&amp;scr_y=1258&amp;eid=44759926%2C44759837%2C44759875%2C44773809%2C31072372%2C44779793&amp;oid=2&amp;pvsid=1441080139510683&amp;tmod=1075382424&amp;uas=0&amp;nvt=1&amp;eae=0&amp;fc=896&amp;brdim=0%2C0%2C0%2C0%2C1366%2C0%2C1366%2C728%2C1366%2C657&amp;vis=1&amp;rsz=%7C%7CevEbr%7C&amp;abl=CS&amp;fu=256&amp;bc=31&amp;ifi=1&amp;uci=a!1&amp;btvi=4&amp;fsb=1&amp;xpc=fycugX179K&amp;p=https%3A\/\/dominiorural.com&amp;dtd=4882\" name=\"aswift_0\" width=\"770\" height=\"0\" frameborder=\"0\" marginwidth=\"0\" marginheight=\"0\" scrolling=\"no\" sandbox=\"allow-forms allow-popups allow-popups-to-escape-sandbox allow-same-origin allow-scripts allow-top-navigation-by-user-activation\" data-google-container-id=\"a!1\" data-google-query-id=\"CP2fwpPZjP0CFUkyuQYdy88IPQ\" data-load-complete=\"true\" data-mce-fragment=\"1\"><\/iframe><\/div>\n<p>&nbsp;<\/p>\n<\/div>\n<p>No entanto, segundo a especialista, plantas resultantes de propaga\u00e7\u00e3o sexuada apresentam alta variabilidade\u00a0<a href=\"https:\/\/dominiorural.com\/tag\/genetica\/\">gen\u00e9tica<\/a>, o que \u00e9 desej\u00e1vel quando o plantio \u00e9 feito\u00a0<a href=\"https:\/\/dominiorural.com\/tag\/para-2\/\">para<\/a>\u00a0<a href=\"https:\/\/dominiorural.com\/tag\/recuperacao\/\">recupera\u00e7\u00e3o<\/a>\u00a0ambiental, mas n\u00e3o\u00a0<a href=\"https:\/\/dominiorural.com\/tag\/para-2\/\">para<\/a>\u00a0a forma\u00e7\u00e3o de pomares comerciais. \u201cFoi ent\u00e3o que decidimos que ter\u00edamos que fazer clones\u201d, contou a pesquisadora. Segundo ela, dessa forma, quando fosse identificada uma planta\u00a0<a href=\"https:\/\/dominiorural.com\/tag\/com\/\">com<\/a>\u00a0as caracter\u00edsticas consideradas ideais, seria feita a clonagem\u00a0<a href=\"https:\/\/dominiorural.com\/tag\/para-2\/\">para<\/a>\u00a0que as demais fossem id\u00eanticas \u00e0 planta m\u00e3e.<\/p>\n<p>Assim, foi desenvolvido pelos\u00a0<a href=\"https:\/\/dominiorural.com\/tag\/pesquisadores\/\">pesquisadores<\/a>\u00a0o m\u00e9todo mais adequado de propaga\u00e7\u00e3o assexuada. \u201cExistem v\u00e1rios tipos, mas o melhor que se encaixou, nesse caso, especialmente por sua simplicidade, foi a enxertia (por borbulhia de placas)\u201d, explicou o pesquisador Ailton Pereira. Segundo ele, essa fase da\u00a0<a href=\"https:\/\/dominiorural.com\/tag\/pesquisa\/\">pesquisa<\/a>\u00a0serviu de base\u00a0<a href=\"https:\/\/dominiorural.com\/tag\/para-2\/\">para<\/a>\u00a0o que viria depois. \u201cUma vez dominada a\u00a0<a href=\"https:\/\/dominiorural.com\/tag\/tecnica\/\">t\u00e9cnica<\/a>\u00a0de propaga\u00e7\u00e3o, nos tornamos aptos a garimpar o\u00a0<a href=\"https:\/\/dominiorural.com\/tag\/cerrado\/\">Cerrado<\/a>\u00a0em busca de matrizes de pequizeiros nobres\u00a0<a href=\"https:\/\/dominiorural.com\/tag\/para-2\/\">para<\/a>\u00a0clonar e montar uma cole\u00e7\u00e3o de trabalho\u00a0<a href=\"https:\/\/dominiorural.com\/tag\/com\/\">com<\/a>\u00a0fins de melhoramento gen\u00e9tico.\u201d<\/p>\n<figure class=\"wp-block-image size-full\"><img loading=\"lazy\" class=\"wp-image-11965\" src=\"https:\/\/b2799300.smushcdn.com\/2799300\/wp-content\/uploads\/2023\/01\/image-3.png?lossy=0&amp;strip=1&amp;webp=1\" sizes=\"(max-width: 800px) 100vw, 800px\" srcset=\"https:\/\/b2799300.smushcdn.com\/2799300\/wp-content\/uploads\/2023\/01\/image-3.png?size=160x114&amp;lossy=0&amp;strip=1&amp;webp=1 160w, https:\/\/b2799300.smushcdn.com\/2799300\/wp-content\/uploads\/2023\/01\/image-3-300x214.png?lossy=0&amp;strip=1&amp;webp=1 300w, https:\/\/b2799300.smushcdn.com\/2799300\/wp-content\/uploads\/2023\/01\/image-3.png?size=480x342&amp;lossy=0&amp;strip=1&amp;webp=1 480w, https:\/\/b2799300.smushcdn.com\/2799300\/wp-content\/uploads\/2023\/01\/image-3.png?size=640x457&amp;lossy=0&amp;strip=1&amp;webp=1 640w, https:\/\/b2799300.smushcdn.com\/2799300\/wp-content\/uploads\/2023\/01\/image-3-768x548.png?lossy=0&amp;strip=1&amp;webp=1 768w, https:\/\/b2799300.smushcdn.com\/2799300\/wp-content\/uploads\/2023\/01\/image-3.png?lossy=0&amp;strip=1&amp;webp=1 900w\" alt=\"\" width=\"900\" height=\"642\" \/><\/figure>\n<p><a href=\"https:\/\/dominiorural.com\/tag\/com\/\">Com<\/a>\u00a0isso, os\u00a0<a href=\"https:\/\/dominiorural.com\/tag\/pesquisadores\/\">pesquisadores<\/a>\u00a0partiram\u00a0<a href=\"https:\/\/dominiorural.com\/tag\/para-2\/\">para<\/a>\u00a0a prospec\u00e7\u00e3o de pequizeiros na natureza, de modo que eles fossem introduzidos nas institui\u00e7\u00f5es de\u00a0<a href=\"https:\/\/dominiorural.com\/tag\/pesquisa\/\">pesquisa<\/a>\u00a0e, assim, pudessem ser avaliados. \u201cA participa\u00e7\u00e3o do agricultor nessa etapa foi fundamental. Muitos nos procuravam dizendo que tinham muitos p\u00e9s de\u00a0<a href=\"https:\/\/dominiorural.com\/tag\/pequi\/\">pequi<\/a>, mas poucos eram bons e que eles queriam \u2018tirar a ra\u00e7a\u2019 (multiplicar) daqueles considerados melhores,\u00a0<a href=\"https:\/\/dominiorural.com\/tag\/para-2\/\">para<\/a>\u00a0que n\u00e3o se perdessem. \u00cdamos, ent\u00e3o, at\u00e9 \u00e0 propriedade, clon\u00e1vamos a planta, deix\u00e1vamos\u00a0<a href=\"https:\/\/dominiorural.com\/tag\/mudas\/\">mudas<\/a>\u00a0<a href=\"https:\/\/dominiorural.com\/tag\/para-2\/\">para<\/a>\u00a0o\u00a0<a href=\"https:\/\/dominiorural.com\/tag\/produtor\/\">produtor<\/a>\u00a0e traz\u00edamos outras\u00a0<a href=\"https:\/\/dominiorural.com\/tag\/para-2\/\">para<\/a>\u00a0plantarmos nos nossos campos experimentais\u201d, detalhou Elainy Pereira. \u201cPercorremos mais de sete mil quil\u00f4metros em busca desses pequizeiros bons\u201d, contou Aiton Pereira.<\/p>\n<p>O trabalho de avalia\u00e7\u00e3o e sele\u00e7\u00e3o dessas seis variedades que est\u00e3o sendo lan\u00e7adas teve como base os bancos de germoplasma (cole\u00e7\u00e3o de diferentes acessos ou gen\u00f3tipos da esp\u00e9cie) implantados na\u00a0<a href=\"https:\/\/dominiorural.com\/tag\/embrapa\/\">Embrapa<\/a>\u00a0Cerrados, em Planaltina (DF), e na\u00a0<a href=\"https:\/\/dominiorural.com\/tag\/emater\/\">Emater<\/a>\u00a0<a href=\"https:\/\/dominiorural.com\/tag\/goias\/\">Goi\u00e1s<\/a>, em Goi\u00e2nia e em An\u00e1polis (GO). Em Goi\u00e2nia, o local de 10 hectares abriga mais mil plantas\u00a0<a href=\"https:\/\/dominiorural.com\/tag\/com\/\">com<\/a>\u00a0caracter\u00edsticas diferentes e foi montado a partir de gen\u00f3tipos produzidos na\u00a0<a href=\"https:\/\/dominiorural.com\/tag\/embrapa\/\">Embrapa<\/a>\u00a0Cerrados, por meio de\u00a0<a href=\"https:\/\/dominiorural.com\/tag\/sementes\/\">sementes<\/a>\u00a0e\u00a0<a href=\"https:\/\/dominiorural.com\/tag\/mudas\/\">mudas<\/a>, e de outros selecionados na natureza.<\/p>\n<p>As avalia\u00e7\u00f5es gen\u00e9ticas de sele\u00e7\u00e3o de clones avan\u00e7ados ter\u00e3o continuidade em novas \u00e1reas nas esta\u00e7\u00f5es experimentais da\u00a0<a href=\"https:\/\/dominiorural.com\/tag\/emater\/\">Emater<\/a>\u00a0<a href=\"https:\/\/dominiorural.com\/tag\/goias\/\">Goi\u00e1s<\/a>\u00a0em An\u00e1polis e em Porangatu (GO), e no\u00a0<a href=\"https:\/\/dominiorural.com\/tag\/campo\/\">campo<\/a>\u00a0experimental da\u00a0<a href=\"https:\/\/dominiorural.com\/tag\/embrapa\/\">Embrapa<\/a>\u00a0Cerrados. O objetivo \u00e9 validar dados de\u00a0<a href=\"https:\/\/dominiorural.com\/tag\/pesquisa\/\">pesquisa<\/a>\u00a0e dar prosseguimento ao processo de sele\u00e7\u00e3o de novas\u00a0<a href=\"https:\/\/dominiorural.com\/tag\/cultivares\/\">cultivares<\/a>\u00a0geneticamente superiores e sua recomenda\u00e7\u00e3o\u00a0<a href=\"https:\/\/dominiorural.com\/tag\/para-2\/\">para<\/a>\u00a0diferentes regi\u00f5es do\u00a0<a href=\"https:\/\/dominiorural.com\/tag\/cerrado\/\">Cerrado<\/a>.<\/p>\n<p>\u201cNa\u00a0<a href=\"https:\/\/dominiorural.com\/tag\/embrapa\/\">Embrapa<\/a>\u00a0Cerrados v\u00e3o ser testados 70 clones de\u00a0<a href=\"https:\/\/dominiorural.com\/tag\/pequi\/\">pequi<\/a>\u00a0<a href=\"https:\/\/dominiorural.com\/tag\/com\/\">com<\/a>\u00a0espinhos e 30 sem espinhos. A implanta\u00e7\u00e3o do experimento ser\u00e1 ainda em\u00a0<a href=\"https:\/\/dominiorural.com\/tag\/2022\/\">2022<\/a>\u00a0e a previs\u00e3o \u00e9 que a produ\u00e7\u00e3o comece daqui a tr\u00eas anos\u201d, afirma o pesquisador\u00a0<a href=\"https:\/\/www.embrapa.br\/equipe\/-\/empregado\/201087\/carlos-eduardo-lazarini-da-fonseca\" target=\"_blank\" rel=\"noreferrer noopener\">Carlos Lazarini<\/a>, respons\u00e1vel pela condu\u00e7\u00e3o desse trabalho.<\/p>\n<h3><strong>\u00c1rvore s\u00edmbolo do\u00a0<a href=\"https:\/\/dominiorural.com\/tag\/cerrado\/\">Cerrado<\/a><\/strong><\/h3>\n<p>Frut\u00edfera nativa do\u00a0<a href=\"https:\/\/dominiorural.com\/tag\/cerrado\/\">Cerrado<\/a>, o pequizeiro (<em>Caryocar brasiliense<\/em>\u00a0Camb.) \u00e9 a \u00e1rvore s\u00edmbolo do bioma. \u00c9 encontrado em quase toda a Regi\u00e3o Centro-Oeste do\u00a0<a href=\"https:\/\/dominiorural.com\/tag\/brasil\/\">Brasil<\/a>\u00a0e em parte das Regi\u00f5es Sudeste, Norte e\u00a0<a href=\"https:\/\/dominiorural.com\/tag\/nordeste\/\">Nordeste<\/a>\u00a0do Pa\u00eds. O pequizeiro \u00e9 uma esp\u00e9cie arb\u00f3rea e pertence \u00e0 fam\u00edlia Caryocaraceae. A frutifica\u00e7\u00e3o ocorre entre os meses de outubro a mar\u00e7o e sua\u00a0<a href=\"https:\/\/dominiorural.com\/tag\/colheita\/\">colheita<\/a>\u00a0\u00e9 feita quando os frutos maduros caem no ch\u00e3o.<\/p>\n<p>Muitas fam\u00edlias, especialmente de pequenos agricultores, geram renda a partir da comercializa\u00e7\u00e3o dos frutos que s\u00e3o coletados no\u00a0<a href=\"https:\/\/dominiorural.com\/tag\/campo\/\">campo<\/a>. Segundo o Instituto\u00a0<a href=\"https:\/\/dominiorural.com\/tag\/brasileiro\/\">Brasileiro<\/a>\u00a0de Geografia e Estat\u00edstica (<a href=\"https:\/\/www.ibge.gov.br\/\" target=\"_blank\" rel=\"noreferrer noopener\">IBGE<\/a>), a extra\u00e7\u00e3o do\u00a0<a href=\"https:\/\/dominiorural.com\/tag\/pequi\/\">pequi<\/a>\u00a0no\u00a0<a href=\"https:\/\/dominiorural.com\/tag\/brasil\/\">Brasil<\/a>\u00a0em 2021 foi de mais de 74 mil toneladas, sendo\u00a0<a href=\"https:\/\/dominiorural.com\/tag\/minas-gerais\/\">Minas Gerais<\/a>\u00a0o estado respons\u00e1vel por mais da metade da produ\u00e7\u00e3o nacional. Esses n\u00fameros, no entanto, podem ser ainda maiores, uma vez que a maior parte da comercializa\u00e7\u00e3o do fruto ocorre no mercado informal.<\/p>\n<h3><strong><a href=\"https:\/\/dominiorural.com\/tag\/pequi\/\">Pequi<\/a>\u00a0na culin\u00e1ria regional<\/strong><\/h3>\n<p>O\u00a0<a href=\"https:\/\/dominiorural.com\/tag\/pequi\/\">pequi<\/a>\u00a0pode ser servido puro ou como ingrediente de outros pratos, salgados e doces. O\u00a0<a href=\"https:\/\/dominiorural.com\/tag\/arroz\/\">arroz<\/a>\u00a0e a galinhada\u00a0<a href=\"https:\/\/dominiorural.com\/tag\/com\/\">com<\/a>\u00a0<a href=\"https:\/\/dominiorural.com\/tag\/pequi\/\">pequi<\/a>\u00a0n\u00e3o podem faltar no card\u00e1pio regional. O fruto tamb\u00e9m \u00e9 usado na agroind\u00fastria em produtos como conservas, molhos, licores, sorvetes e picol\u00e9s.<\/p>\n<h3><strong><a href=\"https:\/\/dominiorural.com\/tag\/mudas\/\">Mudas<\/a>\u00a0ser\u00e3o adquiridas por viveiristas e\u00a0<a href=\"https:\/\/dominiorural.com\/tag\/agricultores-familiares\/\">agricultores familiares<\/a><\/strong><\/h3>\n<p>De 10 a 31 de outubro, foi aberta oferta p\u00fablica pela\u00a0<a href=\"https:\/\/dominiorural.com\/tag\/emater\/\">Emater<\/a>\u00a0GO\u00a0<a href=\"https:\/\/dominiorural.com\/tag\/para-2\/\">para<\/a>\u00a0<a href=\"https:\/\/dominiorural.com\/tag\/manifestacao\/\">manifesta\u00e7\u00e3o<\/a>\u00a0de interesse dos viveiristas e\u00a0<a href=\"https:\/\/dominiorural.com\/tag\/agricultores-familiares\/\">agricultores familiares<\/a>\u00a0interessados em adquirir\u00a0<a href=\"https:\/\/dominiorural.com\/tag\/mudas\/\">mudas<\/a>\u00a0de\u00a0<a href=\"https:\/\/dominiorural.com\/tag\/pequi\/\">pequi<\/a>\u00a0das novas\u00a0<a href=\"https:\/\/dominiorural.com\/tag\/cultivares\/\">cultivares<\/a>. Visando aumentar a\u00a0<a href=\"https:\/\/dominiorural.com\/tag\/seguranca\/\">seguran\u00e7a<\/a>\u00a0do empreendimento\u00a0<a href=\"https:\/\/dominiorural.com\/tag\/rural\/\">rural<\/a>\u00a0pela diversidade\u00a0<a href=\"https:\/\/dominiorural.com\/tag\/genetica\/\">gen\u00e9tica<\/a>\u00a0e tamb\u00e9m\u00a0<a href=\"https:\/\/dominiorural.com\/tag\/para-2\/\">para<\/a>\u00a0favorecer a fecunda\u00e7\u00e3o cruzada e a produ\u00e7\u00e3o de frutos de\u00a0<a href=\"https:\/\/dominiorural.com\/tag\/qualidade\/\">qualidade<\/a>, foram ofertados lotes\u00a0<a href=\"https:\/\/dominiorural.com\/tag\/com\/\">com<\/a>\u00a0seis\u00a0<a href=\"https:\/\/dominiorural.com\/tag\/mudas\/\">mudas<\/a>\u00a0enxertadas, sendo tr\u00eas\u00a0<a href=\"https:\/\/dominiorural.com\/tag\/cultivares\/\">cultivares<\/a>\u00a0de pequizeiro\u00a0<a href=\"https:\/\/dominiorural.com\/tag\/com\/\">com<\/a>\u00a0espinhos e tr\u00eas\u00a0<a href=\"https:\/\/dominiorural.com\/tag\/cultivares\/\">cultivares<\/a>\u00a0sem espinhos.<\/p>\n<p>Cada viveirista poder\u00e1 adquirir de cinco a at\u00e9 dez lotes por CNPJ, enquanto\u00a0<a href=\"https:\/\/dominiorural.com\/tag\/agricultores-familiares\/\">agricultores familiares<\/a>\u00a0poder\u00e3o adquirir at\u00e9 dois lotes por CPF. Os contemplados ser\u00e3o comunicados nos pr\u00f3ximos dias\u00a0<a href=\"https:\/\/dominiorural.com\/tag\/para-2\/\">para<\/a>\u00a0que sejam iniciados os tr\u00e2mites de aquisi\u00e7\u00e3o das\u00a0<a href=\"https:\/\/dominiorural.com\/tag\/mudas\/\">mudas<\/a>. A retirada dos lotes est\u00e1 prevista\u00a0<a href=\"https:\/\/dominiorural.com\/tag\/para-2\/\">para<\/a>\u00a0o m\u00eas de dezembro, na sede da\u00a0<a href=\"https:\/\/dominiorural.com\/tag\/emater\/\">Emater<\/a>, em Goi\u00e2nia.<\/p>\n<p>Um dos viveiristas que manifestou interesse em adquirir as\u00a0<a href=\"https:\/\/dominiorural.com\/tag\/mudas\/\">mudas<\/a>\u00a0foi Agnaldo Gomes da Cunha, do viveiro AG\u00a0<a href=\"https:\/\/dominiorural.com\/tag\/agro\/\">Agro<\/a>. Ele diz estar entusiasmado\u00a0<a href=\"https:\/\/dominiorural.com\/tag\/com\/\">com<\/a>\u00a0esse novo mercado que est\u00e1 surgindo. \u201cCreio que a maioria dos interessados, assim como eu, s\u00e3o entusiastas e querem diversificar a atividade\u00a0<a href=\"https:\/\/dominiorural.com\/tag\/rural\/\">rural<\/a>\u00a0ou o plantio\u00a0<a href=\"https:\/\/dominiorural.com\/tag\/para-2\/\">para<\/a>\u00a0consumo familiar\u201d, afirma. Cunha destaca, ainda, o trabalho dos\u00a0<a href=\"https:\/\/dominiorural.com\/tag\/pesquisadores\/\">pesquisadores<\/a>. \u201cTrata-se de um longo, brilhante e exemplar trabalho que vai possibilitar a expans\u00e3o dessa esp\u00e9cie. \u00c9 um grande legado que certamente dar\u00e1 in\u00fameros frutos\u201d, acredita.<\/p>\n<p>Acesse aqui os f\u00f4lderes das seis\u00a0<a href=\"https:\/\/dominiorural.com\/tag\/cultivares\/\">cultivares<\/a>:\u00a0<a href=\"https:\/\/ainfo.cnptia.embrapa.br\/digital\/bitstream\/doc\/1148106\/1\/Folder-Pequi-101.pdf\" target=\"_blank\" rel=\"noreferrer noopener\">GOBRS 101<\/a>,\u00a0<a href=\"https:\/\/ainfo.cnptia.embrapa.br\/digital\/bitstream\/doc\/1148109\/1\/Folder-Pequi-102.pdf\" target=\"_blank\" rel=\"noreferrer noopener\">GOBRS 102<\/a>,\u00a0<a href=\"https:\/\/ainfo.cnptia.embrapa.br\/digital\/bitstream\/doc\/1148115\/1\/Folder-Pequi-103.pdf\" target=\"_blank\" rel=\"noreferrer noopener\">GOBRS 103<\/a>,\u00a0<a href=\"https:\/\/ainfo.cnptia.embrapa.br\/digital\/bitstream\/doc\/1148122\/1\/Folder-Pequi-201.pdf\" target=\"_blank\" rel=\"noreferrer noopener\">GOBRS 201<\/a>,\u00a0<a href=\"https:\/\/ainfo.cnptia.embrapa.br\/digital\/bitstream\/doc\/1148123\/1\/Folder-Pequi-202.pdf\" target=\"_blank\" rel=\"noreferrer noopener\">GOBRS 202<\/a>\u00a0e\u00a0<a href=\"https:\/\/ainfo.cnptia.embrapa.br\/digital\/bitstream\/doc\/1148127\/1\/Folder-Pequi-203.pdf\" target=\"_blank\" rel=\"noreferrer noopener\">GOBRS 203<\/a>.<\/p>\n<h3><a href=\"https:\/\/dominiorural.com\/category\/eventos\/lancamento\/\">Lan\u00e7amento<\/a>\u00a0da\u00a0<a href=\"https:\/\/dominiorural.com\/category\/tecnologia\/\">tecnologia<\/a><\/h3>\n<p>A cerim\u00f4nia de\u00a0<a href=\"https:\/\/dominiorural.com\/category\/eventos\/lancamento\/\">lan\u00e7amento<\/a>\u00a0das seis\u00a0<a href=\"https:\/\/dominiorural.com\/tag\/cultivares\/\">cultivares<\/a>\u00a0de\u00a0<a href=\"https:\/\/dominiorural.com\/tag\/pequi\/\">pequi<\/a>\u00a0(<a href=\"https:\/\/dominiorural.com\/tag\/com\/\">com<\/a>\u00a0e sem espinhos) ser\u00e1 realizada nesta quarta-<a href=\"https:\/\/dominiorural.com\/tag\/feira\/\">feira<\/a>\u00a0(9), \u00e0s 10h30, na sede da\u00a0<a href=\"https:\/\/dominiorural.com\/tag\/emater\/\">Emater<\/a>\u00a0<a href=\"https:\/\/dominiorural.com\/tag\/goias\/\">Goi\u00e1s<\/a>, em Goi\u00e2nia,\u00a0<a href=\"https:\/\/dominiorural.com\/tag\/para-2\/\">para<\/a>\u00a0convidados. A grava\u00e7\u00e3o do evento pode ser acessada\u00a0em:\u00a0<a href=\"https:\/\/www.youtube.com\/watch?v=luNIlXpfh-w&amp;t=1705s\" target=\"_blank\" rel=\"noreferrer noopener\">https:\/\/youtu.be\/so9Dv9H5v2U\u00a0<\/a><\/p>\n<p>Fonte: Juliana Caldas\u00a0(MTb 4861\/DF)<br \/>\n<a href=\"https:\/\/dominiorural.com\/tag\/embrapa\/\">Embrapa<\/a>\u00a0Cerrados<\/p>\n<\/div>\n","protected":false},"excerpt":{"rendered":"<p>&nbsp; Os novos materiais alinham elevada\u00a0produtividade\u00a0e\u00a0qualidade\u00a0de polpa A\u00a0Embrapa Cerrados\u00a0e a Ag\u00eancia Goiana de Assist\u00eancia\u00a0T\u00e9cnica, Extens\u00e3o\u00a0Rural\u00a0e\u00a0Pesquisa\u00a0Agropecu\u00e1ria\u00a0(Emater-GO) lan\u00e7am, no dia 9 de novembro, em Goi\u00e2nia (GO), seis\u00a0cultivares\u00a0de\u00a0pequi\u00a0\u2013\u00a0\u00a0tr\u00eas\u00a0com\u00a0espinhos no endocarpo (caro\u00e7o) e tr\u00eas sem espinhos. \u00c9 a primeira vez que est\u00e3o sendo lan\u00e7adas\u00a0cultivares\u00a0de uma fruteira nativa arb\u00f3rea perene do\u00a0Cerrado. Os novos materiais alinham elevada\u00a0produtividade\u00a0e\u00a0qualidade\u00a0de polpa, atendem a necessidades [&hellip;]<\/p>\n","protected":false},"author":2,"featured_media":112927,"comment_status":"open","ping_status":"open","sticky":false,"template":"","format":"standard","meta":[],"categories":[79,105],"tags":[],"_links":{"self":[{"href":"https:\/\/www.blogdopaulonunes.com\/v5\/index.php\/wp-json\/wp\/v2\/posts\/112926"}],"collection":[{"href":"https:\/\/www.blogdopaulonunes.com\/v5\/index.php\/wp-json\/wp\/v2\/posts"}],"about":[{"href":"https:\/\/www.blogdopaulonunes.com\/v5\/index.php\/wp-json\/wp\/v2\/types\/post"}],"author":[{"embeddable":true,"href":"https:\/\/www.blogdopaulonunes.com\/v5\/index.php\/wp-json\/wp\/v2\/users\/2"}],"replies":[{"embeddable":true,"href":"https:\/\/www.blogdopaulonunes.com\/v5\/index.php\/wp-json\/wp\/v2\/comments?post=112926"}],"version-history":[{"count":1,"href":"https:\/\/www.blogdopaulonunes.com\/v5\/index.php\/wp-json\/wp\/v2\/posts\/112926\/revisions"}],"predecessor-version":[{"id":112928,"href":"https:\/\/www.blogdopaulonunes.com\/v5\/index.php\/wp-json\/wp\/v2\/posts\/112926\/revisions\/112928"}],"wp:featuredmedia":[{"embeddable":true,"href":"https:\/\/www.blogdopaulonunes.com\/v5\/index.php\/wp-json\/wp\/v2\/media\/112927"}],"wp:attachment":[{"href":"https:\/\/www.blogdopaulonunes.com\/v5\/index.php\/wp-json\/wp\/v2\/media?parent=112926"}],"wp:term":[{"taxonomy":"category","embeddable":true,"href":"https:\/\/www.blogdopaulonunes.com\/v5\/index.php\/wp-json\/wp\/v2\/categories?post=112926"},{"taxonomy":"post_tag","embeddable":true,"href":"https:\/\/www.blogdopaulonunes.com\/v5\/index.php\/wp-json\/wp\/v2\/tags?post=112926"}],"curies":[{"name":"wp","href":"https:\/\/api.w.org\/{rel}","templated":true}]}}