{"id":112923,"date":"2023-02-11T01:50:36","date_gmt":"2023-02-11T04:50:36","guid":{"rendered":"https:\/\/www.blogdopaulonunes.com\/v5\/?p=112923"},"modified":"2023-02-11T01:50:36","modified_gmt":"2023-02-11T04:50:36","slug":"retorno-do-minha-casa-minha-vida-deve-priorizar-construcoes-nesta-faixa-de-renda","status":"publish","type":"post","link":"https:\/\/www.blogdopaulonunes.com\/v5\/index.php\/2023\/02\/11\/retorno-do-minha-casa-minha-vida-deve-priorizar-construcoes-nesta-faixa-de-renda\/","title":{"rendered":"Retorno do Minha Casa Minha Vida deve priorizar constru\u00e7\u00f5es nesta faixa de renda"},"content":{"rendered":"<p style=\"text-align: justify;\">O programa habitacional Minha Casa, Minha Vida foi criado em 2009, pen\u00faltimo ano do segundo mandato de Lula como presidente do Brasil. O principal objetivo do benef\u00edcio era auxiliar a popula\u00e7\u00e3o mais vulner\u00e1vel para viabilizar a sua conquista da casa pr\u00f3pria.<\/p>\n<p style=\"text-align: justify;\">Tinham direito de se inscrever no programa os brasileiros que ganhavam at\u00e9 dois sal\u00e1rios m\u00ednimos por m\u00eas. At\u00e9 o ano de 2016, quando ocorreu o impeachment de Dilma Rousseff, o Minha Casa Minha Vida viabilizou moradia para cerca de 10 milh\u00f5es de brasileiros.<\/p>\n<p style=\"text-align: justify;\">Algumas diferen\u00e7as entre o programa habitacional dos governos petistas e o do governo de Jair Bolsonaro apontam para as mudan\u00e7as que provavelmente os benefici\u00e1rios perceber\u00e3o este ano. Criado em 2020, o Casa Verde e Amarela reaproveitou muito da estrutura operacional do Minha Casa, Minha Vida, mas com algumas diferen\u00e7as.<\/p>\n<p>&nbsp;<\/p>\n<p style=\"text-align: justify;\">A faixa da popula\u00e7\u00e3o mais pobre que era atendida pelo programa do governo antecessor e era chamada de Grupo 1. A este grupo era cobrada uma taxa de juros nominais de at\u00e9 4,75% ao ano Enquanto isso, no Minha Casa, Minha Vida, as pessoas com essa mesma m\u00e9dia de renda n\u00e3o recebiam cobran\u00e7a de juros e nem eram submetidos a an\u00e1lise de cr\u00e9dito.<\/p>\n<p style=\"text-align: justify;\">\n<p style=\"text-align: justify;\"><strong>Como ser\u00e1 o retorno do Minha Casa, Minha Vida em 2023<\/strong><br \/>\nApesar da expectativa para a volta do programa habitacional criado no governo petista, a gest\u00e3o prev\u00ea muitas dificuldades para o Minha Casa, Minha Vida em 2023. No Or\u00e7amento de deste ano, enviado pelo governo antecessor ao Congresso Nacional no final de 2022, os recursos destinados \u00e0 constru\u00e7\u00e3o de moradias haviam sofrido um corte de 93% em rela\u00e7\u00e3o ao valor do ano anterior.<\/p>\n<p style=\"text-align: justify;\">Diante da dificuldade financeira, a coordenadora de projetos da constru\u00e7\u00e3o da Funda\u00e7\u00e3o Get\u00falio Vargas, Ana Maria Castelo, afirma que \u201cn\u00e3o h\u00e1 recursos para reproduzir um programa nos moldes anteriores, com produ\u00e7\u00e3o de milh\u00f5es de unidades habitacionais\u201d.<\/p>\n<p>&nbsp;<\/p>\n<p>Em busca de alternativas mais baratas para n\u00e3o deixar de garantir as moradias dos brasileiros, o Governo Federal estuda a possibilidade de reaproveitar im\u00f3veis que est\u00e3o abandonados nos centros das cidades. Al\u00e9m disso, tamb\u00e9m h\u00e1 a op\u00e7\u00e3o de reativar as obras paradas, mas essa tamb\u00e9m esbarra na dificuldade financeira.<\/p>\n<p>O setor de constru\u00e7\u00e3o civil calcula que, somente para reativar as obras paradas, o governo teria que desembolsar cerca de R$ 700 milh\u00f5es. Esse valor \u00e9 aproximadamente oito vezes maior que o or\u00e7amento destinado \u00e0 constru\u00e7\u00e3o de moradias previsto para 2023.<\/p>\n<p>Fonte FDR:<\/p>\n","protected":false},"excerpt":{"rendered":"<p>O programa habitacional Minha Casa, Minha Vida foi criado em 2009, pen\u00faltimo ano do segundo mandato de Lula como presidente do Brasil. O principal objetivo do benef\u00edcio era auxiliar a popula\u00e7\u00e3o mais vulner\u00e1vel para viabilizar a sua conquista da casa pr\u00f3pria. Tinham direito de se inscrever no programa os brasileiros que ganhavam at\u00e9 dois sal\u00e1rios [&hellip;]<\/p>\n","protected":false},"author":2,"featured_media":112924,"comment_status":"open","ping_status":"open","sticky":false,"template":"","format":"standard","meta":[],"categories":[123,105],"tags":[],"_links":{"self":[{"href":"https:\/\/www.blogdopaulonunes.com\/v5\/index.php\/wp-json\/wp\/v2\/posts\/112923"}],"collection":[{"href":"https:\/\/www.blogdopaulonunes.com\/v5\/index.php\/wp-json\/wp\/v2\/posts"}],"about":[{"href":"https:\/\/www.blogdopaulonunes.com\/v5\/index.php\/wp-json\/wp\/v2\/types\/post"}],"author":[{"embeddable":true,"href":"https:\/\/www.blogdopaulonunes.com\/v5\/index.php\/wp-json\/wp\/v2\/users\/2"}],"replies":[{"embeddable":true,"href":"https:\/\/www.blogdopaulonunes.com\/v5\/index.php\/wp-json\/wp\/v2\/comments?post=112923"}],"version-history":[{"count":1,"href":"https:\/\/www.blogdopaulonunes.com\/v5\/index.php\/wp-json\/wp\/v2\/posts\/112923\/revisions"}],"predecessor-version":[{"id":112925,"href":"https:\/\/www.blogdopaulonunes.com\/v5\/index.php\/wp-json\/wp\/v2\/posts\/112923\/revisions\/112925"}],"wp:featuredmedia":[{"embeddable":true,"href":"https:\/\/www.blogdopaulonunes.com\/v5\/index.php\/wp-json\/wp\/v2\/media\/112924"}],"wp:attachment":[{"href":"https:\/\/www.blogdopaulonunes.com\/v5\/index.php\/wp-json\/wp\/v2\/media?parent=112923"}],"wp:term":[{"taxonomy":"category","embeddable":true,"href":"https:\/\/www.blogdopaulonunes.com\/v5\/index.php\/wp-json\/wp\/v2\/categories?post=112923"},{"taxonomy":"post_tag","embeddable":true,"href":"https:\/\/www.blogdopaulonunes.com\/v5\/index.php\/wp-json\/wp\/v2\/tags?post=112923"}],"curies":[{"name":"wp","href":"https:\/\/api.w.org\/{rel}","templated":true}]}}