{"id":112821,"date":"2023-02-07T15:47:25","date_gmt":"2023-02-07T18:47:25","guid":{"rendered":"https:\/\/www.blogdopaulonunes.com\/v5\/?p=112821"},"modified":"2023-02-07T15:47:25","modified_gmt":"2023-02-07T18:47:25","slug":"aeroporto-de-vitoria-da-conquista-ba-tem-crescimento-de-35-no-numero-de-passageiros","status":"publish","type":"post","link":"https:\/\/www.blogdopaulonunes.com\/v5\/index.php\/2023\/02\/07\/aeroporto-de-vitoria-da-conquista-ba-tem-crescimento-de-35-no-numero-de-passageiros\/","title":{"rendered":"Aeroporto de Vit\u00f3ria da Conquista (BA) tem crescimento de 35% no n\u00famero de passageiros"},"content":{"rendered":"<p>&nbsp;<\/p>\n<p style=\"text-align: justify;\">O Aeroporto Glauber Rocha, em Vit\u00f3ria da Conquista, na Bahia, principal vetor de mobilidade a\u00e9rea do sudoeste do estado, encerrou 2022 com um\u00a0crescimento de 35% no n\u00famero de passageiros atendidos, em compara\u00e7\u00e3o com o fluxo recebido em 2021.<\/p>\n<p style=\"text-align: justify;\">Entre os meses de janeiro e dezembro do \u00faltimo ano, quase 352 mil passageiros embarcaram e desembarcaram por meio dos voos regulares. Em 2021, o n\u00famero de viajantes foi de 260 mil.<\/p>\n<p style=\"text-align: justify;\">O crescimento tamb\u00e9m foi registrado na quantidade de pousos e decolagens. Em 2022, foram 3.396 chegadas e partidas de aeronaves, 12% a mais em rela\u00e7\u00e3o ano anterior, quando o n\u00famero fechou em 3.033.<\/p>\n<p style=\"text-align: justify;\">\u201c<em>Com voca\u00e7\u00e3o s\u00f3lida para o turismo de neg\u00f3cios, o Aeroporto de Conquista tem apontado expressividade tamb\u00e9m no segmento de viagens a lazer, principalmente pela qualifica\u00e7\u00e3o da regi\u00e3o para suporte aos visitantes. Acreditamos que esse perfil de viagens tende a aumentar e j\u00e1 reflete de forma positiva no n\u00famero de embarques e desembarques<\/em>\u201d, afirma\u00a0Ricardo Alves, gerente do Aeroporto.<\/p>\n<p style=\"text-align: justify;\">Al\u00e9m de estrutura ampla, moderna e eficiente, o Aeroporto conta com Servi\u00e7o de Atendimento ao Turista (SAT). Quem chega ao terminal recebe orienta\u00e7\u00f5es da Secretaria de Turismo do Estado da Bahia (SETUR) para explorar os Caminhos do Sudoeste e a Chapada Diamantina.<\/p>\n<p style=\"text-align: justify;\">O Aeroporto Glauber Rocha atende uma m\u00e9dia de 45 voos semanais da Azul, da VoePass, da Gol e da Latam para Salvador (BA), Confins (MG) e Guarulhos (SP).<\/p>\n<h3>Feriado de Carnaval<\/h3>\n<p style=\"text-align: justify;\">Carnaval \u00e9 uma festa muito aguardada pelos foli\u00f5es e por quem deseja tirar alguns dias de descanso. Seja qual for o motivo da viagem, o Aeroporto de Conquista est\u00e1 preparado para atender os clientes de forma segura e eficiente.<\/p>\n<p style=\"text-align: justify;\">Entre os dias 17 e 22 de fevereiro, cerca de\u00a05.500 passageiros\u00a0devem embarcar e desembarcar no Aeroporto Glauber Rocha por meio das opera\u00e7\u00f5es regulares, uma estimativa 25% maior em compara\u00e7\u00e3o com o mesmo feriado do ano passado.<\/p>\n","protected":false},"excerpt":{"rendered":"<p>&nbsp; O Aeroporto Glauber Rocha, em Vit\u00f3ria da Conquista, na Bahia, principal vetor de mobilidade a\u00e9rea do sudoeste do estado, encerrou 2022 com um\u00a0crescimento de 35% no n\u00famero de passageiros atendidos, em compara\u00e7\u00e3o com o fluxo recebido em 2021. Entre os meses de janeiro e dezembro do \u00faltimo ano, quase 352 mil passageiros embarcaram e [&hellip;]<\/p>\n","protected":false},"author":2,"featured_media":112822,"comment_status":"open","ping_status":"open","sticky":false,"template":"","format":"standard","meta":[],"categories":[104,105],"tags":[],"_links":{"self":[{"href":"https:\/\/www.blogdopaulonunes.com\/v5\/index.php\/wp-json\/wp\/v2\/posts\/112821"}],"collection":[{"href":"https:\/\/www.blogdopaulonunes.com\/v5\/index.php\/wp-json\/wp\/v2\/posts"}],"about":[{"href":"https:\/\/www.blogdopaulonunes.com\/v5\/index.php\/wp-json\/wp\/v2\/types\/post"}],"author":[{"embeddable":true,"href":"https:\/\/www.blogdopaulonunes.com\/v5\/index.php\/wp-json\/wp\/v2\/users\/2"}],"replies":[{"embeddable":true,"href":"https:\/\/www.blogdopaulonunes.com\/v5\/index.php\/wp-json\/wp\/v2\/comments?post=112821"}],"version-history":[{"count":1,"href":"https:\/\/www.blogdopaulonunes.com\/v5\/index.php\/wp-json\/wp\/v2\/posts\/112821\/revisions"}],"predecessor-version":[{"id":112823,"href":"https:\/\/www.blogdopaulonunes.com\/v5\/index.php\/wp-json\/wp\/v2\/posts\/112821\/revisions\/112823"}],"wp:featuredmedia":[{"embeddable":true,"href":"https:\/\/www.blogdopaulonunes.com\/v5\/index.php\/wp-json\/wp\/v2\/media\/112822"}],"wp:attachment":[{"href":"https:\/\/www.blogdopaulonunes.com\/v5\/index.php\/wp-json\/wp\/v2\/media?parent=112821"}],"wp:term":[{"taxonomy":"category","embeddable":true,"href":"https:\/\/www.blogdopaulonunes.com\/v5\/index.php\/wp-json\/wp\/v2\/categories?post=112821"},{"taxonomy":"post_tag","embeddable":true,"href":"https:\/\/www.blogdopaulonunes.com\/v5\/index.php\/wp-json\/wp\/v2\/tags?post=112821"}],"curies":[{"name":"wp","href":"https:\/\/api.w.org\/{rel}","templated":true}]}}