{"id":112788,"date":"2023-02-06T16:44:57","date_gmt":"2023-02-06T19:44:57","guid":{"rendered":"https:\/\/www.blogdopaulonunes.com\/v5\/?p=112788"},"modified":"2023-02-06T16:46:46","modified_gmt":"2023-02-06T19:46:46","slug":"plano-golpista-de-grampear-moraes-existia-desde-setembro-e-teria-participacao-de-delgatti","status":"publish","type":"post","link":"https:\/\/www.blogdopaulonunes.com\/v5\/index.php\/2023\/02\/06\/plano-golpista-de-grampear-moraes-existia-desde-setembro-e-teria-participacao-de-delgatti\/","title":{"rendered":"Plano golpista de grampear Moraes existia desde setembro e teria participa\u00e7\u00e3o de Delgatti"},"content":{"rendered":"<p>&nbsp;<\/p>\n<p style=\"text-align: justify;\">Hacker diz ter sido convidado por Bolsonaro a assumir autoria de um grampeamento de Moraes que j\u00e1 havia ocorrido. Conversa teria acontecido em setembro do ano passado<\/p>\n<p style=\"text-align: justify;\"><b>247 &#8211;\u00a0<\/b>Revelado pelo senador Marcos Do Val (Podemos-ES) na \u00faltima semana,\u00a0<a href=\"https:\/\/www.brasil247.com\/regionais\/brasilia\/em-depoimento-oficial-a-pf-marcos-do-val-entrega-bolsonaro-e-diz-que-ele-nao-se-opos-a-trama-golpista\" target=\"_blank\" rel=\"noopener\"><u>o plano golpista de Jair Bolsonaro (PL)<\/u><\/a>\u00a0que pretendia grampear o ministro Alexandre de Moraes, do Supremo Tribunal Federal (STF), na realidade teria sido iniciado em setembro do ano passado e contado com a participa\u00e7\u00e3o do hacker Walter Delgatti, da Vaza Jato,\u00a0<a href=\"https:\/\/veja.abril.com.br\/coluna\/maquiavel\/plano-de-grampear-moraes-teria-comecado-em-setembro-e-contado-com-hacker\/\" target=\"_blank\" rel=\"noopener\"><u>de acordo<\/u><\/a>\u00a0com a coluna Maquiavel da Revista Veja.<\/p>\n<p style=\"text-align: justify;\">No dia 10 de agosto,\u00a0<a href=\"https:\/\/www.brasil247.com\/regionais\/sudeste\/carla-zambelli-posta-foto-com-walter-delgatti-que-pode-trabalhar-para-bolsonaro-na-campanha\" target=\"_blank\" rel=\"noopener\"><u>o hacker se encontrou com a deputada bolsonarista Carla Zambelli (PL-SP)<\/u><\/a>, que era uma das aliadas mais pr\u00f3ximas de Bolsonaro \u00e0 \u00e9poca. A ideia do entorno bolsonarista era cooptar o hacker para expor vulnerabilidades nas urnas eletr\u00f4nicas e endossar a narrativa golpista de falha no sistema eleitoral brasileiro.<\/p>\n<p><a href=\"https:\/\/www.brasil247.com\/regionais\/brasilia\/fotos-comprovam-encontro-entre-hacker-delgatti-e-bolsonaro\" target=\"_blank\" rel=\"noopener\"><b>Fotos comprovam encontro entre hacker Delgatti e Bolsonaro<\/b><\/a><\/p>\n<p style=\"text-align: justify;\">Ocorre que, no in\u00edcio do m\u00eas seguinte, em setembro, Zambelli teria chamado Delgatti para outra conversa, que dessa vez seria com o pr\u00f3prio Bolsonaro, por telefone. \u201cEu encontrei a outra\u00a0<i>(Zambelli)<\/i>\u00a0e ela levou um celular, abriu o celular novo, colocou um chip, a\u00ed ela cadastrou o chip e ele\u00a0<i>(Bolsonaro)<\/i>\u00a0telefonou no chip. Foi por chamada normal\u201d, relatou Delgatti.<\/p>\n<p style=\"text-align: justify;\">Foi a\u00ed que o ex-presidente convidou o hacker para assumir a autoria de um grampeamento contra Moraes, segundo o pr\u00f3prio Delgatti: \u201celes precisam de algu\u00e9m para apresentar\u00a0<i>(os grampos)<\/i>\u00a0e depois eles garantiram que limpam a barra (&#8230;) Ele\u00a0<i>(Bolsonaro)<\/i>\u00a0falou: \u2018A sua miss\u00e3o \u00e9 assumir isso daqui. S\u00f3, porque depois o resto \u00e9 com n\u00f3s\u2019. Eu falei beleza. A\u00ed ele falou: \u2018E depois disso voc\u00ea tem o c\u00e9u&#8217;.&#8221;<\/p>\n<p style=\"text-align: justify;\">A coluna acrescenta que &#8220;na suposta conversa com o hacker, Bolsonaro teria dito que j\u00e1 haviam conseguido interceptar mensagens internas trocadas entre Moraes e servidores da Justi\u00e7a, nas quais o magistrado estaria discorrendo sobre supostas vulnerabilidades das urnas e uma prefer\u00eancia pelo candidato Lula. Esse ponto deveria ser explorado na imprensa para alegar a suspei\u00e7\u00e3o do ministro e tir\u00e1-lo da condu\u00e7\u00e3o do processo eleitoral. O hacker topou de imediato a oferta e ficou de prontid\u00e3o, aguardando novos contatos do n\u00facleo duro do bolsonarismo para tratar do assunto&#8221;.<\/p>\n<p style=\"text-align: justify;\">Delgatti chegou a procurar um funcion\u00e1rio da operadora de telefonia TIM, oferecendo dinheiro para que ele o ajudasse no grampeamento do magistrado. O funcion\u00e1rio teria que fornecer um chip com o mesmo n\u00famero usado por Moraes, mas se recusou a participar do crime. Segundo a coluna Maquiavel, a conversa telef\u00f4nica entre Delgatti e o funcion\u00e1rio da TIM foi gravada (sem o conhecimento de Delgatti).<\/p>\n<p style=\"text-align: justify;\">Agora que o novo plano veio a p\u00fablico com o relato do senador Marcos do Val, Delgatti comentou com pessoas pr\u00f3ximas que esta seria a continua\u00e7\u00e3o da trama iniciada em setembro.<\/p>\n","protected":false},"excerpt":{"rendered":"<p>&nbsp; Hacker diz ter sido convidado por Bolsonaro a assumir autoria de um grampeamento de Moraes que j\u00e1 havia ocorrido. Conversa teria acontecido em setembro do ano passado 247 &#8211;\u00a0Revelado pelo senador Marcos Do Val (Podemos-ES) na \u00faltima semana,\u00a0o plano golpista de Jair Bolsonaro (PL)\u00a0que pretendia grampear o ministro Alexandre de Moraes, do Supremo Tribunal [&hellip;]<\/p>\n","protected":false},"author":2,"featured_media":112789,"comment_status":"open","ping_status":"open","sticky":false,"template":"","format":"standard","meta":[],"categories":[94,72],"tags":[],"_links":{"self":[{"href":"https:\/\/www.blogdopaulonunes.com\/v5\/index.php\/wp-json\/wp\/v2\/posts\/112788"}],"collection":[{"href":"https:\/\/www.blogdopaulonunes.com\/v5\/index.php\/wp-json\/wp\/v2\/posts"}],"about":[{"href":"https:\/\/www.blogdopaulonunes.com\/v5\/index.php\/wp-json\/wp\/v2\/types\/post"}],"author":[{"embeddable":true,"href":"https:\/\/www.blogdopaulonunes.com\/v5\/index.php\/wp-json\/wp\/v2\/users\/2"}],"replies":[{"embeddable":true,"href":"https:\/\/www.blogdopaulonunes.com\/v5\/index.php\/wp-json\/wp\/v2\/comments?post=112788"}],"version-history":[{"count":2,"href":"https:\/\/www.blogdopaulonunes.com\/v5\/index.php\/wp-json\/wp\/v2\/posts\/112788\/revisions"}],"predecessor-version":[{"id":112791,"href":"https:\/\/www.blogdopaulonunes.com\/v5\/index.php\/wp-json\/wp\/v2\/posts\/112788\/revisions\/112791"}],"wp:featuredmedia":[{"embeddable":true,"href":"https:\/\/www.blogdopaulonunes.com\/v5\/index.php\/wp-json\/wp\/v2\/media\/112789"}],"wp:attachment":[{"href":"https:\/\/www.blogdopaulonunes.com\/v5\/index.php\/wp-json\/wp\/v2\/media?parent=112788"}],"wp:term":[{"taxonomy":"category","embeddable":true,"href":"https:\/\/www.blogdopaulonunes.com\/v5\/index.php\/wp-json\/wp\/v2\/categories?post=112788"},{"taxonomy":"post_tag","embeddable":true,"href":"https:\/\/www.blogdopaulonunes.com\/v5\/index.php\/wp-json\/wp\/v2\/tags?post=112788"}],"curies":[{"name":"wp","href":"https:\/\/api.w.org\/{rel}","templated":true}]}}