{"id":112781,"date":"2023-02-05T21:49:06","date_gmt":"2023-02-06T00:49:06","guid":{"rendered":"https:\/\/www.blogdopaulonunes.com\/v5\/?p=112781"},"modified":"2023-02-05T21:49:06","modified_gmt":"2023-02-06T00:49:06","slug":"morre-a-professora-belinha-aos-99-anos-de-idade","status":"publish","type":"post","link":"https:\/\/www.blogdopaulonunes.com\/v5\/index.php\/2023\/02\/05\/morre-a-professora-belinha-aos-99-anos-de-idade\/","title":{"rendered":"Morre  a professora Belinha aos 99 anos de idade"},"content":{"rendered":"<p>Nota de Falecimento.<br \/>\n\u00c9 com pesar que os filhos, netos e bisnetos comunicam o falecimento da Professora Isabel Teixeira Cunha, tamb\u00e9m conhecida como professora Belinha, aos 99 anos de idade.<br \/>\nA cerim\u00f4nia de crema\u00e7\u00e3o ser\u00e1 segunda feira, 06\/02\/2023 das 10 \u00e0s 12 horas, no Cemit\u00e9rio Parque da Cidade, Vit\u00f3ria da Conquista &#8211; Ba. Belinha era m\u00e3e de Wilton Cunha e Walalace Cunha, ambos amigos meus.<br \/>\nGrande figura, a \u00faltima vez que a vi foi na campanha de Rui Costa, de 2014, caminhamos abra\u00e7ados por  um quil\u00f4mentro, nossos sentimentos \u00e0 fam\u00edlia, amigos e demais parente<\/p>\n","protected":false},"excerpt":{"rendered":"<p>Nota de Falecimento. \u00c9 com pesar que os filhos, netos e bisnetos comunicam o falecimento da Professora Isabel Teixeira Cunha, tamb\u00e9m conhecida como professora Belinha, aos 99 anos de idade. A cerim\u00f4nia de crema\u00e7\u00e3o ser\u00e1 segunda feira, 06\/02\/2023 das 10 \u00e0s 12 horas, no Cemit\u00e9rio Parque da Cidade, Vit\u00f3ria da Conquista &#8211; Ba. Belinha era [&hellip;]<\/p>\n","protected":false},"author":2,"featured_media":112782,"comment_status":"open","ping_status":"open","sticky":false,"template":"","format":"standard","meta":[],"categories":[85,71],"tags":[],"_links":{"self":[{"href":"https:\/\/www.blogdopaulonunes.com\/v5\/index.php\/wp-json\/wp\/v2\/posts\/112781"}],"collection":[{"href":"https:\/\/www.blogdopaulonunes.com\/v5\/index.php\/wp-json\/wp\/v2\/posts"}],"about":[{"href":"https:\/\/www.blogdopaulonunes.com\/v5\/index.php\/wp-json\/wp\/v2\/types\/post"}],"author":[{"embeddable":true,"href":"https:\/\/www.blogdopaulonunes.com\/v5\/index.php\/wp-json\/wp\/v2\/users\/2"}],"replies":[{"embeddable":true,"href":"https:\/\/www.blogdopaulonunes.com\/v5\/index.php\/wp-json\/wp\/v2\/comments?post=112781"}],"version-history":[{"count":1,"href":"https:\/\/www.blogdopaulonunes.com\/v5\/index.php\/wp-json\/wp\/v2\/posts\/112781\/revisions"}],"predecessor-version":[{"id":112783,"href":"https:\/\/www.blogdopaulonunes.com\/v5\/index.php\/wp-json\/wp\/v2\/posts\/112781\/revisions\/112783"}],"wp:featuredmedia":[{"embeddable":true,"href":"https:\/\/www.blogdopaulonunes.com\/v5\/index.php\/wp-json\/wp\/v2\/media\/112782"}],"wp:attachment":[{"href":"https:\/\/www.blogdopaulonunes.com\/v5\/index.php\/wp-json\/wp\/v2\/media?parent=112781"}],"wp:term":[{"taxonomy":"category","embeddable":true,"href":"https:\/\/www.blogdopaulonunes.com\/v5\/index.php\/wp-json\/wp\/v2\/categories?post=112781"},{"taxonomy":"post_tag","embeddable":true,"href":"https:\/\/www.blogdopaulonunes.com\/v5\/index.php\/wp-json\/wp\/v2\/tags?post=112781"}],"curies":[{"name":"wp","href":"https:\/\/api.w.org\/{rel}","templated":true}]}}