{"id":112777,"date":"2023-02-05T16:26:17","date_gmt":"2023-02-05T19:26:17","guid":{"rendered":"https:\/\/www.blogdopaulonunes.com\/v5\/?p=112777"},"modified":"2023-02-05T16:31:25","modified_gmt":"2023-02-05T19:31:25","slug":"video-garimpeiros-comecam-a-fugir-da-terra-yanomami-apos-bloqueio-do-espaco-aereo-na-regiao","status":"publish","type":"post","link":"https:\/\/www.blogdopaulonunes.com\/v5\/index.php\/2023\/02\/05\/video-garimpeiros-comecam-a-fugir-da-terra-yanomami-apos-bloqueio-do-espaco-aereo-na-regiao\/","title":{"rendered":"V\u00cdDEO: Garimpeiros come\u00e7am a fugir da Terra Yanomami ap\u00f3s bloqueio do espa\u00e7o a\u00e9reo na regi\u00e3o"},"content":{"rendered":"<div id=\"chunk-crlub\">\n<div class=\"mc-column content-text active-extra-styles \" data-block-type=\"unstyled\" data-block-weight=\"57\" data-block-id=\"8\">\n<h4 class=\"content-head__subtitle\"><strong>Imagens mostram dezenas de garimpeiros fugindo a p\u00e9 pela floresta e de barco. Eles pedem para ser resgatados pelo Ex\u00e9rcito.<\/strong><\/h4>\n<div id=\"chunk-ba8bl\">\n<div class=\"mc-column content-text active-extra-styles \" data-block-type=\"unstyled\" data-block-weight=\"42\" data-block-id=\"3\">\n<p class=\"content-text__container \" style=\"text-align: justify;\" data-track-category=\"Link no Texto\" data-track-links=\"\">Garimpeiros ilegais que atuam na\u00a0<a href=\"https:\/\/g1.globo.com\/tudo-sobre\/terra-yanomami\">Terra Ind\u00edgena Yanomami<\/a>\u00a0come\u00e7aram a fugir do territ\u00f3rio ap\u00f3s o in\u00edcio de a\u00e7\u00f5es de repress\u00e3o \u00e0 atividade clandestina. Na \u00faltima quarta-feira (1\u00ba), a For\u00e7a A\u00e9rea Brasileira iniciou controle do espa\u00e7o a\u00e9reo e usa aeronaves com radares superpotentes.<\/p>\n<p><iframe loading=\"lazy\" title=\"YouTube video player\" src=\"https:\/\/www.youtube.com\/embed\/ECV-uByrX3M\" width=\"560\" height=\"315\" frameborder=\"0\" allowfullscreen=\"allowfullscreen\"><\/iframe><\/p>\n<\/div>\n<\/div>\n<div class=\"wall protected-content\" style=\"text-align: justify;\">\n<div id=\"chunk-567va\">\n<div class=\"mc-column content-text active-extra-styles \" data-block-type=\"unstyled\" data-block-weight=\"32\" data-block-id=\"4\">\n<p class=\"content-text__container \" data-track-category=\"Link no Texto\" data-track-links=\"\">V\u00eddeos que circulam nas redes sociais desde a \u00faltima quinta-feira (31) mostram homens e mulheres em grupos deixando a regi\u00e3o caminhando pela floresta e pelos rios, em barcos lotados\u00a0<strong>(veja v\u00eddeo acima).<\/strong><\/p>\n<\/div>\n<\/div>\n<div id=\"chunk-aea2s\">\n<div class=\"mc-column content-text active-extra-styles \" data-block-type=\"unstyled\" data-block-weight=\"41\" data-block-id=\"5\">\n<p class=\"content-text__container \" data-track-category=\"Link no Texto\" data-track-links=\"\">Segundo a pol\u00edcia, o motivo da fuga \u00e9 por conta de uma grande opera\u00e7\u00e3o que vai acontecer nos pr\u00f3ximos dias para expulsar, de vez, os garimpeiros do territ\u00f3rio. A reserva ind\u00edgena ser\u00e1 ocupada pelas For\u00e7as Armadas Nacional e pela Pol\u00edcia Federal.<\/p>\n<\/div>\n<\/div>\n<\/div>\n<p class=\"content-text__container \" style=\"text-align: justify;\" data-track-category=\"Link no Texto\" data-track-links=\"\">A estimativa \u00e9 que ao menos 20 mil garimpeiros estejam na Terra Ind\u00edgena Yanomami. A a\u00e7\u00e3o ilegal deles causou uma crise humanit\u00e1ria sem precedentes no territ\u00f3rio. S\u00e3o pouco mais de 30 mil Yanomami na \u00e1rea que deveria, por lei, ser preservada. No entanto, tem sofrido com o avan\u00e7o do garimpo ilegal, que\u00a0<a href=\"https:\/\/g1.globo.com\/rr\/roraima\/noticia\/2023\/02\/01\/garimpo-ilegal-na-terra-yanomami-cresceu-54percent-em-2022-aponta-levantamento-de-associacao.ghtml\">s\u00f3 em 2022 cresceu 54%<\/a>.<\/p>\n<\/div>\n<\/div>\n<div id=\"chunk-5kihb\">\n<div class=\"mc-column content-text active-extra-styles \" data-block-type=\"unstyled\" data-block-weight=\"63\" data-block-id=\"9\">\n<p class=\"content-text__container \" data-track-category=\"Link no Texto\" data-track-links=\"\">Para se ter uma ideia, de Surucucu, regi\u00e3o de refer\u00eancia no territ\u00f3rio, at\u00e9\u00a0<a href=\"https:\/\/g1.globo.com\/rr\/roraima\/cidade\/boa-vista\/\">Boa Vista<\/a>\u00a0s\u00e3o ao menos 280 km \u2014 o que d\u00e1 cerca de 1h30 de voo. A regi\u00e3o \u00e9 de mata fechada e montanhosa, o que pode agravar o trajeto de fuga dos garimpeiros. J\u00e1 de barco, eles devem enfrentar um percurso de, pelo menos, sete dias pelo rio Urariocera.<\/p>\n<\/div>\n<\/div>\n<div id=\"chunk-5g393\">\n<div class=\"mc-column content-text active-extra-styles \" data-block-type=\"unstyled\" data-block-weight=\"52\" data-block-id=\"11\">\n<p class=\"content-text__container \" data-track-category=\"Link no Texto\" data-track-links=\"\">Em outro v\u00eddeo, garimpeiros afirmam estar sem comida e pedem ao Ex\u00e9rcito e \u00e0 pol\u00edcia para serem resgatados da Terra Yanomami. O local \u00e9 abastecido por aeronaves, mas com o bloqueio a\u00e9reo, o &#8220;rancho&#8221; &#8212; como chamam a alimenta\u00e7\u00e3o &#8212; n\u00e3o chega at\u00e9 as \u00e1reas de garimpo onde os criminosos est\u00e3o instalados.<\/p>\n<\/div>\n<\/div>\n<div id=\"chunk-5gsur\">\n<div class=\"mc-column content-text active-extra-styles \" data-block-type=\"unstyled\" data-block-weight=\"33\" data-block-id=\"12\">\n<p class=\"content-text__container \" data-track-category=\"Link no Texto\" data-track-links=\"\">Nas imagens, um garimpeiro diz que h\u00e1 ao menos 30 pessoas nos barracos, locais onde os invasores ficam instalados. \u00c9 poss\u00edvel tamb\u00e9m ver ind\u00edgenas, entre idosos e crian\u00e7as, dividindo alimenta\u00e7\u00e3o fornecida pelos invasores.<\/p>\n<\/div>\n<\/div>\n<div id=\"chunk-3ltgd\">\n<div class=\"mc-column content-text active-extra-styles \" data-block-type=\"unstyled\" data-block-weight=\"47\" data-block-id=\"15\">\n<p class=\"content-text__container \" data-track-category=\"Link no Texto\" data-track-links=\"\">Neste s\u00e1bado (4), durante a visita em Roraima, a ministra dos Povos Ind\u00edgenas,\u00a0<a href=\"https:\/\/g1.globo.com\/politica\/politico\/sonia-guajajara\/\">S\u00f4nia Guajajara<\/a>, disse que o governo j\u00e1 tomou ci\u00eancia da sa\u00edda dos invasores por meio dos servi\u00e7os de intelig\u00eancia. Para ela, \u00e9 um bom indicativo de que as opera\u00e7\u00f5es de destrui\u00e7\u00e3o podem diminuir.<\/p>\n<\/div>\n<\/div>\n<div id=\"chunk-d5vi0\">\n<div class=\"mc-column content-text active-extra-styles \" data-block-type=\"unstyled\" data-block-weight=\"18\" data-block-id=\"16\">\n<p class=\"content-text__container \" data-track-category=\"Link no Texto\" data-track-links=\"\">\u201cSe eles saem sem precisar dessa for\u00e7a de seguran\u00e7a, dessa for\u00e7a policial, ent\u00e3o melhor para todo mundo\u201d, avaliou.<\/p>\n<\/div>\n<\/div>\n<div id=\"chunk-3iho7\">\n<div class=\"mc-column content-text active-extra-styles \" data-block-type=\"unstyled\" data-block-weight=\"41\" data-block-id=\"17\">\n<p class=\"content-text__container \" data-track-category=\"Link no Texto\" data-track-links=\"\">Durante a coletiva, ela destacou que o<a href=\"https:\/\/g1.globo.com\/rr\/roraima\/noticia\/2023\/02\/04\/sonia-guajajara-visita-roraima-para-acompanhar-combate-a-crise-de-saude-yanomami.ghtml\">\u00a0garimpo ilegal \u00e9 a &#8220;raiz do problema&#8221;<\/a>, e anunciou medidas para conter a crise de sa\u00fade e humanit\u00e1ria enfrentada pelos Yanomami. O foco principal do governo, segundo ela, \u00e9 a retirada total dos garimpeiros.<\/p>\n<\/div>\n<\/div>\n","protected":false},"excerpt":{"rendered":"<p>Imagens mostram dezenas de garimpeiros fugindo a p\u00e9 pela floresta e de barco. Eles pedem para ser resgatados pelo Ex\u00e9rcito. Garimpeiros ilegais que atuam na\u00a0Terra Ind\u00edgena Yanomami\u00a0come\u00e7aram a fugir do territ\u00f3rio ap\u00f3s o in\u00edcio de a\u00e7\u00f5es de repress\u00e3o \u00e0 atividade clandestina. Na \u00faltima quarta-feira (1\u00ba), a For\u00e7a A\u00e9rea Brasileira iniciou controle do espa\u00e7o a\u00e9reo e [&hellip;]<\/p>\n","protected":false},"author":2,"featured_media":112778,"comment_status":"open","ping_status":"open","sticky":false,"template":"","format":"standard","meta":[],"categories":[75,105],"tags":[],"_links":{"self":[{"href":"https:\/\/www.blogdopaulonunes.com\/v5\/index.php\/wp-json\/wp\/v2\/posts\/112777"}],"collection":[{"href":"https:\/\/www.blogdopaulonunes.com\/v5\/index.php\/wp-json\/wp\/v2\/posts"}],"about":[{"href":"https:\/\/www.blogdopaulonunes.com\/v5\/index.php\/wp-json\/wp\/v2\/types\/post"}],"author":[{"embeddable":true,"href":"https:\/\/www.blogdopaulonunes.com\/v5\/index.php\/wp-json\/wp\/v2\/users\/2"}],"replies":[{"embeddable":true,"href":"https:\/\/www.blogdopaulonunes.com\/v5\/index.php\/wp-json\/wp\/v2\/comments?post=112777"}],"version-history":[{"count":2,"href":"https:\/\/www.blogdopaulonunes.com\/v5\/index.php\/wp-json\/wp\/v2\/posts\/112777\/revisions"}],"predecessor-version":[{"id":112780,"href":"https:\/\/www.blogdopaulonunes.com\/v5\/index.php\/wp-json\/wp\/v2\/posts\/112777\/revisions\/112780"}],"wp:featuredmedia":[{"embeddable":true,"href":"https:\/\/www.blogdopaulonunes.com\/v5\/index.php\/wp-json\/wp\/v2\/media\/112778"}],"wp:attachment":[{"href":"https:\/\/www.blogdopaulonunes.com\/v5\/index.php\/wp-json\/wp\/v2\/media?parent=112777"}],"wp:term":[{"taxonomy":"category","embeddable":true,"href":"https:\/\/www.blogdopaulonunes.com\/v5\/index.php\/wp-json\/wp\/v2\/categories?post=112777"},{"taxonomy":"post_tag","embeddable":true,"href":"https:\/\/www.blogdopaulonunes.com\/v5\/index.php\/wp-json\/wp\/v2\/tags?post=112777"}],"curies":[{"name":"wp","href":"https:\/\/api.w.org\/{rel}","templated":true}]}}