{"id":112774,"date":"2023-02-05T16:06:03","date_gmt":"2023-02-05T19:06:03","guid":{"rendered":"https:\/\/www.blogdopaulonunes.com\/v5\/?p=112774"},"modified":"2023-02-05T16:06:03","modified_gmt":"2023-02-05T19:06:03","slug":"nao-existe-outra-lei-de-reparacao-maior-do-que-a-de-cotas-hoje-diz-ministra-anielle-franco","status":"publish","type":"post","link":"https:\/\/www.blogdopaulonunes.com\/v5\/index.php\/2023\/02\/05\/nao-existe-outra-lei-de-reparacao-maior-do-que-a-de-cotas-hoje-diz-ministra-anielle-franco\/","title":{"rendered":"\u201cN\u00e3o existe outra lei de repara\u00e7\u00e3o maior do que a de Cotas hoje\u201d, diz ministra Anielle Franco"},"content":{"rendered":"<p><strong>Anielle Franco \u00e9 chefe da pasta de Igualdade Racial, recriada no novo governo de Luiz In\u00e1cio Lula da Silva (PT) &#8211; Foto: Jos\u00e9 Cruz\/Ag\u00eancia Brasil<\/strong><\/p>\n<p style=\"text-align: justify;\"><strong>Em entrevista \u00e0 TV Brasil, ministra da Igualdade Racial enfatizou import\u00e2ncia da legisla\u00e7\u00e3o que rec\u00e9m completou 10 anos<\/strong><\/p>\n<div class=\"content\">\n<div class=\"text-content\">\n<p style=\"text-align: justify;\">A ministra Anielle Franco, da pasta Igualdade Racial, recriada no novo governo de Luiz In\u00e1cio Lula da Silva (PT), defendeu a import\u00e2ncia da Lei de Cotas no pa\u00eds, afirmando ser a mais importante, em vigor no momento, na repara\u00e7\u00e3o que o pa\u00eds deve \u00e0 popula\u00e7\u00e3o negra.<\/p>\n<p style=\"text-align: justify;\">\u201cA Lei de Cotas \u00e9 uma das maiores repara\u00e7\u00f5es que temos no pa\u00eds. Eu sou fruto da Lei de Cotas dentro da Universidade Estadual do Rio de Janeiro (UERJ), onde eu muito me orgulho e tenho falado. Vou repetir muito isso e agradecer ao presidente Lula, porque n\u00e3o existe outra lei de repara\u00e7\u00e3o maior do que a Lei de Cotas hoje em dia no pa\u00eds\u201d, afirmou a ministra em entrevista ao programa\u00a0<a href=\"https:\/\/agenciabrasil.ebc.com.br\/direitos-humanos\/noticia\/2023-02\/na-tv-brasil-anielle-franco-fala-sobre-importancia-da-lei-de-cotas\" target=\"_blank\" rel=\"noopener\">Brasil em Pauta que vai ao ar neste domingo (5), \u00e0s 22h30, na TV Brasil.<\/a><\/p>\n<p style=\"text-align: justify;\">::\u00a0<a href=\"https:\/\/www.brasildefato.com.br\/2022\/08\/28\/movimento-negro-e-esquerda-querem-revisao-da-lei-de-cotas-apos-eleicao-congresso-racista\">Movimento negro e esquerda querem revis\u00e3o da Lei de Cotas ap\u00f3s elei\u00e7\u00e3o: &#8220;Congresso racista&#8221;<\/a>\u00a0::<\/p>\n<p style=\"text-align: justify;\">A Lei de Costa completou 10 anos de implementa\u00e7\u00e3o em agosto do ano passado.<\/p>\n<p style=\"text-align: justify;\">De acordo com o Instituto Brasileiro de Geografia e Estat\u00edstica (IBGE), entre 2010 e 2019, o n\u00famero de negros nas universidades do pa\u00eds cresceu 400%. O Censo da Educa\u00e7\u00e3o Superior do Instituto Nacional de Estudos e Pesquisas Educacionais An\u00edsio Teixeira (Inep) de 2018 mostra que a participa\u00e7\u00e3o de ind\u00edgenas no ensino superior aumentou 842%, entre 2010 e 2017.<\/p>\n<p style=\"text-align: justify;\">Quando a Lei de Cotas foi criada, j\u00e1 havia programas de reserva de vagas para a popula\u00e7\u00e3o negra em 80% das universidades p\u00fablicas do pa\u00eds. A pioneira foi a Universidade Estadual do Rio de Janeiro (Uerj), que adotou o modelo em 2003.<\/p>\n<p style=\"text-align: justify;\">A Lei foi fruto da luta e elabora\u00e7\u00e3o do movimento negro. Ainda em 1983, o ent\u00e3o senador Abdias do Nascimento apresentou o Projeto de Lei 1.332, que previa a cria\u00e7\u00e3o de 20% de cotas para mulheres e negros no servi\u00e7o p\u00fablico e nas universidades.<\/p>\n<p><strong>Leia Mais.:\u00a0<\/strong><a href=\"https:\/\/www.brasildefato.com.br\/2022\/03\/26\/por-mais-50-anos-conheca-a-opiniao-de-parlamentares-sobre-a-lei-de-cotas-que-completa-10-anos\" target=\"_blank\" rel=\"noopener\">Por mais 50 anos? Conhe\u00e7a a opini\u00e3o de parlamentares sobre a Lei de Cotas, que completa 10 anos<\/a><\/p>\n<p style=\"text-align: justify;\">Na entrevista \u00e0 TV Brasil, Anielle Franco lembrou que, embora a Lei esteja legitimada pelos n\u00fameros e j\u00e1 em vigor h\u00e1 uma d\u00e9cada, ainda \u00e9 comum ouvir coment\u00e1rios negativos contra a legisla\u00e7\u00e3o. Segundo a ministra, algo que existe desde a implementa\u00e7\u00e3o das Costas, em 2012.<\/p>\n<p style=\"text-align: justify;\">\u201cFalando de 2012, que foi o ano que eu entrei, ainda tinha ali muita gente que falava \u2018ah, a Lei de Cotas n\u00e3o funciona\u2019, ou at\u00e9 mesmo que falava \u2018os cotistas quando entram n\u00e3o conseguem acompanhar\u2019, ent\u00e3o eu vim de uma trajet\u00f3ria de 12 anos nos Estados Unidos, estava com meu ingl\u00eas fluente e foi \u00f3timo, porque eu consegui comprovar dentro da universidade que aquilo n\u00e3o era real\u201d, relembrou a ministra.<\/p>\n<p><a href=\"https:\/\/www.brasildefato.com.br\/2023\/02\/02\/anielle-franco-defende-mudanca-em-livros-didaticos-e-oportunidade-para-negros\" target=\"_blank\" rel=\"noopener\">::\u00a0Anielle Franco defende mudan\u00e7a em livros did\u00e1ticos e oportunidade para negros ::<\/a><\/p>\n<p style=\"text-align: justify;\">Como ministra, Anielle Franco nomeou para Secretaria de Pol\u00edticas de A\u00e7\u00f5es Afirmativas e Combate e Supera\u00e7\u00e3o do Racismo a soci\u00f3loga M\u00e1rcia Lima.<\/p>\n<p style=\"text-align: justify;\">Anielle Franco \u00e9 irm\u00e3 da vereadora Marielle Franco, assassinada em mar\u00e7o de 2018 no Rio de Janeiro. Atualmente duas pessoas, acusadas de serem as executoras do crime, est\u00e3o presas.<\/p>\n<p style=\"text-align: justify;\">]No entanto, o caso ainda carece de respons\u00e1veis fundamentais, como a motiva\u00e7\u00e3o do crime e os respons\u00e1veis pela mentoria dos assassinatos. O motorista de Marielle Franco, Anderson Gomes, tamb\u00e9m foi morto no dia.<\/p>\n<p class=\"editor\">Edi\u00e7\u00e3o: Lucas Weber<\/p>\n<\/div>\n<\/div>\n","protected":false},"excerpt":{"rendered":"<p>Anielle Franco \u00e9 chefe da pasta de Igualdade Racial, recriada no novo governo de Luiz In\u00e1cio Lula da Silva (PT) &#8211; Foto: Jos\u00e9 Cruz\/Ag\u00eancia Brasil Em entrevista \u00e0 TV Brasil, ministra da Igualdade Racial enfatizou import\u00e2ncia da legisla\u00e7\u00e3o que rec\u00e9m completou 10 anos A ministra Anielle Franco, da pasta Igualdade Racial, recriada no novo governo [&hellip;]<\/p>\n","protected":false},"author":2,"featured_media":112775,"comment_status":"open","ping_status":"open","sticky":false,"template":"","format":"standard","meta":[],"categories":[110,105],"tags":[],"_links":{"self":[{"href":"https:\/\/www.blogdopaulonunes.com\/v5\/index.php\/wp-json\/wp\/v2\/posts\/112774"}],"collection":[{"href":"https:\/\/www.blogdopaulonunes.com\/v5\/index.php\/wp-json\/wp\/v2\/posts"}],"about":[{"href":"https:\/\/www.blogdopaulonunes.com\/v5\/index.php\/wp-json\/wp\/v2\/types\/post"}],"author":[{"embeddable":true,"href":"https:\/\/www.blogdopaulonunes.com\/v5\/index.php\/wp-json\/wp\/v2\/users\/2"}],"replies":[{"embeddable":true,"href":"https:\/\/www.blogdopaulonunes.com\/v5\/index.php\/wp-json\/wp\/v2\/comments?post=112774"}],"version-history":[{"count":1,"href":"https:\/\/www.blogdopaulonunes.com\/v5\/index.php\/wp-json\/wp\/v2\/posts\/112774\/revisions"}],"predecessor-version":[{"id":112776,"href":"https:\/\/www.blogdopaulonunes.com\/v5\/index.php\/wp-json\/wp\/v2\/posts\/112774\/revisions\/112776"}],"wp:featuredmedia":[{"embeddable":true,"href":"https:\/\/www.blogdopaulonunes.com\/v5\/index.php\/wp-json\/wp\/v2\/media\/112775"}],"wp:attachment":[{"href":"https:\/\/www.blogdopaulonunes.com\/v5\/index.php\/wp-json\/wp\/v2\/media?parent=112774"}],"wp:term":[{"taxonomy":"category","embeddable":true,"href":"https:\/\/www.blogdopaulonunes.com\/v5\/index.php\/wp-json\/wp\/v2\/categories?post=112774"},{"taxonomy":"post_tag","embeddable":true,"href":"https:\/\/www.blogdopaulonunes.com\/v5\/index.php\/wp-json\/wp\/v2\/tags?post=112774"}],"curies":[{"name":"wp","href":"https:\/\/api.w.org\/{rel}","templated":true}]}}