{"id":112771,"date":"2023-02-05T15:45:22","date_gmt":"2023-02-05T18:45:22","guid":{"rendered":"https:\/\/www.blogdopaulonunes.com\/v5\/?p=112771"},"modified":"2023-02-05T15:45:22","modified_gmt":"2023-02-05T18:45:22","slug":"senador-amigo-de-bolsonaro-e-ligado-a-empresa-acusada-de-desvio-de-medicamentos-dos-yanomami","status":"publish","type":"post","link":"https:\/\/www.blogdopaulonunes.com\/v5\/index.php\/2023\/02\/05\/senador-amigo-de-bolsonaro-e-ligado-a-empresa-acusada-de-desvio-de-medicamentos-dos-yanomami\/","title":{"rendered":"Senador amigo de Bolsonaro \u00e9 ligado a empresa acusada de desvio de medicamentos dos Yanomami"},"content":{"rendered":"<h4><\/h4>\n<h4 style=\"text-align: justify;\">Flagrado com R$ 30 mil na cueca e com restos de fezes em 2020, Chico Rodrigues [\u00e0 direita] era vice-l\u00edder do governo e j\u00e1 se referiu ao ex-presidente como &#8220;amigo Jair Bolsonaro&#8221; &#8211; Marcos C\u00f4rrea\/Presid\u00eancia da Rep\u00fablica<\/h4>\n<h4 class=\"description\" style=\"text-align: justify;\">Empresa que deixou 10 mil crian\u00e7as Yanomami sem rem\u00e9dio recebeu R$ 3,5 milh\u00f5es em contratos com Min. da Sa\u00fade e Ex\u00e9rcito<\/h4>\n<p style=\"text-align: justify;\">Uma das causas da crise humanit\u00e1ria na\u00a0<a href=\"https:\/\/www.brasildefato.com.br\/2023\/02\/01\/parem-de-mentir-lider-yanomami-dario-kopenawa-critica-militares-e-rebate-bolsonaristas\" target=\"_blank\" rel=\"noopener\">Terra Ind\u00edgena Yanomami<\/a>\u00a0foi um\u00a0suposto desvio de medicamentos descoberto pelo Minist\u00e9rio P\u00fablico Federal de Roraima (MPF-RR).\u00a0A fraude teria deixado 10 mil crian\u00e7as Yanomami sem rem\u00e9dio no ano passado.<\/p>\n<p style=\"text-align: justify;\">O esquema\u00a0teria movimentado R$ 600 mil e foi revelado\u00a0pela opera\u00e7\u00e3o Yoasi, deflagrada em novembro de 2022. Segundo as investiga\u00e7\u00f5es, o desvio\u00a0esvaziou o estoque de postos de sa\u00fade no interior da Terra Ind\u00edgena.<\/p>\n<p style=\"text-align: justify;\">Conforme a Pol\u00edcia Federal (PF), os empres\u00e1rios de Roraima que se beneficiaram do suposto esquema s\u00e3o apadrinhados pol\u00edticos do\u00a0senador Chico Rodrigues (DEM-RR), que j\u00e1 chamou Jair Bolsonaro de &#8220;amigo&#8221;.<\/p>\n<p style=\"text-align: justify;\"><a href=\"https:\/\/www.brasildefato.com.br\/2023\/02\/01\/parem-de-mentir-lider-yanomami-dario-kopenawa-critica-militares-e-rebate-bolsonaristas\" target=\"_blank\" rel=\"noopener\"><strong>::\u00a0&#8216;Parem de mentir!&#8217;: l\u00edder Yanomami, D\u00e1rio Kopenawa critica militares e rebate bolsonaristas ::<\/strong><\/a><\/p>\n<p style=\"text-align: justify;\">O ex-presidente, por outro lado, chegou a afirmar\u00a0que mant\u00e9m com Rodrigues &#8220;quase uma uni\u00e3o est\u00e1vel&#8221;, conforme uma grava\u00e7\u00e3o que circulou na internet sem data indicada.<\/p>\n<p style=\"text-align: justify;\">Al\u00e9m de uma amizade duradoura que surgiu quando ambos eram deputados federais,\u00a0Rodrigues e Bolsonaro t\u00eam em comum a pauta da libera\u00e7\u00e3o do garimpo em terras ind\u00edgenas.<\/p>\n<p style=\"text-align: justify;\">O pol\u00edtico roraimense foi vice-l\u00edder do governo Bolsonaro no Senado at\u00e9 2020. Ele\u00a0renunciou do posto ap\u00f3s ser flagrado pela PF com\u00a0<a href=\"https:\/\/www.brasildefato.com.br\/2020\/10\/16\/quase-uma-uniao-estavel-a-relacao-entre-bolsonaro-e-o-senador-do-dinheiro-na-cueca\" target=\"_blank\" rel=\"noopener\">R$ 33 mil escondidos na cueca<\/a>\u00a0durante uma opera\u00e7\u00e3o contra\u00a0desvio de verbas da sa\u00fade para combate \u00e0 pandemia.<\/p>\n<p class=\"ckeditor-subtitle\" style=\"text-align: justify;\">Governo deixou que esquema se implantasse, diz MPF<\/p>\n<p style=\"text-align: justify;\">O contrato entre a Balme e o Minist\u00e9rio da Sa\u00fade previa o fornecimento de Albendazol, usado no tratamento de verminoses.\u00a0O rem\u00e9dio chegou a apenas 3 mil crian\u00e7as Yanomami. Menos de 30% dos medicamentos comprados foram entregues pela empresa.<\/p>\n<p style=\"text-align: justify;\">&#8220;Me chocou profundamente a insensibilidade desses agentes envolvidos nesse esquema,\u00a0por enriquecerem t\u00e3o pouco e provocarem uma grave crise no territ\u00f3rio Yanomami&#8221;, declarou o procurador do MPF-RR Alisson Marugal.<\/p>\n<p style=\"text-align: justify;\">Conforme o\u00a0<a href=\"https:\/\/www.brasildefato.com.br\/2023\/01\/26\/mpf-detalha-acoes-e-omissoes-do-governo-bolsonaro-na-crise-humanitaria-da-ti-yanomami\" target=\"_blank\" rel=\"noopener\">MPF-RR<\/a>, os medicamentos foram desviados pela empresa Balme Empreendimentos. O crime teria participa\u00e7\u00e3o de dois coordenadores do Distrito Sanit\u00e1rio Especial Ind\u00edgenas (DSEI) Yanomami, uma das unidades administrativas do Minist\u00e9rio da Sa\u00fade.<\/p>\n<p style=\"text-align: justify;\"><a href=\"https:\/\/www.brasildefato.com.br\/2023\/01\/26\/mpf-detalha-acoes-e-omissoes-do-governo-bolsonaro-na-crise-humanitaria-da-ti-yanomami\" target=\"_blank\" rel=\"noopener\"><strong>::\u00a0MPF detalha a\u00e7\u00f5es e omiss\u00f5es do governo Bolsonaro na crise humanit\u00e1ria da TI Yanomami ::<\/strong><\/a><\/p>\n<p style=\"text-align: justify;\">Historicamente, os DSEIs em todo o pa\u00eds s\u00e3o controlados por deputados, senadores, governadores e prefeitos.\u00a0Eles indicam nomes para ocupar cargos de coordena\u00e7\u00e3o do servi\u00e7o. Em Roraima, um desses pol\u00edticos com influ\u00eancia na sa\u00fade ind\u00edgena \u00e9 o senador Chico Rodrigues.<\/p>\n<p style=\"text-align: justify;\">&#8220;Embora tivesse discurso anticorrup\u00e7\u00e3o, o governo [Bolsonaro] deixou que o esquema se implantasse. Gestores do DSEI Yanomami n\u00e3o tinham experi\u00eancia em Sa\u00fade nem em\u00a0 indigenismo. A Sesai [Secretaria Especial de Sa\u00fade Ind\u00edgena]\u00a0tinha conhecimento da falta de estoque\u00a0de medicamentos e pouco fez para solucionar&#8221;,\u00a0afirmou o procurador do MPF.<\/p>\n<p class=\"ckeditor-subtitle\" style=\"text-align: justify;\">Entenda a liga\u00e7\u00e3o entre a empresa e Chico Rodrigues<\/p>\n<p style=\"text-align: justify;\">Oficialmente, o dono da Balme \u00e9 Roger Henrique Pimentel, um empres\u00e1rio de Boa Vista (RR). De acordo com a PF, por\u00e9m, o verdadeiro propriet\u00e1rio \u00e9 Jean Frank Padilha Lobato, ex-deputado federal em Roraima e apontado pelas investiga\u00e7\u00f5es como\u00a0&#8220;operador&#8221; de\u00a0<a href=\"https:\/\/www.brasildefato.com.br\/2020\/10\/16\/quase-uma-uniao-estavel-a-relacao-entre-bolsonaro-e-o-senador-do-dinheiro-na-cueca\" target=\"_blank\" rel=\"noopener\">Chico Rodrigues<\/a>.<\/p>\n<p style=\"text-align: justify;\">&#8220;Foi poss\u00edvel concluir pela exist\u00eancia de uma rela\u00e7\u00e3o hier\u00e1rquica, estando o senador Chico Rodrigues no topo, Jean Frank como intermedi\u00e1rio, e Roger Pimentel, s\u00f3cio da empresa Quantum [antigo nome da Balme], como o bra\u00e7o operacional&#8221;, detalhou um relat\u00f3rio da Pol\u00edcia Federal.<\/p>\n<p style=\"text-align: justify;\"><strong>Relembre:\u00a0<a href=\"https:\/\/www.brasildefato.com.br\/2020\/10\/16\/quase-uma-uniao-estavel-a-relacao-entre-bolsonaro-e-o-senador-do-dinheiro-na-cueca\" target=\"_blank\" rel=\"noopener\">&#8220;Quase uma uni\u00e3o est\u00e1vel&#8221;: a rela\u00e7\u00e3o entre Bolsonaro e o senador do dinheiro na cueca<\/a><\/strong><\/p>\n<p style=\"text-align: justify;\">O relat\u00f3rio em quest\u00e3o foi produzido em 2020 durante a opera\u00e7\u00e3o Desvid-19, que mirou um suposto esquema de desvio de recursos\u00a0destinados ao combate \u00e0\u00a0covid-19 avaliado em R$ 20 milh\u00f5es. No centro das investiga\u00e7\u00f5es\u00a0estavam os mesmos implicados na opera\u00e7\u00e3o Yoasi: Chico Rodrigues, Jean Frank e\u00a0a Balme Empreendimentos, que na \u00e9poca se chamada Quantum.<\/p>\n<p style=\"text-align: justify;\">Ainda segundo o relat\u00f3rio da PF, Jean Frank e o senador bolsonarista trocaram\u00a03,5 mil mensagens de WhatsApp ao longo de dois anos. &#8220;Jean Frank trata o senador nos di\u00e1logos como &#8216;chefe&#8217;, atendendo a in\u00fameras demandas de Chico Rodrigues, comprovando alto grau de v\u00ednculo e confian\u00e7a entre ambos&#8221;, descreve o relat\u00f3rio da PF, divulgado pelo\u00a0<em>Estad\u00e3o<\/em>.<\/p>\n<p class=\"ckeditor-subtitle\" style=\"text-align: justify;\">MPF continuar\u00e1 investigando empresa<\/p>\n<p style=\"text-align: justify;\">O procurador Allison Marugal afirmou que o MPF-RR dar\u00e1 sequ\u00eancia \u00e0 opera\u00e7\u00e3o Yoasi a partir deste ano, j\u00e1 que h\u00e1 ind\u00edcios de fraudes em outros contratos.<\/p>\n<p style=\"text-align: justify;\">Segundo o Portal da Transpar\u00eancia, a Quantum\/Balme recebeu quase R$ 3,5 milh\u00f5es de verbas federais em contratos de fornecimento de medicamentos e insumos hospitalares, incluindo oxig\u00eanio durante a pandemia de covid-19.<\/p>\n<p style=\"text-align: justify;\">A empresa\u00a0ligada ao senador bolsonarista tem contratos com o DSEI Yanomami desde 2017,\u00a0mas passou a receber as maiores quantias a partir de 2019. Antes, a Balme\/Quantum havia recebido apenas R$ 70 mil em dois contratos com o Minist\u00e9rio da Sa\u00fade.<\/p>\n<p class=\"ckeditor-img-caption\" style=\"text-align: justify;\"><img src=\"https:\/\/images01.brasildefato.com.br\/e1b1b89028928621f51d83de7dd92c6a.jpeg\" \/><br \/>\nCrian\u00e7a Yanomami com sinais de desnutri\u00e7\u00e3o recebe atendimento m\u00e9dico no Hospital Infantil Santo Antonio, em Boa Vista (RR) \/ \u00a9Michael Dantas \/ AFP<\/p>\n<p style=\"text-align: justify;\">A ampla maioria das compras foi para abastecer o DSEI Yanomami.\u00a0H\u00e1 tamb\u00e9m contratos com a 1\u00aa Brigada de Infantaria de Selva, pelot\u00e3o do Ex\u00e9rcito localizado em Boa Vista (RR), que totalizam quase R$ 160 mil.<\/p>\n<p style=\"text-align: justify;\">Para desviar medicamentos dos Yanomami, o MPF diz que a empresa ofereceu pre\u00e7os inexequ\u00edveis no processo licitat\u00f3rio. Em seguida, teria pago propina a funcion\u00e1rios p\u00fablicos para atestarem falsamente o recebimento dos medicamentos.<\/p>\n<p class=\"ckeditor-subtitle\" style=\"text-align: justify;\">Presidenta da Funai critica indica\u00e7\u00f5es pol\u00edticas na sa\u00fade ind\u00edgena<\/p>\n<p style=\"text-align: justify;\">Ao\u00a0<strong>Brasil de Fato<\/strong>, a presidenta da Funai Jo\u00eania Wapichana\u00a0<a href=\"https:\/\/www.brasildefato.com.br\/2023\/01\/28\/exclusivo-para-a-nova-chefe-da-funai-joenia-wapichana-bolsonaro-quis-extincao-dos-yanomamis\" target=\"_blank\" rel=\"noopener\">comentou o suposto esquema<\/a>\u00a0que deixou crian\u00e7as Yanomami sem rem\u00e9dio.<\/p>\n<p style=\"text-align: justify;\">&#8220;A corrup\u00e7\u00e3o tem que ser tratada primeiramente como um crime. Tem que ser dada uma resposta \u00e0 altura por essa pr\u00e1tica que est\u00e1 prejudicando uma coletividade toda, inclusive, \u00e9 conivente e c\u00famplice de genoc\u00eddio&#8221;, afirmou.<\/p>\n<p style=\"text-align: justify;\">Ela defendeu ainda que o governo Lula reveja a pr\u00e1tica de indica\u00e7\u00f5es pol\u00edticas para ocupar cargos na sa\u00fade ind\u00edgena.<\/p>\n<p style=\"text-align: justify;\">&#8220;[Seria melhor] Que n\u00e3o tivesse esse apadrinhamento por parte de parlamentares ou pol\u00edticos ou outros interessados, porque a gente viu que n\u00e3o d\u00e1 certo. Realmente as indica\u00e7\u00f5es t\u00eam que ser t\u00e9cnicas&#8221;, avaliou.<\/p>\n<p style=\"text-align: justify;\"><a href=\"https:\/\/www.brasildefato.com.br\/2023\/01\/28\/exclusivo-para-a-nova-chefe-da-funai-joenia-wapichana-bolsonaro-quis-extincao-dos-yanomamis\" target=\"_blank\" rel=\"noopener\"><strong>::\u00a0Exclusivo: Para a nova chefe da Funai, Jo\u00eania Wapichana, Bolsonaro quis extin\u00e7\u00e3o dos Yanomami ::<\/strong><\/a><\/p>\n<p style=\"text-align: justify;\">Para Jo\u00eania,\u00a0nomea\u00e7\u00f5es de cargos de pessoas que v\u00e3o interagir diretamente com comunidades ind\u00edgenas tem que ter, no m\u00ednimo, respeito e di\u00e1logo com os povos.<\/p>\n<p style=\"text-align: justify;\">&#8220;Eu acredito que essa talvez seja a orienta\u00e7\u00e3o que a Casa Civil tem passado, inclusive de evitar pessoas radicais como a gente viu assumindo cargos nos \u00faltimos quatro\u00a0anos, com aquela ideia de evangelizar os povos ind\u00edgenas a qualquer custo. Tamb\u00e9m vimos indica\u00e7\u00f5es de pessoas com ideias bolsonaristas, de ataques \u00e0 democracia, n\u00e3o reconhecendo os poderes constitu\u00eddos e tendo uma ideologia que seja, digamos assim, fascista&#8221;, afirmou a presidenta da Funai.<\/p>\n<p class=\"ckeditor-subtitle\" style=\"text-align: justify;\">Outro lado<\/p>\n<p style=\"text-align: justify;\">A reportagem procurou o senador Chico Rodrigues e a Balme empreendimentos, mas n\u00e3o houve resposta. O espa\u00e7o segue aberto \u00e0s manifesta\u00e7\u00f5es.<\/p>\n<p style=\"text-align: justify;\">Em nota enviada ao portal\u00a0<em>Metr\u00f3poles<\/em>\u00a0em novembro de 2022, a Balme alegou que, &#8220;inicialmente, urge registrar que as alega\u00e7\u00f5es repassadas nas m\u00eddias s\u00e3o inver\u00eddicas, e que a empresa Balme sempre honrou com as contrata\u00e7\u00f5es firmadas e que n\u00e3o participa de quaisquer esquemas de desvio de medicamentos ou dinheiro p\u00fablico.&#8221;<\/p>\n<p style=\"text-align: justify;\">A empresa disse ainda que &#8220;repudia veementemente as acusa\u00e7\u00f5es que envolve a Balme na contrata\u00e7\u00e3o pelo DSEI \u2013 Y. Informa que a empresa vem sofrendo danos pelas acusa\u00e7\u00f5es falsas veiculadas, e que n\u00e3o \u00e9 respons\u00e1vel por problemas relacionados \u00e0 gest\u00e3o da contratante, DSEI-Y, e que tem sido utilizada para maquiar um esquema de corrup\u00e7\u00e3o interno do \u00f3rg\u00e3o, n\u00e3o devendo a Balme ser penalizada por crimes de terceiros.&#8221;<\/p>\n<p style=\"text-align: justify;\">O\u00a0<strong>Brasil de Fato<\/strong>\u00a0n\u00e3o localizou o contato do ex-presidente Jair Bolsonaro, que est\u00e1 nos Estados Unidos.\u00a0Pelo aplicativo de mensagens Telegram, ele chamou a crise humanit\u00e1ria no territ\u00f3rio Yanomami de &#8220;farsa da esquerda&#8221; e disse que &#8220;os cuidados com a sa\u00fade ind\u00edgena&#8221; foram &#8220;uma das prioridades do governo federal&#8221;.<\/p>\n<p class=\"editor\" style=\"text-align: justify;\">Edi\u00e7\u00e3o: Rodrigo Dur\u00e3o Coelho<\/p>\n","protected":false},"excerpt":{"rendered":"<p>Flagrado com R$ 30 mil na cueca e com restos de fezes em 2020, Chico Rodrigues [\u00e0 direita] era vice-l\u00edder do governo e j\u00e1 se referiu ao ex-presidente como &#8220;amigo Jair Bolsonaro&#8221; &#8211; Marcos C\u00f4rrea\/Presid\u00eancia da Rep\u00fablica Empresa que deixou 10 mil crian\u00e7as Yanomami sem rem\u00e9dio recebeu R$ 3,5 milh\u00f5es em contratos com Min. da [&hellip;]<\/p>\n","protected":false},"author":2,"featured_media":112772,"comment_status":"open","ping_status":"open","sticky":false,"template":"","format":"standard","meta":[],"categories":[75,105],"tags":[],"_links":{"self":[{"href":"https:\/\/www.blogdopaulonunes.com\/v5\/index.php\/wp-json\/wp\/v2\/posts\/112771"}],"collection":[{"href":"https:\/\/www.blogdopaulonunes.com\/v5\/index.php\/wp-json\/wp\/v2\/posts"}],"about":[{"href":"https:\/\/www.blogdopaulonunes.com\/v5\/index.php\/wp-json\/wp\/v2\/types\/post"}],"author":[{"embeddable":true,"href":"https:\/\/www.blogdopaulonunes.com\/v5\/index.php\/wp-json\/wp\/v2\/users\/2"}],"replies":[{"embeddable":true,"href":"https:\/\/www.blogdopaulonunes.com\/v5\/index.php\/wp-json\/wp\/v2\/comments?post=112771"}],"version-history":[{"count":1,"href":"https:\/\/www.blogdopaulonunes.com\/v5\/index.php\/wp-json\/wp\/v2\/posts\/112771\/revisions"}],"predecessor-version":[{"id":112773,"href":"https:\/\/www.blogdopaulonunes.com\/v5\/index.php\/wp-json\/wp\/v2\/posts\/112771\/revisions\/112773"}],"wp:featuredmedia":[{"embeddable":true,"href":"https:\/\/www.blogdopaulonunes.com\/v5\/index.php\/wp-json\/wp\/v2\/media\/112772"}],"wp:attachment":[{"href":"https:\/\/www.blogdopaulonunes.com\/v5\/index.php\/wp-json\/wp\/v2\/media?parent=112771"}],"wp:term":[{"taxonomy":"category","embeddable":true,"href":"https:\/\/www.blogdopaulonunes.com\/v5\/index.php\/wp-json\/wp\/v2\/categories?post=112771"},{"taxonomy":"post_tag","embeddable":true,"href":"https:\/\/www.blogdopaulonunes.com\/v5\/index.php\/wp-json\/wp\/v2\/tags?post=112771"}],"curies":[{"name":"wp","href":"https:\/\/api.w.org\/{rel}","templated":true}]}}