{"id":112768,"date":"2023-02-05T14:53:57","date_gmt":"2023-02-05T17:53:57","guid":{"rendered":"https:\/\/www.blogdopaulonunes.com\/v5\/?p=112768"},"modified":"2023-02-05T14:53:57","modified_gmt":"2023-02-05T17:53:57","slug":"camara-municipal-reinicia-sessoes-e-recebe-mensagem-do-poder-executivo","status":"publish","type":"post","link":"https:\/\/www.blogdopaulonunes.com\/v5\/index.php\/2023\/02\/05\/camara-municipal-reinicia-sessoes-e-recebe-mensagem-do-poder-executivo\/","title":{"rendered":"C\u00e2mara Municipal reinicia sess\u00f5es e recebe mensagem do Poder Executivo"},"content":{"rendered":"<p style=\"text-align: justify;\">Na manh\u00e3 dessa sexta-feira, 3, foi realizada a Sess\u00e3o Preparat\u00f3ria para o per\u00edodo legislativo de 2023-2024. A primeira sess\u00e3o do ano contou com a presen\u00e7a da prefeita Sheila Lemos Andrade (Uni\u00e3o Brasil), que fez a leitura da mensagem do Executivo ao Poder Legislativo, e dos 21 vereadores que v\u00e3o representar a popula\u00e7\u00e3o de Vit\u00f3ria da Conquista nos pr\u00f3ximos dois anos.<\/p>\n<p><img src=\"https:\/\/argus-cmvc.sfo2.digitaloceanspaces.com\/noticia\/2023-02-03\/sessopreparatoria03Fev2357.jpg\" \/><\/p>\n<p style=\"text-align: justify;\">Na ocasi\u00e3o estiveram presentes autoridades pol\u00edticas, militares, civis e tamb\u00e9m a popula\u00e7\u00e3o de Vit\u00f3ria da Conquista. A Banda de M\u00fasica 1\u00ba Sargento PM Maestro Walter de Santa Rosa\/ 9\u00ba BEIC, sob reg\u00eancia do 1\u00ba Tenente PM Agnaldo Teixeira, executou o Hino Nacional e o Hino de Vit\u00f3ria da Conquista, dando in\u00edcio \u00e0 sess\u00e3o preparat\u00f3ria, que precede a instala\u00e7\u00e3o dos trabalhos da C\u00e2mara em cada Legislatura.<\/p>\n<p style=\"text-align: justify;\"><img class=\"note-float-left\" src=\"https:\/\/argus-cmvc.sfo2.digitaloceanspaces.com\/noticia\/2023-02-03\/sessopreparatoria03Fev23138.jpg\" \/>Herm\u00ednio Oliveira (PODE), que retorna \u00e0 presid\u00eancia da Casa para o bi\u00eanio 2023\/2024, ressaltou a import\u00e2ncia do di\u00e1logo e harmonia entre os poderes constitu\u00eddos. Nesse sentido, apresentou as expectativas da nova Mesa Diretora para o trabalho do Poder Legislativo nos pr\u00f3ximos dois anos. Segundo o presidente, o legislativo de Vit\u00f3ria da Conquista sempre foi considerado um dos mais atuantes e transparentes da Bahia por conta do compromisso dos colegas que o antecederam. \u201cA nossa gest\u00e3o n\u00e3o ser\u00e1 diferente. Estamos unidos para fazer o melhor poss\u00edvel pela nossa cidade. Os trabalhos seguem pautados na transpar\u00eancia e com \u00eanfase na busca por a\u00e7\u00f5es que reflitam positivamente na vida dos cidad\u00e3os\u201d, afirmou. O presidente destacou tamb\u00e9m que dar\u00e1 continuidade as sess\u00f5es itinerantes, com o objetivo de levar at\u00e9 os moradores da zona rural as a\u00e7\u00f5es da C\u00e2mara Municipal.<\/p>\n<p style=\"text-align: justify;\">O presidente encerrou o pronunciamento agradecendo o apoio que tem recebido dos seus familiares, amigos e colegas vereadores. \u201cEsse apoio \u00e9 fundamental para seguirmos trabalhando em prol do desenvolvimento da nossa cidade. Estamos tranquilos e serenos para acolher todas as pessoas e as demandas que chegam at\u00e9 essa Casa\u201d, finalizou o presidente.<\/p>\n<p style=\"text-align: justify;\"><img class=\"note-float-right\" src=\"https:\/\/argus-cmvc.sfo2.digitaloceanspaces.com\/noticia\/2023-02-03\/sessopreparatoria03Fev23158.jpg\" \/>A chefe do Poder Executivo Municipal, Sheila Lemos Andrade (UB) destacou a import\u00e2ncia de os poderes Executivo e Legislativo estabelecerem uma rela\u00e7\u00e3o independente e harm\u00f4nica pelo bem da popula\u00e7\u00e3o conquistense. \u201cA nossa amada Vit\u00f3ria da Conquista depende dessa harmonia. Sem ela n\u00e3o ter\u00edamos como manter o que foi conquistado em mais de 182 anos de hist\u00f3ria, nem garantir os avan\u00e7os que todos os conquistenses desejam e merecem\u201d, disse ela.<\/p>\n<p style=\"text-align: justify;\">Ela destacou que a cidade enfrenta s\u00e9rios problemas de infraestrutura e precisa de apoio de recursos externos para resolver. \u201cEsse munic\u00edpio gigantesco tem problemas hist\u00f3ricos de infraestrutura que se avolumam, principalmente na Zona Urbana, \u00e0 medida que a cidade cresce. H\u00e1 dois caminhos poss\u00edveis: as emendas parlamentares e os financiamentos das organiza\u00e7\u00f5es de cr\u00e9dito e fomento\u201d, disse Lemos, defendendo que os vereadores cobrem de deputados e senadores recursos capazes de consolidar as solu\u00e7\u00f5es de que a cidade precisa, ou aprovem eventuais pedidos de autoriza\u00e7\u00e3o para que o munic\u00edpio tenha acesso a financiamentos.<\/p>\n<p>Ainda em seu pronunciamento, a prefeita destacou obras que em breve ser\u00e3o entregues para a popula\u00e7\u00e3o:<\/p>\n<p>\u2022 Reforma do Est\u00e1dio Municipal da Zona Oeste (Muril\u00e3o);<\/p>\n<p>\u2022 Escola do povoado de Campo Formoso;<\/p>\n<p>\u2022 Escola Ant\u00f4nia Cavalcante;<\/p>\n<p>\u2022 Novo CRAS Pedrinhas, no bairro Cruzeiro;<\/p>\n<p>\u2022 Drenagem e pavimenta\u00e7\u00e3o de mais um trecho da Avenida Perimetral;<\/p>\n<p>\u2022 Primeira etapa da encosta do Guarani;<\/p>\n<p>\u2022 Drenagem do Alto do Panorama;<\/p>\n<p>\u2022 Revitaliza\u00e7\u00e3o da \u00e1rea do Cristo de M\u00e1rio Cravo.<\/p>\n<p>\u201cDeus nos aben\u00e7oe\u201d, finalizou a prefeita.<\/p>\n","protected":false},"excerpt":{"rendered":"<p>Na manh\u00e3 dessa sexta-feira, 3, foi realizada a Sess\u00e3o Preparat\u00f3ria para o per\u00edodo legislativo de 2023-2024. A primeira sess\u00e3o do ano contou com a presen\u00e7a da prefeita Sheila Lemos Andrade (Uni\u00e3o Brasil), que fez a leitura da mensagem do Executivo ao Poder Legislativo, e dos 21 vereadores que v\u00e3o representar a popula\u00e7\u00e3o de Vit\u00f3ria da [&hellip;]<\/p>\n","protected":false},"author":2,"featured_media":112769,"comment_status":"open","ping_status":"open","sticky":false,"template":"","format":"standard","meta":[],"categories":[81,105],"tags":[],"_links":{"self":[{"href":"https:\/\/www.blogdopaulonunes.com\/v5\/index.php\/wp-json\/wp\/v2\/posts\/112768"}],"collection":[{"href":"https:\/\/www.blogdopaulonunes.com\/v5\/index.php\/wp-json\/wp\/v2\/posts"}],"about":[{"href":"https:\/\/www.blogdopaulonunes.com\/v5\/index.php\/wp-json\/wp\/v2\/types\/post"}],"author":[{"embeddable":true,"href":"https:\/\/www.blogdopaulonunes.com\/v5\/index.php\/wp-json\/wp\/v2\/users\/2"}],"replies":[{"embeddable":true,"href":"https:\/\/www.blogdopaulonunes.com\/v5\/index.php\/wp-json\/wp\/v2\/comments?post=112768"}],"version-history":[{"count":1,"href":"https:\/\/www.blogdopaulonunes.com\/v5\/index.php\/wp-json\/wp\/v2\/posts\/112768\/revisions"}],"predecessor-version":[{"id":112770,"href":"https:\/\/www.blogdopaulonunes.com\/v5\/index.php\/wp-json\/wp\/v2\/posts\/112768\/revisions\/112770"}],"wp:featuredmedia":[{"embeddable":true,"href":"https:\/\/www.blogdopaulonunes.com\/v5\/index.php\/wp-json\/wp\/v2\/media\/112769"}],"wp:attachment":[{"href":"https:\/\/www.blogdopaulonunes.com\/v5\/index.php\/wp-json\/wp\/v2\/media?parent=112768"}],"wp:term":[{"taxonomy":"category","embeddable":true,"href":"https:\/\/www.blogdopaulonunes.com\/v5\/index.php\/wp-json\/wp\/v2\/categories?post=112768"},{"taxonomy":"post_tag","embeddable":true,"href":"https:\/\/www.blogdopaulonunes.com\/v5\/index.php\/wp-json\/wp\/v2\/tags?post=112768"}],"curies":[{"name":"wp","href":"https:\/\/api.w.org\/{rel}","templated":true}]}}