{"id":112744,"date":"2023-02-03T14:13:35","date_gmt":"2023-02-03T17:13:35","guid":{"rendered":"https:\/\/www.blogdopaulonunes.com\/v5\/?p=112744"},"modified":"2023-02-03T14:13:35","modified_gmt":"2023-02-03T17:13:35","slug":"senador-relata-pedido-de-bolsonaro-para-gravar-alexandre-de-moraes-ilegalmente","status":"publish","type":"post","link":"https:\/\/www.blogdopaulonunes.com\/v5\/index.php\/2023\/02\/03\/senador-relata-pedido-de-bolsonaro-para-gravar-alexandre-de-moraes-ilegalmente\/","title":{"rendered":"Senador relata pedido de Bolsonaro para gravar Alexandre de Moraes ilegalmente"},"content":{"rendered":"<p style=\"text-align: justify;\">O senador Marcos do Val, do Esp\u00edrito Santo,\u00a0<a href=\"https:\/\/veja.abril.com.br\/politica\/marcos-do-val-sobre-pedido-de-bolsonaro-fiquei-assustado-com-o-que-vi\/\" target=\"_blank\" rel=\"noopener\">afirmou \u00e0 revista\u00a0<em>Veja<\/em><\/a>\u00a0que o ex-presidente Jair Bolsonaro tinha pedido a ele para gravar uma conversa com o ministro Alexandre de Moraes, do Supremo Tribunal Federal.<br \/>\nPresid\u00eancia da Rep\u00fablicaSegundo senador, plano de Bolsonaro era usar grava\u00e7\u00e3o para prender Alexandre, anular as elei\u00e7\u00f5es e continuar na presid\u00eancia<\/p>\n<p style=\"text-align: justify;\">A declara\u00e7\u00e3o do senador foi feita junto com o an\u00fancio de sua ren\u00fancia. Ele relatou \u00e0 revista que Bolsonaro o procurou pedindo para gravar Alexandre em alguma inconfid\u00eancia, &#8220;tentar fazer ele confidenciar que agia sem observar necessariamente a Constitui\u00e7\u00e3o&#8221;.<\/p>\n<p style=\"text-align: justify;\">&#8220;Com essa grava\u00e7\u00e3o, o presidente iria derrubar a elei\u00e7\u00e3o, dizer que ela foi fraudada, prender o Alexandre de Moraes, impedir a posse do Lula e seguir presidente da Rep\u00fablica&#8221;, disse do Val, ressaltando que foi o pr\u00f3prio Bolsonaro quem explicou esses planos.<\/p>\n<p style=\"text-align: justify;\">O capixaba era um aliado de Bolsonaro, mas afirmou que tem boa rela\u00e7\u00e3o com o ministro. Por isso, quando foi procurado pelo presidente, disse que relatou a conversa a Alexandre de Moraes.<\/p>\n<p style=\"text-align: justify;\"><strong>Neg\u00f3cios esp\u00farios<\/strong><br \/>\nJair Bolsonaro elegeu Alexandre de Moraes como alvo preferencial de seus ataques \u00e0s institui\u00e7\u00f5es. Para o ex-presidente, sua derrota nas elei\u00e7\u00f5es se deveu a interfer\u00eancias do ministro durante a campanha.<\/p>\n<p style=\"text-align: justify;\">Segundo a\u00a0revista, Marcos do Val\u00a0foi procurado pelo ent\u00e3o deputado Daniel Silveira (condenado pelo STF por tentativa de impedir o livre exerc\u00edcio dos poderes da Uni\u00e3o). Eles combinaram um esquema para que ambos fossem ao Pal\u00e1cio do Alvorada, resid\u00eancia presidencial, sem deixar rastros, o que aconteceu no dia 9 de dezembro.<\/p>\n<p style=\"text-align: justify;\">Durante a reuni\u00e3o, Bolsonaro apresentou a ideia que &#8220;salvaria o Brasil&#8221;: gravar o ministro do Supremo sem autoriza\u00e7\u00e3o para tentar obter uma declara\u00e7\u00e3o de que n\u00e3o teria agido estritamente de acordo com a Constitui\u00e7\u00e3o.<\/p>\n<p style=\"text-align: justify;\">Quando o senador perguntou como isso seria feito, o presidente respondeu que o Gabinete de Seguran\u00e7a Institucional (GSI), que controla a Ag\u00eancia Brasileira de Intelig\u00eancia (Abin), daria suporte t\u00e9cnico, fornecendo os equipamentos necess\u00e1rios.<\/p>\n<p style=\"text-align: justify;\">Posteriormente, ao cobrar o senador por uma resposta, Daniel Silveira destacou que a opera\u00e7\u00e3o seria segura, e que poucas pessoas saberiam: os dois parlamentares, o presidente e outras duas pessoas n\u00e3o identificadas. Silveira se referiu ao grupo como &#8220;cinco estrelas&#8221;, dando a entender que os outros dois seriam militares.<\/p>\n","protected":false},"excerpt":{"rendered":"<p>O senador Marcos do Val, do Esp\u00edrito Santo,\u00a0afirmou \u00e0 revista\u00a0Veja\u00a0que o ex-presidente Jair Bolsonaro tinha pedido a ele para gravar uma conversa com o ministro Alexandre de Moraes, do Supremo Tribunal Federal. Presid\u00eancia da Rep\u00fablicaSegundo senador, plano de Bolsonaro era usar grava\u00e7\u00e3o para prender Alexandre, anular as elei\u00e7\u00f5es e continuar na presid\u00eancia A declara\u00e7\u00e3o do [&hellip;]<\/p>\n","protected":false},"author":2,"featured_media":110132,"comment_status":"open","ping_status":"open","sticky":false,"template":"","format":"standard","meta":[],"categories":[75,105],"tags":[],"_links":{"self":[{"href":"https:\/\/www.blogdopaulonunes.com\/v5\/index.php\/wp-json\/wp\/v2\/posts\/112744"}],"collection":[{"href":"https:\/\/www.blogdopaulonunes.com\/v5\/index.php\/wp-json\/wp\/v2\/posts"}],"about":[{"href":"https:\/\/www.blogdopaulonunes.com\/v5\/index.php\/wp-json\/wp\/v2\/types\/post"}],"author":[{"embeddable":true,"href":"https:\/\/www.blogdopaulonunes.com\/v5\/index.php\/wp-json\/wp\/v2\/users\/2"}],"replies":[{"embeddable":true,"href":"https:\/\/www.blogdopaulonunes.com\/v5\/index.php\/wp-json\/wp\/v2\/comments?post=112744"}],"version-history":[{"count":1,"href":"https:\/\/www.blogdopaulonunes.com\/v5\/index.php\/wp-json\/wp\/v2\/posts\/112744\/revisions"}],"predecessor-version":[{"id":112745,"href":"https:\/\/www.blogdopaulonunes.com\/v5\/index.php\/wp-json\/wp\/v2\/posts\/112744\/revisions\/112745"}],"wp:featuredmedia":[{"embeddable":true,"href":"https:\/\/www.blogdopaulonunes.com\/v5\/index.php\/wp-json\/wp\/v2\/media\/110132"}],"wp:attachment":[{"href":"https:\/\/www.blogdopaulonunes.com\/v5\/index.php\/wp-json\/wp\/v2\/media?parent=112744"}],"wp:term":[{"taxonomy":"category","embeddable":true,"href":"https:\/\/www.blogdopaulonunes.com\/v5\/index.php\/wp-json\/wp\/v2\/categories?post=112744"},{"taxonomy":"post_tag","embeddable":true,"href":"https:\/\/www.blogdopaulonunes.com\/v5\/index.php\/wp-json\/wp\/v2\/tags?post=112744"}],"curies":[{"name":"wp","href":"https:\/\/api.w.org\/{rel}","templated":true}]}}