{"id":112288,"date":"2023-01-06T10:02:14","date_gmt":"2023-01-06T13:02:14","guid":{"rendered":"https:\/\/www.blogdopaulonunes.com\/v5\/?p=112288"},"modified":"2023-01-06T10:02:14","modified_gmt":"2023-01-06T13:02:14","slug":"extremista-bolsonarista-fala-em-invadir-o-congresso-mas-vira-piada-por-erro-de-portugues-ouca","status":"publish","type":"post","link":"https:\/\/www.blogdopaulonunes.com\/v5\/index.php\/2023\/01\/06\/extremista-bolsonarista-fala-em-invadir-o-congresso-mas-vira-piada-por-erro-de-portugues-ouca\/","title":{"rendered":"Extremista bolsonarista fala em invadir o Congresso, mas vira piada por erro de portugu\u00eas; ou\u00e7a"},"content":{"rendered":"<p style=\"text-align: justify;\"><strong>Bolsonaristas querem sair dos quart\u00e9is do Ex\u00e9rcito para invadir o Congresso Nacional na segunda-feira<\/strong><\/p>\n<div class=\"article__text marginTop30\">\n<p>Um extremista bolsonarista inconformado com a elei\u00e7\u00e3o de Lula (PT) gravou um \u00e1udio em meio \u00e0 articula\u00e7\u00e3o de um grupo que planeja invadir o Congresso Nacional na pr\u00f3xima segunda-feira (9).O conte\u00fado do \u00e1udio, obtido pelo Metr\u00f3poles, d\u00e1 conta de um plano para estimular outros bolsonaristas a sa\u00edrem da frente dos quart\u00e9is do Ex\u00e9rcito e comparecerem \u00e0 Esplanada dos Minist\u00e9rios.<\/p>\n<p>No entanto, o homem acabou virando piada por um erro de portugu\u00eas. &#8220;Se preciso for, de maneira pac\u00edfica, ordeira, n\u00f3s iremos, sim, invadir. N\u00f3s iremos, sim, entrar, nos entrar adentro da casa do povo, que \u00e9 o Congresso&#8221;.<\/p>\n<p>&#8220;Parei de ouvir no &#8216;nos entrar adentro&#8217;! Vai l\u00e1, patriota! Confia!&#8221;, comentou uma internauta. &#8220;&#8216;Nos entrar adentro&#8217;, ainda querem assassinar a lingua portuguesa&#8221;, disse outro. &#8220;&#8216;Nos entrar adentro!&#8217; Vai estudar, patriot\u00e1rio!&#8221;, sugeriu mais uma.<\/p>\n<div id=\"taboola-mid-article-leia-mais\" class=\" trc_related_container trc_spotlight_widget trc_elastic trc_elastic_organic-mid-article-mp \" data-placement-name=\"Mid Article Leia Mais\">\n<div class=\"trc_rbox_container\">\n<div>\n<div id=\"trc_wrapper_72068\" class=\"trc_rbox organic-mid-article-mp trc-content-organic \">\n<div class=\"trc_clearer\"><\/div>\n<\/div>\n<\/div>\n<\/div>\n<\/div>\n<div class=\"embed-block\"><iframe id=\"instagram-embed-0\" class=\"instagram-media instagram-media-rendered\" src=\"https:\/\/www.instagram.com\/reel\/CnC_lxyJaPW\/embed\/captioned\/?cr=1&amp;v=14&amp;wp=540&amp;rd=https%3A%2F%2Fwww.brasil247.com&amp;rp=%2Fregionais%2Fbrasilia%2Fextremista-bolsonarista-fala-em-invadir-o-congresso-mas-vira-piada-por-erro-de-portugues-ouca#%7B%22ci%22%3A0%2C%22os%22%3A1749.6000001430511%2C%22ls%22%3A508.2000000476837%2C%22le%22%3A1198.3000001907349%7D\" height=\"1346\" frameborder=\"0\" scrolling=\"no\" allowfullscreen=\"allowfullscreen\" data-instgrm-payload-id=\"instagram-media-payload-0\" data-mce-fragment=\"1\"><\/iframe><\/div>\n<p>&nbsp;<\/p>\n<\/div>\n","protected":false},"excerpt":{"rendered":"<p>Bolsonaristas querem sair dos quart\u00e9is do Ex\u00e9rcito para invadir o Congresso Nacional na segunda-feira Um extremista bolsonarista inconformado com a elei\u00e7\u00e3o de Lula (PT) gravou um \u00e1udio em meio \u00e0 articula\u00e7\u00e3o de um grupo que planeja invadir o Congresso Nacional na pr\u00f3xima segunda-feira (9).O conte\u00fado do \u00e1udio, obtido pelo Metr\u00f3poles, d\u00e1 conta de um plano [&hellip;]<\/p>\n","protected":false},"author":2,"featured_media":112289,"comment_status":"open","ping_status":"open","sticky":false,"template":"","format":"standard","meta":[],"categories":[75,71],"tags":[],"_links":{"self":[{"href":"https:\/\/www.blogdopaulonunes.com\/v5\/index.php\/wp-json\/wp\/v2\/posts\/112288"}],"collection":[{"href":"https:\/\/www.blogdopaulonunes.com\/v5\/index.php\/wp-json\/wp\/v2\/posts"}],"about":[{"href":"https:\/\/www.blogdopaulonunes.com\/v5\/index.php\/wp-json\/wp\/v2\/types\/post"}],"author":[{"embeddable":true,"href":"https:\/\/www.blogdopaulonunes.com\/v5\/index.php\/wp-json\/wp\/v2\/users\/2"}],"replies":[{"embeddable":true,"href":"https:\/\/www.blogdopaulonunes.com\/v5\/index.php\/wp-json\/wp\/v2\/comments?post=112288"}],"version-history":[{"count":1,"href":"https:\/\/www.blogdopaulonunes.com\/v5\/index.php\/wp-json\/wp\/v2\/posts\/112288\/revisions"}],"predecessor-version":[{"id":112290,"href":"https:\/\/www.blogdopaulonunes.com\/v5\/index.php\/wp-json\/wp\/v2\/posts\/112288\/revisions\/112290"}],"wp:featuredmedia":[{"embeddable":true,"href":"https:\/\/www.blogdopaulonunes.com\/v5\/index.php\/wp-json\/wp\/v2\/media\/112289"}],"wp:attachment":[{"href":"https:\/\/www.blogdopaulonunes.com\/v5\/index.php\/wp-json\/wp\/v2\/media?parent=112288"}],"wp:term":[{"taxonomy":"category","embeddable":true,"href":"https:\/\/www.blogdopaulonunes.com\/v5\/index.php\/wp-json\/wp\/v2\/categories?post=112288"},{"taxonomy":"post_tag","embeddable":true,"href":"https:\/\/www.blogdopaulonunes.com\/v5\/index.php\/wp-json\/wp\/v2\/tags?post=112288"}],"curies":[{"name":"wp","href":"https:\/\/api.w.org\/{rel}","templated":true}]}}