{"id":112285,"date":"2023-01-05T16:12:47","date_gmt":"2023-01-05T19:12:47","guid":{"rendered":"https:\/\/www.blogdopaulonunes.com\/v5\/?p=112285"},"modified":"2023-01-05T16:12:47","modified_gmt":"2023-01-05T19:12:47","slug":"uesb-prorroga-inscricoes-do-vestibular-2023","status":"publish","type":"post","link":"https:\/\/www.blogdopaulonunes.com\/v5\/index.php\/2023\/01\/05\/uesb-prorroga-inscricoes-do-vestibular-2023\/","title":{"rendered":"Uesb prorroga inscri\u00e7\u00f5es do Vestibular 2023"},"content":{"rendered":"<p>&nbsp;<\/p>\n<p style=\"text-align: justify;\">O per\u00edodo para garantir a inscri\u00e7\u00e3o no Vestibular Uesb 2023 foi prolongado. Por meio da\u00a0<a href=\"http:\/\/www.uesb.br\/portarias\/portaria-012-prorrogacao-das-inscricoes-do-vestibular-uesb-2023\/\" target=\"_blank\" rel=\"noopener\" data-saferedirecturl=\"https:\/\/www.google.com\/url?q=http:\/\/www.uesb.br\/portarias\/portaria-012-prorrogacao-das-inscricoes-do-vestibular-uesb-2023\/&amp;source=gmail&amp;ust=1673024122491000&amp;usg=AOvVaw2cQEEegSaFYyDprgDwOzXq\">Portaria 012\/2023<\/a>,\u00a0<b>a Uesb prorroga o per\u00edodo de inscri\u00e7\u00e3o at\u00e9 10 de janeiro.<\/b>\u00a0Os interessados devem se inscrever, exclusivamente, pela internet, no\u00a0<a href=\"https:\/\/www.avalia.org.br\/concurso.jsp?id=429\" target=\"_blank\" rel=\"noopener\" data-saferedirecturl=\"https:\/\/www.google.com\/url?q=https:\/\/www.avalia.org.br\/concurso.jsp?id%3D429&amp;source=gmail&amp;ust=1673024122491000&amp;usg=AOvVaw1Lyeoj-LLDjfjJ7cM4ogm_\"><strong>link dispon\u00edvel aqui<\/strong><\/a>.<\/p>\n<p style=\"text-align: justify;\">Ap\u00f3s preencher o formul\u00e1rio de inscri\u00e7\u00e3o, o candidato dever\u00e1 imprimir o boleto banc\u00e1rio e efetuar o pagamento da taxa, no valor de R$ 100,00. Com a altera\u00e7\u00e3o, o pagamento do boleto, referente \u00e0 taxa de inscri\u00e7\u00e3o, dever\u00e1 ocorrer, impreterivelmente, at\u00e9 o dia 11 de janeiro de 2023.<\/p>\n<p style=\"text-align: justify;\">O documento tamb\u00e9m modifica as datas para solicita\u00e7\u00f5es de atendimento pelo nome social, de condi\u00e7\u00e3o especial e de tempo adicional para realiza\u00e7\u00e3o das provas das lactantes ou pessoas com defici\u00eancia.<\/p>\n<p style=\"text-align: justify;\"><strong>Vestibular 2023<\/strong>\u00a0\u2013 Est\u00e3o dispon\u00edveis 915 vagas, distribu\u00eddas em 44 op\u00e7\u00f5es de cursos, nos campi de Itapetinga, Jequi\u00e9 e Vit\u00f3ria da Conquista. A lista completa de vagas por curso e campus pode ser acessada no\u00a0<a href=\"http:\/\/www.uesb.br\/editais\/edital-224-inscricoes-para-o-vestibular-uesb-2023\/\" target=\"_blank\" rel=\"noopener\" data-saferedirecturl=\"https:\/\/www.google.com\/url?q=http:\/\/www.uesb.br\/editais\/edital-224-inscricoes-para-o-vestibular-uesb-2023\/&amp;source=gmail&amp;ust=1673024122491000&amp;usg=AOvVaw1Z-fUN6ZcI_tCf0Wzd5Off\">Anexo \u00fanico do Edital<\/a>\u00a0e mais informa\u00e7\u00f5es sobre cada uma das gradua\u00e7\u00f5es podem ser encontradas no\u00a0<a href=\"http:\/\/catalogo.uesb.br\/\" target=\"_blank\" rel=\"noopener noreferrer\" data-saferedirecturl=\"https:\/\/www.google.com\/url?q=http:\/\/catalogo.uesb.br\/&amp;source=gmail&amp;ust=1673024122491000&amp;usg=AOvVaw2QHw6QlwZsGV2pU5hjncHg\">Cat\u00e1logo de Cursos<\/a>.<\/p>\n<p style=\"text-align: justify;\">Metade das vagas em cada curso ser\u00e1 destinada \u00e0 \u201cAmpla Concorr\u00eancia\u201d e os outros 50% s\u00e3o voltados para a\u00a0<a href=\"http:\/\/www.uesb.br\/noticias\/vestibular-2023-metade-das-vagas-sao-destinadas-a-alunos-de-escolas-publicas\/\" target=\"_blank\" rel=\"noopener\" data-saferedirecturl=\"https:\/\/www.google.com\/url?q=http:\/\/www.uesb.br\/noticias\/vestibular-2023-metade-das-vagas-sao-destinadas-a-alunos-de-escolas-publicas\/&amp;source=gmail&amp;ust=1673024122491000&amp;usg=AOvVaw2UoF8VRnkv3hrGw7LoGXPo\">\u201cReserva de Vagas\u201d<\/a>, onde podem concorrer alunos de ensino p\u00fablico (70% para candidatos que se autodeclarem negros e 30% para os demais). Ainda \u00e9 poss\u00edvel optar pela modalidade de\u00a0<a href=\"http:\/\/www.uesb.br\/noticias\/uesb-oferta-vagas-adicionais-no-vestibular-2023\/\" target=\"_blank\" rel=\"noopener\" data-saferedirecturl=\"https:\/\/www.google.com\/url?q=http:\/\/www.uesb.br\/noticias\/uesb-oferta-vagas-adicionais-no-vestibular-2023\/&amp;source=gmail&amp;ust=1673024122491000&amp;usg=AOvVaw0mepT62RrWwldM7R7XSK_k\">\u201cCotas Adicionais\u201d<\/a>, onde s\u00e3o acrescidas tr\u00eas vagas, em cada curso, destinadas para quilombolas, ind\u00edgenas e pessoas com defici\u00eancia (uma para cada grupo).<\/p>\n<p style=\"text-align: justify;\">As provas ser\u00e3o aplicadas nos dias 5 e 6 de fevereiro, em Itapetinga, Jequi\u00e9 e Vit\u00f3ria da Conquista. Mais informa\u00e7\u00f5es, acesso o\u00a0<a href=\"http:\/\/www2.uesb.br\/vestibular\" target=\"_blank\" rel=\"noopener\" data-saferedirecturl=\"https:\/\/www.google.com\/url?q=http:\/\/www2.uesb.br\/vestibular&amp;source=gmail&amp;ust=1673024122491000&amp;usg=AOvVaw1uxC9jQPXta_CiEMIhqI7D\">site do Vestibular<\/a>\u00a0e acompanhe os perfis oficiais da Uesb no\u00a0<a href=\"https:\/\/www.instagram.com\/uesboficial\/\" target=\"_blank\" rel=\"noopener noreferrer\" data-saferedirecturl=\"https:\/\/www.google.com\/url?q=https:\/\/www.instagram.com\/uesboficial\/&amp;source=gmail&amp;ust=1673024122491000&amp;usg=AOvVaw2lMtKS4VBf1l8IGJyfvwFX\">Instagram<\/a>, no\u00a0<a href=\"https:\/\/www.facebook.com\/UesbOficial\" target=\"_blank\" rel=\"noopener noreferrer\" data-saferedirecturl=\"https:\/\/www.google.com\/url?q=https:\/\/www.facebook.com\/UesbOficial&amp;source=gmail&amp;ust=1673024122491000&amp;usg=AOvVaw3DOXtzVWU9Gx4Sry-R69GJ\">Facebook<\/a>\u00a0e no\u00a0<a href=\"http:\/\/www.youtube.com\/uesboficial\" target=\"_blank\" rel=\"noopener noreferrer\" data-saferedirecturl=\"https:\/\/www.google.com\/url?q=http:\/\/www.youtube.com\/uesboficial&amp;source=gmail&amp;ust=1673024122491000&amp;usg=AOvVaw3O4hcYpgU_0YPCXuLaUTbg\">YouTube<\/a>.<\/p>\n<p style=\"text-align: justify;\">Em caso de d\u00favidas, entre em contato com a Comiss\u00e3o Permanente de Vestibular (Copeve) pelo (73) 3528-9695 e\u00a0<a href=\"mailto:copevejq@uesb.edu.br\" target=\"_blank\" rel=\"noopener\">copevejq@uesb.edu.br<\/a>, em Jequi\u00e9; (77) 3424-8721 e\u00a0<a href=\"mailto:vestibular@uesb.edu.br\" target=\"_blank\" rel=\"noopener\">vestibular@uesb.edu.br<\/a>, em Vit\u00f3ria da Conquista; (77) 3261-8604 e\u00a0<a href=\"mailto:copevit@uesb.edu.br\" target=\"_blank\" rel=\"noopener\">copevit@uesb.edu.br<\/a>, em Itapetinga.<\/p>\n<p style=\"text-align: justify;\"><a href=\"http:\/\/www.uesb.br\/noticias\/uesb-prorroga-inscricoes-do-vestibular-2023\/\" target=\"_blank\" rel=\"noopener\" data-saferedirecturl=\"https:\/\/www.google.com\/url?q=http:\/\/www.uesb.br\/noticias\/uesb-prorroga-inscricoes-do-vestibular-2023\/&amp;source=gmail&amp;ust=1673024122491000&amp;usg=AOvVaw1RsAMtNADwG5_4TtxY-qfH\"><b>Leia no site<\/b><\/a><\/p>\n","protected":false},"excerpt":{"rendered":"<p>&nbsp; O per\u00edodo para garantir a inscri\u00e7\u00e3o no Vestibular Uesb 2023 foi prolongado. Por meio da\u00a0Portaria 012\/2023,\u00a0a Uesb prorroga o per\u00edodo de inscri\u00e7\u00e3o at\u00e9 10 de janeiro.\u00a0Os interessados devem se inscrever, exclusivamente, pela internet, no\u00a0link dispon\u00edvel aqui. Ap\u00f3s preencher o formul\u00e1rio de inscri\u00e7\u00e3o, o candidato dever\u00e1 imprimir o boleto banc\u00e1rio e efetuar o pagamento da [&hellip;]<\/p>\n","protected":false},"author":2,"featured_media":112286,"comment_status":"open","ping_status":"open","sticky":false,"template":"","format":"standard","meta":[],"categories":[91,72],"tags":[],"_links":{"self":[{"href":"https:\/\/www.blogdopaulonunes.com\/v5\/index.php\/wp-json\/wp\/v2\/posts\/112285"}],"collection":[{"href":"https:\/\/www.blogdopaulonunes.com\/v5\/index.php\/wp-json\/wp\/v2\/posts"}],"about":[{"href":"https:\/\/www.blogdopaulonunes.com\/v5\/index.php\/wp-json\/wp\/v2\/types\/post"}],"author":[{"embeddable":true,"href":"https:\/\/www.blogdopaulonunes.com\/v5\/index.php\/wp-json\/wp\/v2\/users\/2"}],"replies":[{"embeddable":true,"href":"https:\/\/www.blogdopaulonunes.com\/v5\/index.php\/wp-json\/wp\/v2\/comments?post=112285"}],"version-history":[{"count":1,"href":"https:\/\/www.blogdopaulonunes.com\/v5\/index.php\/wp-json\/wp\/v2\/posts\/112285\/revisions"}],"predecessor-version":[{"id":112287,"href":"https:\/\/www.blogdopaulonunes.com\/v5\/index.php\/wp-json\/wp\/v2\/posts\/112285\/revisions\/112287"}],"wp:featuredmedia":[{"embeddable":true,"href":"https:\/\/www.blogdopaulonunes.com\/v5\/index.php\/wp-json\/wp\/v2\/media\/112286"}],"wp:attachment":[{"href":"https:\/\/www.blogdopaulonunes.com\/v5\/index.php\/wp-json\/wp\/v2\/media?parent=112285"}],"wp:term":[{"taxonomy":"category","embeddable":true,"href":"https:\/\/www.blogdopaulonunes.com\/v5\/index.php\/wp-json\/wp\/v2\/categories?post=112285"},{"taxonomy":"post_tag","embeddable":true,"href":"https:\/\/www.blogdopaulonunes.com\/v5\/index.php\/wp-json\/wp\/v2\/tags?post=112285"}],"curies":[{"name":"wp","href":"https:\/\/api.w.org\/{rel}","templated":true}]}}