{"id":112273,"date":"2023-01-04T16:27:12","date_gmt":"2023-01-04T19:27:12","guid":{"rendered":"https:\/\/www.blogdopaulonunes.com\/v5\/?p=112273"},"modified":"2023-01-04T16:27:12","modified_gmt":"2023-01-04T19:27:12","slug":"chefe-de-gabinete-do-governo-adolpho-loyola-destaca-prioridade-do-combate-a-fome-no-estado","status":"publish","type":"post","link":"https:\/\/www.blogdopaulonunes.com\/v5\/index.php\/2023\/01\/04\/chefe-de-gabinete-do-governo-adolpho-loyola-destaca-prioridade-do-combate-a-fome-no-estado\/","title":{"rendered":"Chefe de gabinete do Governo, Adolpho Loyola destaca prioridade do combate \u00e0 fome no estado"},"content":{"rendered":"<p style=\"text-align: justify;\">O ex-secret\u00e1rio de Comunica\u00e7\u00e3o do Partido dos Trabalhadores da Bahia e agora chefe de gabinete do Governo do Estado, Adolpho Loyola, afirmou na cerim\u00f4nia de posse dos secret\u00e1rios de estado que o combate \u00e0 fome ser\u00e1 a sua principal miss\u00e3o no novo cargo e que a gest\u00e3o de Jer\u00f4nimo Rodrigues ser\u00e1 pautada pelo amplo di\u00e1logo com os movimentos sociais, deputados, prefeitos e vereadores.<\/p>\n<p style=\"text-align: justify;\">\u201c\u00c9 um desafio que o governador me deu e estou preparado para isso. Vamos abrir o gabinete para falar com os movimentos sociais, para falar com os deputados estaduais, os prefeitos, os vereadores\u201d, disse o atual chefe de gabinete, que destacou: \u201cTemos uma tarefa, erradicar a fome na Bahia. N\u00f3s vamos trabalhar com isso. Ser\u00e3o 365 dias ininterruptos neste primeiro ano para erradicar a fome na Bahia\u201d, disse ao Bahia.Ba.<\/p>\n<p style=\"text-align: justify;\">Para isso, Adolpho afirmou ainda que o Governo do Estado vai contar com o apoio do Governo Federal, al\u00e9m de mais de 20 deputados da base de Jer\u00f4nimo na C\u00e2mara. \u201cTemos o ministro chefe da Casa Civil, Rui Costa, temos o l\u00edder do governo no Senado, Jaques Wagner\u201d, afirmou o chefe de gabinete, que acrescentou ainda que a gest\u00e3o vai conversar com outros 19 parlamentares sobre a import\u00e2ncia do enfrentamento \u00e0 fome no estado.<\/p>\n","protected":false},"excerpt":{"rendered":"<p>O ex-secret\u00e1rio de Comunica\u00e7\u00e3o do Partido dos Trabalhadores da Bahia e agora chefe de gabinete do Governo do Estado, Adolpho Loyola, afirmou na cerim\u00f4nia de posse dos secret\u00e1rios de estado que o combate \u00e0 fome ser\u00e1 a sua principal miss\u00e3o no novo cargo e que a gest\u00e3o de Jer\u00f4nimo Rodrigues ser\u00e1 pautada pelo amplo di\u00e1logo [&hellip;]<\/p>\n","protected":false},"author":2,"featured_media":112274,"comment_status":"open","ping_status":"open","sticky":false,"template":"","format":"standard","meta":[],"categories":[74,71],"tags":[],"_links":{"self":[{"href":"https:\/\/www.blogdopaulonunes.com\/v5\/index.php\/wp-json\/wp\/v2\/posts\/112273"}],"collection":[{"href":"https:\/\/www.blogdopaulonunes.com\/v5\/index.php\/wp-json\/wp\/v2\/posts"}],"about":[{"href":"https:\/\/www.blogdopaulonunes.com\/v5\/index.php\/wp-json\/wp\/v2\/types\/post"}],"author":[{"embeddable":true,"href":"https:\/\/www.blogdopaulonunes.com\/v5\/index.php\/wp-json\/wp\/v2\/users\/2"}],"replies":[{"embeddable":true,"href":"https:\/\/www.blogdopaulonunes.com\/v5\/index.php\/wp-json\/wp\/v2\/comments?post=112273"}],"version-history":[{"count":1,"href":"https:\/\/www.blogdopaulonunes.com\/v5\/index.php\/wp-json\/wp\/v2\/posts\/112273\/revisions"}],"predecessor-version":[{"id":112275,"href":"https:\/\/www.blogdopaulonunes.com\/v5\/index.php\/wp-json\/wp\/v2\/posts\/112273\/revisions\/112275"}],"wp:featuredmedia":[{"embeddable":true,"href":"https:\/\/www.blogdopaulonunes.com\/v5\/index.php\/wp-json\/wp\/v2\/media\/112274"}],"wp:attachment":[{"href":"https:\/\/www.blogdopaulonunes.com\/v5\/index.php\/wp-json\/wp\/v2\/media?parent=112273"}],"wp:term":[{"taxonomy":"category","embeddable":true,"href":"https:\/\/www.blogdopaulonunes.com\/v5\/index.php\/wp-json\/wp\/v2\/categories?post=112273"},{"taxonomy":"post_tag","embeddable":true,"href":"https:\/\/www.blogdopaulonunes.com\/v5\/index.php\/wp-json\/wp\/v2\/tags?post=112273"}],"curies":[{"name":"wp","href":"https:\/\/api.w.org\/{rel}","templated":true}]}}