{"id":112270,"date":"2023-01-04T15:48:02","date_gmt":"2023-01-04T18:48:02","guid":{"rendered":"https:\/\/www.blogdopaulonunes.com\/v5\/?p=112270"},"modified":"2023-01-04T16:23:46","modified_gmt":"2023-01-04T19:23:46","slug":"xando-repudia-vandalismo-em-terreiro-de-candomble-em-vitoria-da-conquista-ba","status":"publish","type":"post","link":"https:\/\/www.blogdopaulonunes.com\/v5\/index.php\/2023\/01\/04\/xando-repudia-vandalismo-em-terreiro-de-candomble-em-vitoria-da-conquista-ba\/","title":{"rendered":"Xand\u00f3 repudia vandalismo em Terreiro de Candombl\u00e9 em Vit\u00f3ria da Conquista-BA"},"content":{"rendered":"<p style=\"text-align: justify;\">Entre a noite do dia 31 de dezembro e 01 de janeiro um homem invadiu e depredou um Terreiro de Candombl\u00e9 no bairro Vila Elisa. Foram destru\u00eddas imagens religiosas, quartinhas, Igb\u00e1s dos Santos, roupas de ax\u00e9, atabaques, fios de conta, m\u00e1quina de costura, geladeira, fog\u00e3o, e outros objetos. At\u00e9 a comida que estava na geladeira e nas dispensas foi jogada no ch\u00e3o e destru\u00edda.<\/p>\n<p style=\"text-align: justify;\">O Vereador Alexandre Xand\u00f3 (PT), esteve no Terreiro de Xang\u00f4 prestando apoio ao Tata Lucas e disse ao blog: &#8220;de 2019 pra c\u00e1, tivemos todos os anos algum grande caso de ataque \u00e0s Religi\u00f5es de Matriz Africana. At\u00e9 quando a Pol\u00edcia e o Minist\u00e9rio P\u00fablico v\u00e3o ficar de bra\u00e7os cruzados? De todos os casos que acompanhei, ningu\u00e9m foi sequer processado e muito menos condenado. A\u00ed a gente olha o boletim de ocorr\u00eancia e t\u00e1 l\u00e1 escrito como crime de dano. N\u00e3o h\u00e1 nenhuma refer\u00eancia ao racismo, ao crime contra o sentimento religioso e \u00e0 invas\u00e3o de domic\u00edlio. A\u00ed se voc\u00ea for procurar as estat\u00edsticas sobre crimes contra o povo de candombl\u00e9 em conquista, elas n\u00e3o existem, pois \u00e9 tudo camuflado. \u00c9 isso que n\u00f3s chamamos de racismo institucional.&#8221;<br \/>\nO Vereador disse ainda que vai levar o caso ao conhecimento da Secretaria de Justi\u00e7a e Direitos Humanos do Estado da Bahia<\/p>\n","protected":false},"excerpt":{"rendered":"<p>Entre a noite do dia 31 de dezembro e 01 de janeiro um homem invadiu e depredou um Terreiro de Candombl\u00e9 no bairro Vila Elisa. Foram destru\u00eddas imagens religiosas, quartinhas, Igb\u00e1s dos Santos, roupas de ax\u00e9, atabaques, fios de conta, m\u00e1quina de costura, geladeira, fog\u00e3o, e outros objetos. At\u00e9 a comida que estava na geladeira [&hellip;]<\/p>\n","protected":false},"author":2,"featured_media":112271,"comment_status":"open","ping_status":"open","sticky":false,"template":"","format":"standard","meta":[],"categories":[110,71],"tags":[],"_links":{"self":[{"href":"https:\/\/www.blogdopaulonunes.com\/v5\/index.php\/wp-json\/wp\/v2\/posts\/112270"}],"collection":[{"href":"https:\/\/www.blogdopaulonunes.com\/v5\/index.php\/wp-json\/wp\/v2\/posts"}],"about":[{"href":"https:\/\/www.blogdopaulonunes.com\/v5\/index.php\/wp-json\/wp\/v2\/types\/post"}],"author":[{"embeddable":true,"href":"https:\/\/www.blogdopaulonunes.com\/v5\/index.php\/wp-json\/wp\/v2\/users\/2"}],"replies":[{"embeddable":true,"href":"https:\/\/www.blogdopaulonunes.com\/v5\/index.php\/wp-json\/wp\/v2\/comments?post=112270"}],"version-history":[{"count":1,"href":"https:\/\/www.blogdopaulonunes.com\/v5\/index.php\/wp-json\/wp\/v2\/posts\/112270\/revisions"}],"predecessor-version":[{"id":112272,"href":"https:\/\/www.blogdopaulonunes.com\/v5\/index.php\/wp-json\/wp\/v2\/posts\/112270\/revisions\/112272"}],"wp:featuredmedia":[{"embeddable":true,"href":"https:\/\/www.blogdopaulonunes.com\/v5\/index.php\/wp-json\/wp\/v2\/media\/112271"}],"wp:attachment":[{"href":"https:\/\/www.blogdopaulonunes.com\/v5\/index.php\/wp-json\/wp\/v2\/media?parent=112270"}],"wp:term":[{"taxonomy":"category","embeddable":true,"href":"https:\/\/www.blogdopaulonunes.com\/v5\/index.php\/wp-json\/wp\/v2\/categories?post=112270"},{"taxonomy":"post_tag","embeddable":true,"href":"https:\/\/www.blogdopaulonunes.com\/v5\/index.php\/wp-json\/wp\/v2\/tags?post=112270"}],"curies":[{"name":"wp","href":"https:\/\/api.w.org\/{rel}","templated":true}]}}