{"id":111932,"date":"2022-11-18T20:25:29","date_gmt":"2022-11-18T23:25:29","guid":{"rendered":"https:\/\/www.blogdopaulonunes.com\/v5\/?p=111932"},"modified":"2022-12-12T21:32:05","modified_gmt":"2022-12-13T00:32:05","slug":"13-mil-alunas-vao-receber-absorventes-gratuitamente-em-vitoria-da-conquista","status":"publish","type":"post","link":"https:\/\/www.blogdopaulonunes.com\/v5\/index.php\/2022\/11\/18\/13-mil-alunas-vao-receber-absorventes-gratuitamente-em-vitoria-da-conquista\/","title":{"rendered":"13 mil alunas v\u00e3o receber absorventes gratuitamente em Vit\u00f3ria da Conquista"},"content":{"rendered":"<figure id=\"attachment_662598\" class=\"relative wp-caption aligncenter\"><a class=\"cboxElement\" href=\"https:\/\/img.blogdoanderson.com\/2022\/11\/SL-03.jpg\"><img loading=\"lazy\" class=\"size-medium wp-image-662598 colorbox-662597\" src=\"https:\/\/img.blogdoanderson.com\/2022\/11\/SL-03-420x280.jpg\" sizes=\"(max-width: 420px) 100vw, 420px\" srcset=\"https:\/\/img.blogdoanderson.com\/2022\/11\/SL-03-420x280.jpg 420w, https:\/\/img.blogdoanderson.com\/2022\/11\/SL-03.jpg 700w\" alt=\"\" width=\"420\" height=\"280\" \/><\/a><figcaption class=\"caption wp-caption-text\">Fotos: SECOM | PMVC<\/figcaption><\/figure>\n<p style=\"text-align: justify;\"><em>\u201cVamos seguir juntas e mostrar \u00e0 sociedade que mulheres unidas em prol de uma causa coletiva sempre resultar\u00e1 em grandes benef\u00edcios para toda a sociedade. Vamos juntas, meninas e mulheres, Vit\u00f3ria da Conquista seguir\u00e1 com menos injusti\u00e7a social a partir de agora\u201d<\/em>. Com essas palavras, Milena Santos, estudante da Escola Municipal Ridalva Correia de Melo, se dirigiu \u00e0 prefeita Ana Sheila Lemos Andrade durante a cerim\u00f4nia que marcou o in\u00edcio da distribui\u00e7\u00e3o de absorventes \u00e0s alunas da rede municipal de ensino, na tarde desta quinta-feira (17).<\/p>\n<p style=\"text-align: justify;\"><em>\u201cDignidade menstrual \u00e9 uma quest\u00e3o de todos, e uma rede municipal de educa\u00e7\u00e3o que tem uma prefeita que nos olha, que enxerga as nossas reais necessidades, \u00e9 uma alegria muito grande para todos n\u00f3s\u201d,<\/em>\u00a0completou Milena. Antes de seu pronunciamento, a prefeita Sheila Lemos abra\u00e7ou Milena e os outros dois estudantes que tamb\u00e9m usaram o microfone para falar sobre a a\u00e7\u00e3o: Vanderlei Oliveira e Acsa Helena Lima. A gestora parabenizou os alunos pela coragem n\u00e3o apenas de falar em p\u00fablico, mas de quebrar os tabus para falar com naturalidade sobre a dignidade menstrual, tema do Programa Municipal de Distribui\u00e7\u00e3o de Absorventes Higi\u00eanicos (PDAH).\u00a0<em>\u201cUm dia hist\u00f3rico para Vit\u00f3ria da Conquista. Como mulher, muito me orgulho de iniciar hoje a distribui\u00e7\u00e3o de absorventes para 13.404 alunas da rede municipal. Foi preciso muita vontade pol\u00edtica e uni\u00e3o de for\u00e7as para que este projeto finalmente se concretizasse.<\/em><\/p>\n<p><a class=\"cboxElement\" href=\"https:\/\/img.blogdoanderson.com\/2022\/11\/SL-02.jpg\"><img loading=\"lazy\" class=\"aligncenter size-medium wp-image-662600 colorbox-662597\" src=\"https:\/\/img.blogdoanderson.com\/2022\/11\/SL-02-420x280.jpg\" sizes=\"(max-width: 420px) 100vw, 420px\" srcset=\"https:\/\/img.blogdoanderson.com\/2022\/11\/SL-02-420x280.jpg 420w, https:\/\/img.blogdoanderson.com\/2022\/11\/SL-02.jpg 700w\" alt=\"\" width=\"420\" height=\"280\" \/><\/a><\/p>\n<p style=\"text-align: justify;\"><em>Com ele, desejo que tamb\u00e9m se torne real um mundo um pouco mais justo para as nossas meninas e mulheres\u201d,\u00a0<\/em>disse a prefeita. Com essa iniciativa, Sheila resolve um problema apontado pelo Fundo das Na\u00e7\u00f5es Unidas para a Inf\u00e2ncia, que diz que uma em cada quatro meninas no Brasil deixa de ir \u00e0 escola quando est\u00e3o menstruadas, por falta de condi\u00e7\u00f5es financeiras para comprar os absorventes. A estimativa \u00e9 que, ao longo do ano, as meninas percam 45 dias letivos por conta da pobreza menstrual. Na rede municipal de ensino de Vit\u00f3ria da Conquista, essa realidade acaba de ficar para tr\u00e1s.<\/p>\n","protected":false},"excerpt":{"rendered":"<p>Fotos: SECOM | PMVC \u201cVamos seguir juntas e mostrar \u00e0 sociedade que mulheres unidas em prol de uma causa coletiva sempre resultar\u00e1 em grandes benef\u00edcios para toda a sociedade. Vamos juntas, meninas e mulheres, Vit\u00f3ria da Conquista seguir\u00e1 com menos injusti\u00e7a social a partir de agora\u201d. Com essas palavras, Milena Santos, estudante da Escola Municipal [&hellip;]<\/p>\n","protected":false},"author":2,"featured_media":111933,"comment_status":"open","ping_status":"open","sticky":false,"template":"","format":"standard","meta":[],"categories":[104,71],"tags":[],"_links":{"self":[{"href":"https:\/\/www.blogdopaulonunes.com\/v5\/index.php\/wp-json\/wp\/v2\/posts\/111932"}],"collection":[{"href":"https:\/\/www.blogdopaulonunes.com\/v5\/index.php\/wp-json\/wp\/v2\/posts"}],"about":[{"href":"https:\/\/www.blogdopaulonunes.com\/v5\/index.php\/wp-json\/wp\/v2\/types\/post"}],"author":[{"embeddable":true,"href":"https:\/\/www.blogdopaulonunes.com\/v5\/index.php\/wp-json\/wp\/v2\/users\/2"}],"replies":[{"embeddable":true,"href":"https:\/\/www.blogdopaulonunes.com\/v5\/index.php\/wp-json\/wp\/v2\/comments?post=111932"}],"version-history":[{"count":3,"href":"https:\/\/www.blogdopaulonunes.com\/v5\/index.php\/wp-json\/wp\/v2\/posts\/111932\/revisions"}],"predecessor-version":[{"id":111936,"href":"https:\/\/www.blogdopaulonunes.com\/v5\/index.php\/wp-json\/wp\/v2\/posts\/111932\/revisions\/111936"}],"wp:featuredmedia":[{"embeddable":true,"href":"https:\/\/www.blogdopaulonunes.com\/v5\/index.php\/wp-json\/wp\/v2\/media\/111933"}],"wp:attachment":[{"href":"https:\/\/www.blogdopaulonunes.com\/v5\/index.php\/wp-json\/wp\/v2\/media?parent=111932"}],"wp:term":[{"taxonomy":"category","embeddable":true,"href":"https:\/\/www.blogdopaulonunes.com\/v5\/index.php\/wp-json\/wp\/v2\/categories?post=111932"},{"taxonomy":"post_tag","embeddable":true,"href":"https:\/\/www.blogdopaulonunes.com\/v5\/index.php\/wp-json\/wp\/v2\/tags?post=111932"}],"curies":[{"name":"wp","href":"https:\/\/api.w.org\/{rel}","templated":true}]}}