{"id":111767,"date":"2022-12-02T04:20:11","date_gmt":"2022-12-02T07:20:11","guid":{"rendered":"https:\/\/www.blogdopaulonunes.com\/v5\/?p=111767"},"modified":"2022-12-02T04:20:11","modified_gmt":"2022-12-02T07:20:11","slug":"processo-eleitoral-para-prefeito-comeca-dia-dois-de-janeiro-de-2023-afirma-presidente-do-pt-bahia","status":"publish","type":"post","link":"https:\/\/www.blogdopaulonunes.com\/v5\/index.php\/2022\/12\/02\/processo-eleitoral-para-prefeito-comeca-dia-dois-de-janeiro-de-2023-afirma-presidente-do-pt-bahia\/","title":{"rendered":"\u201cProcesso eleitoral para prefeito come\u00e7a dia dois de janeiro de 2023\u201d, afirma presidente do PT Bahia"},"content":{"rendered":"<p style=\"text-align: justify;\">A partir do dia dois de janeiro de 2023 os palanques do Partido dos Trabalhadores da Bahia, das legendas aliadas e da Federa\u00e7\u00e3o Brasil da Esperan\u00e7a, formada pelo PT, PV e PCdoB, come\u00e7am a ser constru\u00eddos na Bahia, de acordo com o presidente estadual do PT, \u00c9den Valadares, que falou sobre o pr\u00f3ximo processo eleitoral nos munic\u00edpios do estado em entrevista ao podcast Projeto Prisma, do Bahia Not\u00edcias, nesta quarta-feira, 30. \u201cO processo eleitoral para prefeito come\u00e7a dia dois de janeiro de 2023\u201d, afirmou o dirigente estadual.<\/p>\n<p style=\"text-align: justify;\">\u201cQual o nosso pacto? Falei na reuni\u00e3o do nosso conselho pol\u00edtico, da nossa Federa\u00e7\u00e3o, a todo mundo, e fizemos um pacto: N\u00f3s n\u00e3o vamos esperar o calend\u00e1rio eleitoral para come\u00e7ar a discutir e, vou chamar assim, \u201corganizar o nosso \u2018baba\u2019\u201d. No m\u00ednimo, colocar as traves no lugar\u201d, disse \u00c9den, que exemplificou a import\u00e2ncia de iniciar as articula\u00e7\u00f5es j\u00e1 no in\u00edcio do pr\u00f3ximo ano: \u201cN\u00e3o se disputa a prefeitura de Salvador na conven\u00e7\u00e3o de 2024, \u00e9 um processo que deve se iniciar no dia dois de janeiro\u201d.<!--more--><\/p>\n<p style=\"text-align: justify;\">O dirigente estadual afirmou que \u00e9 importante saber aproveitar o saldo da campanha vitoriosa do PT ao governo do estado, que elegeu Jer\u00f4nimo Rodrigues, para iniciar o processo de discuss\u00e3o das sucess\u00f5es municipais. \u201cA elei\u00e7\u00e3o \u00e9 vitoriosa, n\u00f3s temos que celebrar a milit\u00e2ncia. A milit\u00e2ncia do PT, dos nossos partidos merecem celebrar a vit\u00f3ria. Tenho dito isso nos nossos f\u00f3runs: n\u00e3o podemos sair de uma vit\u00f3ria desse tamanho achando motivo para perder\u201d, destacou \u00c9den ao afirmar que \u00e9 necess\u00e1rio \u201ctirar aprendizado\u201d do resultado do pleito deste ano.<\/p>\n","protected":false},"excerpt":{"rendered":"<p>A partir do dia dois de janeiro de 2023 os palanques do Partido dos Trabalhadores da Bahia, das legendas aliadas e da Federa\u00e7\u00e3o Brasil da Esperan\u00e7a, formada pelo PT, PV e PCdoB, come\u00e7am a ser constru\u00eddos na Bahia, de acordo com o presidente estadual do PT, \u00c9den Valadares, que falou sobre o pr\u00f3ximo processo eleitoral [&hellip;]<\/p>\n","protected":false},"author":2,"featured_media":111768,"comment_status":"open","ping_status":"open","sticky":false,"template":"","format":"standard","meta":[],"categories":[112,71],"tags":[],"_links":{"self":[{"href":"https:\/\/www.blogdopaulonunes.com\/v5\/index.php\/wp-json\/wp\/v2\/posts\/111767"}],"collection":[{"href":"https:\/\/www.blogdopaulonunes.com\/v5\/index.php\/wp-json\/wp\/v2\/posts"}],"about":[{"href":"https:\/\/www.blogdopaulonunes.com\/v5\/index.php\/wp-json\/wp\/v2\/types\/post"}],"author":[{"embeddable":true,"href":"https:\/\/www.blogdopaulonunes.com\/v5\/index.php\/wp-json\/wp\/v2\/users\/2"}],"replies":[{"embeddable":true,"href":"https:\/\/www.blogdopaulonunes.com\/v5\/index.php\/wp-json\/wp\/v2\/comments?post=111767"}],"version-history":[{"count":1,"href":"https:\/\/www.blogdopaulonunes.com\/v5\/index.php\/wp-json\/wp\/v2\/posts\/111767\/revisions"}],"predecessor-version":[{"id":111769,"href":"https:\/\/www.blogdopaulonunes.com\/v5\/index.php\/wp-json\/wp\/v2\/posts\/111767\/revisions\/111769"}],"wp:featuredmedia":[{"embeddable":true,"href":"https:\/\/www.blogdopaulonunes.com\/v5\/index.php\/wp-json\/wp\/v2\/media\/111768"}],"wp:attachment":[{"href":"https:\/\/www.blogdopaulonunes.com\/v5\/index.php\/wp-json\/wp\/v2\/media?parent=111767"}],"wp:term":[{"taxonomy":"category","embeddable":true,"href":"https:\/\/www.blogdopaulonunes.com\/v5\/index.php\/wp-json\/wp\/v2\/categories?post=111767"},{"taxonomy":"post_tag","embeddable":true,"href":"https:\/\/www.blogdopaulonunes.com\/v5\/index.php\/wp-json\/wp\/v2\/tags?post=111767"}],"curies":[{"name":"wp","href":"https:\/\/api.w.org\/{rel}","templated":true}]}}