{"id":111673,"date":"2022-11-26T03:47:40","date_gmt":"2022-11-26T06:47:40","guid":{"rendered":"https:\/\/www.blogdopaulonunes.com\/v5\/?p=111673"},"modified":"2022-11-26T03:47:40","modified_gmt":"2022-11-26T06:47:40","slug":"depois-da-derrota-de-bolsonaro-caixa-muda-regras-do-consignado-e-corta-liberacao-de-credito","status":"publish","type":"post","link":"https:\/\/www.blogdopaulonunes.com\/v5\/index.php\/2022\/11\/26\/depois-da-derrota-de-bolsonaro-caixa-muda-regras-do-consignado-e-corta-liberacao-de-credito\/","title":{"rendered":"Depois da derrota de Bolsonaro, Caixa muda regras do consignado e corta libera\u00e7\u00e3o de cr\u00e9dito"},"content":{"rendered":"<p style=\"text-align: justify;\">Ap\u00f3s a derrota de Jair Bolsonaro (PL) nas elei\u00e7\u00f5es, a Caixa Econ\u00f4mica Federal mudou regras e cortou a libera\u00e7\u00e3o de cr\u00e9dito consignado do Aux\u00edlio Brasil. O banco tamb\u00e9m suspendeu outras modalidades de empr\u00e9stimos que vinham sendo concedidas para clientes com alto risco de inadimpl\u00eancia.<\/p>\n<p style=\"text-align: justify;\">Publicamente, a Caixa n\u00e3o anunciou nenhuma altera\u00e7\u00e3o no consignado do Aux\u00edlio \u2014 modalidade que foi iniciada ap\u00f3s o primeiro turno e despejou bilh\u00f5es antes da rodada final das elei\u00e7\u00f5es. Mas orienta\u00e7\u00f5es internas do banco e mudan\u00e7as nos sistemas indicam um corte maci\u00e7o na libera\u00e7\u00e3o de dinheiro. Em 14 de novembro, a institui\u00e7\u00e3o mandou um comunicado interno para ag\u00eancias e correspondentes banc\u00e1rios informando que atualizou a lista de pessoas impedidas de contratar o consignado do Aux\u00edlio.<\/p>\n<p style=\"text-align: justify;\">Al\u00e9m das mudan\u00e7as no consignado do Aux\u00edlio, pelo menos tr\u00eas linhas de cr\u00e9dito para clientes com maior propens\u00e3o \u00e0 inadimpl\u00eancia (&#8220;rating C&#8221; na classifica\u00e7\u00e3o da Caixa) foram interrompidas ap\u00f3s a derrota de Bolsonaro, sem explica\u00e7\u00e3o. Em 9 de novembro, as ag\u00eancias receberam comunicados informando que a &#8220;modalidade [foi] suspensa por tempo indeterminado&#8221;.<!--more--><\/p>\n<p style=\"text-align: justify;\">A interrup\u00e7\u00e3o chamou a aten\u00e7\u00e3o porque as linhas de cr\u00e9dito eram antigas. Al\u00e9m disso, a medida foi anunciada no dia seguinte a uma queda geral do sistema do banco, que afetou ag\u00eancias e lot\u00e9ricas de todo o pa\u00eds, algo at\u00edpico. A Caixa negou que os epis\u00f3dios tenham rela\u00e7\u00e3o. Sobre as mudan\u00e7as nas regras dos empr\u00e9stimos.<\/p>\n<p style=\"text-align: justify;\">Sobre as mudan\u00e7as nas regras dos empr\u00e9stimos, a Caixa disse apenas que &#8220;a concess\u00e3o de cr\u00e9dito obedece a crit\u00e9rios internos de governan\u00e7a, com base no contexto de mercado, no monitoramento de seus produtos e nas estrat\u00e9gias do banco&#8221;.<\/p>\n","protected":false},"excerpt":{"rendered":"<p>Ap\u00f3s a derrota de Jair Bolsonaro (PL) nas elei\u00e7\u00f5es, a Caixa Econ\u00f4mica Federal mudou regras e cortou a libera\u00e7\u00e3o de cr\u00e9dito consignado do Aux\u00edlio Brasil. O banco tamb\u00e9m suspendeu outras modalidades de empr\u00e9stimos que vinham sendo concedidas para clientes com alto risco de inadimpl\u00eancia. Publicamente, a Caixa n\u00e3o anunciou nenhuma altera\u00e7\u00e3o no consignado do Aux\u00edlio [&hellip;]<\/p>\n","protected":false},"author":2,"featured_media":111674,"comment_status":"open","ping_status":"open","sticky":false,"template":"","format":"standard","meta":[],"categories":[23,105],"tags":[],"_links":{"self":[{"href":"https:\/\/www.blogdopaulonunes.com\/v5\/index.php\/wp-json\/wp\/v2\/posts\/111673"}],"collection":[{"href":"https:\/\/www.blogdopaulonunes.com\/v5\/index.php\/wp-json\/wp\/v2\/posts"}],"about":[{"href":"https:\/\/www.blogdopaulonunes.com\/v5\/index.php\/wp-json\/wp\/v2\/types\/post"}],"author":[{"embeddable":true,"href":"https:\/\/www.blogdopaulonunes.com\/v5\/index.php\/wp-json\/wp\/v2\/users\/2"}],"replies":[{"embeddable":true,"href":"https:\/\/www.blogdopaulonunes.com\/v5\/index.php\/wp-json\/wp\/v2\/comments?post=111673"}],"version-history":[{"count":1,"href":"https:\/\/www.blogdopaulonunes.com\/v5\/index.php\/wp-json\/wp\/v2\/posts\/111673\/revisions"}],"predecessor-version":[{"id":111675,"href":"https:\/\/www.blogdopaulonunes.com\/v5\/index.php\/wp-json\/wp\/v2\/posts\/111673\/revisions\/111675"}],"wp:featuredmedia":[{"embeddable":true,"href":"https:\/\/www.blogdopaulonunes.com\/v5\/index.php\/wp-json\/wp\/v2\/media\/111674"}],"wp:attachment":[{"href":"https:\/\/www.blogdopaulonunes.com\/v5\/index.php\/wp-json\/wp\/v2\/media?parent=111673"}],"wp:term":[{"taxonomy":"category","embeddable":true,"href":"https:\/\/www.blogdopaulonunes.com\/v5\/index.php\/wp-json\/wp\/v2\/categories?post=111673"},{"taxonomy":"post_tag","embeddable":true,"href":"https:\/\/www.blogdopaulonunes.com\/v5\/index.php\/wp-json\/wp\/v2\/tags?post=111673"}],"curies":[{"name":"wp","href":"https:\/\/api.w.org\/{rel}","templated":true}]}}