{"id":111670,"date":"2022-11-26T03:36:22","date_gmt":"2022-11-26T06:36:22","guid":{"rendered":"https:\/\/www.blogdopaulonunes.com\/v5\/?p=111670"},"modified":"2022-11-26T03:36:22","modified_gmt":"2022-11-26T06:36:22","slug":"humberto-costa-caos-na-saude-impoe-recomposicao-no-orcamento-para-2023","status":"publish","type":"post","link":"https:\/\/www.blogdopaulonunes.com\/v5\/index.php\/2022\/11\/26\/humberto-costa-caos-na-saude-impoe-recomposicao-no-orcamento-para-2023\/","title":{"rendered":"Humberto Costa: caos na sa\u00fade imp\u00f5e recomposi\u00e7\u00e3o no or\u00e7amento para 2023"},"content":{"rendered":"<p style=\"text-align: justify;\"><strong>Equipe de transi\u00e7\u00e3o defende restitui\u00e7\u00e3o de R$ 22,7 bi. \u201c\u00c9 o m\u00ednimo do m\u00ednimo\u201d para o SUS funcionar, afirmou Humberto Costa, em coletiva. Grupo de trabalho aponta destrui\u00e7\u00e3o do Programa Nacional de Imuniza<\/strong><\/p>\n<div class=\"single-post-main-content\">\n<p class=\"p2\" style=\"text-align: justify;\"><span class=\"s1\">O quadro de caos absoluto na \u00e1rea da sa\u00fade, resultado de quatro anos de desgoverno Bolsonaro \u00e9 grave, com efeitos nefastos em v\u00e1rias \u00e1reas e servi\u00e7os, da cobertura vacinal, ao desabastecimento de medicamentos, passando pelas filas para cirurgias acumuladas no Sistema \u00danico de Sa\u00fade (SUS). O diagn\u00f3stico foi apresentado em coletiva nesta sexta-feira (25) pelo grupo de trabalho da Equipe de Transi\u00e7\u00e3o para a \u00e1rea da sa\u00fade, integrada pelos ex-ministros Humberto Costa, Arthur Chioro, Jos\u00e9 Gomes Tempor\u00e3o e Alexandre Padilha, este \u00faltimo ausente no encontro.<\/span><\/p>\n<p class=\"p2\" style=\"text-align: justify;\"><span class=\"s1\">O grupo de trabalho salientou que \u00e9 fundamental a\u00a0<a href=\"https:\/\/pt.org.br\/pec-do-bolsa-familia-pode-recompor-orcamento-do-farmacia-popular\/\" target=\"_blank\" rel=\"noopener\">recomposi\u00e7\u00e3o de pelo menos R$ 22,7 bilh\u00f5es ao SUS<\/a>, recursos que representam o \u201cm\u00ednimo do m\u00ednimo\u201d para o sistema funcionar ano que vem, de acordo com o senador Humberto Costa (PT-PE).<\/span><\/p>\n<p class=\"p2\" style=\"text-align: justify;\"><span class=\"s1\">Humberto Costa apresentou um diagn\u00f3stico dos cortes operados pelo governo no or\u00e7amento da sa\u00fade para o pr\u00f3ximo ano. Houve redu\u00e7\u00f5es nas verbas de programas fundamentais como o\u00a0<a href=\"https:\/\/pt.org.br\/com-menor-orcamento-desde-2014-sus-precisa-de-r-22-bi-alerta-humberto-costa\/\" target=\"_blank\" rel=\"noopener\">Farm\u00e1cia Popular (59%), M\u00e9dicos pelo Brasil (51%), sa\u00fade ind\u00edgena (59%)<\/a>, entre outros.<\/span><\/p>\n<p class=\"p2\" style=\"text-align: justify;\"><span class=\"s1\">Ele tamb\u00e9m falou sobre as perdas impostas pelo teto de gastos no or\u00e7amento da sa\u00fade, que hoje j\u00e1 somam R$ 66 bilh\u00f5es em recursos retirados do SUS. \u201cN\u00e3o temos a op\u00e7\u00e3o de n\u00e3o aprovar essa folga or\u00e7ament\u00e1ria\u201d, explicou.<\/span><\/p>\n<h3 class=\"p2\"><span class=\"s1\"><b>Destrui\u00e7\u00e3o do Programa Nacional de Imuniza\u00e7\u00f5es<\/b><\/span><\/h3>\n<p class=\"p2\" style=\"text-align: justify;\"><span class=\"s1\">Uma dos quadros mais preocupantes identificados pelo grupo diz respeito ao Programa Nacional de Imuniza\u00e7\u00f5es (PNI), cuja tradi\u00e7\u00e3o de mais de quatro d\u00e9cadas foi praticamente aniquilada por Bolsonaro em apenas quatro anos. Na entrevista, Chioro\u00a0<a href=\"https:\/\/gabinetedatransicao.com.br\/noticias\/desmonte-na-saude-coloca-populacao-em-risco-por-falta-de-medicamentos-atendimento-e-vacinas\/\" target=\"_blank\" rel=\"noopener\">destacou a situa\u00e7\u00e3o de \u201cdescalabro\u201d em que se encontra o PNI<\/a>.<\/span><\/p>\n<p class=\"p2\" style=\"text-align: justify;\"><span class=\"s1\">\u201cAt\u00e9 o ano de 2015, o Brasil mantinha cobertura para todas as vacinas do calend\u00e1rio nacional superior a 95%, com exce\u00e7\u00e3o da vacina contra a febre amarela\u201d, apontou.<\/span><\/p>\n<p class=\"p2\" style=\"text-align: justify;\"><span class=\"s1\">\u201cO atual governo conseguiu praticamente destruir um esfor\u00e7o de quatro d\u00e9cadas e meia de um programa que se transformou em um modelo internacional\u201d, afirmou Arthur Chioro. \u201cH\u00e1 risco concreto de reemerg\u00eancias de doen\u00e7as que estavam erradicadas, como \u00e9 o caso da p\u00f3lio, e n\u00e3o h\u00e1 planejamento\u201d, apontou o ex-ministro.<\/span><\/p>\n<p><!--more--><\/p>\n<h3 class=\"p2\"><span class=\"s1\"><b>Doses de vacinas perto de vencer<\/b><\/span><\/h3>\n<p class=\"p2\"><span class=\"s1\">Chioro informou a imprensa que o Instituto Butantan, que responde pela produ\u00e7\u00e3o e distribui\u00e7\u00e3o de oito vacinas do calend\u00e1rio do PNI, n\u00e3o obteve orienta\u00e7\u00f5es da pasta da Sa\u00fade sobre o planejamento do programa em 2023.<\/span><\/p>\n<p class=\"p2\" style=\"text-align: justify;\"><span class=\"s1\">\u201cO Minist\u00e9rio distribui as doses e n\u00e3o sabe aonde essas doses est\u00e3o e seu prazo de validade. O que temos de informa\u00e7\u00e3o, e queremos comprovar com o pedido de documenta\u00e7\u00e3o que estamos fazendo, \u00e9 que milh\u00f5es de doses de vacina para covid est\u00e3o com prazo para vencer agora no fim do ano, e principalmente nas primeiras semanas de janeiro e fevereiro de 2023\u201d, comentou Chioro.<\/span><\/p>\n<p class=\"p2\" style=\"text-align: justify;\"><span class=\"s1\">\u201cTemos uma preocupa\u00e7\u00e3o com a vacina\u00e7\u00e3o, que est\u00e1 muito aqu\u00e9m do desejado para todas as faixas et\u00e1rias\u201d, informou o senador Humberto Costa.<\/span><\/p>\n<p class=\"p2\" style=\"text-align: justify;\"><span class=\"s1\">\u201cTemos seis milh\u00f5es de crian\u00e7as entre seis meses e dois anos. No entanto, foram distribu\u00eddas apenas um milh\u00e3o de doses para vacinar crian\u00e7as com comorbidades. O DataSus n\u00e3o tem registros desses dados. Estamos \u00e0s cegas, temos um milh\u00e3o de doses distribu\u00eddas e n\u00e3o sabemos nem se foram aplicadas\u201d, advertiu o senador. \u201cA vacina\u00e7\u00e3o entre crian\u00e7as preocupa porque est\u00e1 muito atrasada\u201d.<\/span><\/p>\n<h3 class=\"p2\"><span class=\"s1\"><b>Mortes por Covid<\/b><\/span><\/h3>\n<p class=\"p2\" style=\"text-align: justify;\"><span class=\"s1\">\u201cO argumento do governo de que n\u00e3o est\u00e3o morrendo crian\u00e7as por Covid-19 n\u00e3o \u00e9 verdadeiro\u201d, disse. \u201cEm m\u00e9dia, uma crian\u00e7a com menos de cinco anos de idade morre de Covid a cada dois dias. Essas crian\u00e7as poderiam estar vacinadas. Essa faixa et\u00e1ria representa 9% das interna\u00e7\u00f5es, segundo a Funda\u00e7\u00e3o Oswaldo Cruz\u201d.<\/span><\/p>\n<p class=\"p2\" style=\"text-align: justify;\"><span class=\"s1\">Costa salientou que, de modo geral,\u00a0<a href=\"https:\/\/pt.org.br\/omissao-criminosa-atraso-na-vacinacao-causou-a-morte-de-quase-50-mil-idosos\/\" target=\"_blank\" rel=\"noopener\">a vacina\u00e7\u00e3o est\u00e1 muito baixa<\/a>, principalmente no que diz respeito \u00e0 terceira dose, de refor\u00e7o. \u201c\u00c9 fundamental garantir vacinas a todas as crian\u00e7as e as doses de refor\u00e7o.<\/span><\/p>\n<h3 class=\"p2\"><span class=\"s1\"><b>Apag\u00e3o digital<\/b><\/span><\/h3>\n<p class=\"p2\" style=\"text-align: justify;\"><span class=\"s1\">Chioro tamb\u00e9m alertou para um apag\u00e3o digital no que diz respeito aos sistemas de informa\u00e7\u00e3o de sa\u00fade nos \u00e2mbitos federal, estadual e municipal.<\/span><\/p>\n<p class=\"p2\" style=\"text-align: justify;\"><span class=\"s1\">\u201cHoje vivemos uma crise no sistema de informa\u00e7\u00e3o, h\u00e1 uma inseguran\u00e7a cibern\u00e9tica, h\u00e1 um alto grau de imprecis\u00e3o\u201d, alertou.<\/span><\/p>\n<div class=\"related-news desktop\">\n<h3 class=\"related-news-title\">MAT\u00c9RIAS RELACIONADAS<\/h3>\n<ul class=\"related-news-list\">\n<li class=\"related-news-item\"><a class=\"related-news-item-link\" title=\"Transi\u00e7\u00e3o: veja aqui a rela\u00e7\u00e3o de parlamentares do PT que integram os grupos tem\u00e1ticos\" href=\"https:\/\/pt.org.br\/transicao-veja-aqui-a-relacao-de-parlamentares-do-pt-que-integram-os-grupos-tematicos\/\" target=\"_blank\" rel=\"noopener\"><span class=\"related-news-link-date\">25\/11\/2022<\/span><span class=\"related-news-link-title\">Transi\u00e7\u00e3o: veja aqui a rela\u00e7\u00e3o de parlamentares do PT que integram os grupos tem\u00e1ticos<\/span><\/a><\/li>\n<li class=\"related-news-item\"><a class=\"related-news-item-link\" title=\"M\u00e1 gest\u00e3o e falta de pessoal faz espera pelo BPC quadruplicar\" href=\"https:\/\/pt.org.br\/ma-gestao-e-falta-de-pessoal-faz-espera-pelo-bpc-quadruplicar\/\" target=\"_blank\" rel=\"noopener\"><span class=\"related-news-link-date\">25\/11\/2022<\/span><span class=\"related-news-link-title\">M\u00e1 gest\u00e3o e falta de pessoal faz espera pelo BPC quadruplicar<\/span><\/a><\/li>\n<li class=\"related-news-item\"><a class=\"related-news-item-link\" title=\"Governo Bolsonaro deixou moradia popular sem or\u00e7amento para 2023\" href=\"https:\/\/pt.org.br\/governo-bolsonaro-deixou-moradia-popular-sem-orcamento-para-2023\/\" target=\"_blank\" rel=\"noopener\"><span class=\"related-news-link-date\">25\/11\/2022<\/span><span class=\"related-news-link-title\">Governo Bolsonaro deixou moradia popular sem or\u00e7amento para 2023<\/span><\/a><\/li>\n<\/ul>\n<\/div>\n<h3 class=\"p2\"><span class=\"s1\"><b>Tribunal de Contas da Uni\u00e3o<\/b><\/span><\/h3>\n<p class=\"p2\" style=\"text-align: justify;\"><span class=\"s1\">O ex-ministro Jos\u00e9 Gomes Tempor\u00e3o falou sobre a reuni\u00e3o do grupo de trabalho com o presidente do TCU, Bruno Dantas.<\/span><\/p>\n<p class=\"p2\" style=\"text-align: justify;\"><span class=\"s1\">Entre os temas tratados, o relat\u00f3rio da CPI da Covid. \u201cExistem evid\u00eancias e documentos que apontam para crimes, omiss\u00f5es, situa\u00e7\u00f5es muito graves\u201d, sustentou Tempor\u00e3o.<\/span><\/p>\n<p class=\"p2\" style=\"text-align: justify;\"><span class=\"s1\">Ele tamb\u00e9m levantou a grave situa\u00e7\u00e3o de sucateamento dos hospitais federais do Minist\u00e9rio da Sa\u00fade no Rio de Janeiro. \u201cDurante a pandemia, essa rede federal teria sido fundamental como retaguarda, com leitos de terapia intensiva para interna\u00e7\u00f5es e isso n\u00e3o ocorreu\u201d.<\/span><\/p>\n<p class=\"p2\" style=\"text-align: justify;\"><span class=\"s1\">Tempor\u00e3o tamb\u00e9m chamou aten\u00e7\u00e3o o papel da comunica\u00e7\u00e3o negacionista do governo na pandemia, colocando em risco a vida da popula\u00e7\u00e3o, outro alvo de an\u00e1lise do TCU. O impacto da pandemia sobre ind\u00edgenas, quilombolas, crian\u00e7as, adolescentes e gestantes tamb\u00e9m foi analisado pelo tribunal, segundo Tempor\u00e3o.<\/span><\/p>\n<h3 class=\"p2\" style=\"text-align: justify;\"><span class=\"s1\"><b>Depend\u00eancia externa de tecnologia<\/b><\/span><\/h3>\n<p class=\"p2\" style=\"text-align: justify;\"><span class=\"s1\">O ex-ministro tamb\u00e9m apontou para a depend\u00eancia tecnol\u00f3gica que o pa\u00eds tem hoje na \u00e1rea de sa\u00fade, sendo obrigado a importar de 90% a 95% dos princ\u00edpios ativos utilizados na produ\u00e7\u00e3o de medicamentos. \u201cHouve uma pol\u00edtica, no governo Bolsonaro, de desindustrializa\u00e7\u00e3o que afetou o setor de sa\u00fade\u201d, observou.<\/span><\/p>\n<p class=\"p2\" style=\"text-align: justify;\"><span class=\"s1\">A retomada de uma politica industrial para o setor como uma estrat\u00e9gia de soberania sanit\u00e1ria e seguran\u00e7a nacional estar\u00e1 no centro das pol\u00edticas do pr\u00f3ximo governo, bem como o debate sobre um marco legal para a sa\u00fade, explicou Tempor\u00e3o.<\/span><\/p>\n<p class=\"p2\" style=\"text-align: justify;\"><span class=\"s1\">O desmantelamento da Anvisa, que hoje sofre defici\u00eancias t\u00e9cnicas e de pessoal, tamb\u00e9m foi discutido pelo grupo, assim como a crise de oferta de medicamentos no pa\u00eds e as filas no SUS.<\/span><\/p>\n<h3 class=\"p2\" style=\"text-align: justify;\"><span class=\"s1\"><b>Responsabilidade p\u00fablica<\/b><\/span><\/h3>\n<p class=\"p2\" style=\"text-align: justify;\"><span class=\"s1\">Coordenador do governo na transi\u00e7\u00e3o, Aloizio Mercadante, afirmou que \u00e9 papel do Estado cuidar para que a popula\u00e7\u00e3o brasileira receba atendimento digno no Sistema \u00danico de Sa\u00fade (SUS). \u201cO Estado brasileiro tem que ter responsabilidade p\u00fablica\u201d, disse o petista.<\/span><\/p>\n<p style=\"text-align: justify;\"><iframe loading=\"lazy\" title=\"&quot;Tomaremos todas as medidas necess\u00e1rias para reverter o quadro da sa\u00fade p\u00fablica&quot; Aloizio Mercadante\" src=\"https:\/\/www.youtube.com\/embed\/Bso6XE5uNX0?feature=oembed&amp;modestbranding=1&amp;showinfo=0&amp;rel=0\" width=\"500\" height=\"281\" frameborder=\"0\" allowfullscreen=\"allowfullscreen\" data-mce-fragment=\"1\"><\/iframe><\/p>\n<p class=\"p2\" style=\"text-align: justify;\"><span class=\"s1\">\u201cMinha primeira esposa morreu de c\u00e2ncer. Eu acordava todos os dias 5h da manh\u00e3 e ia para o SUS pegar uma guia. Esse tempo passou, O Estado brasileiro tem que prover um tratamento\u201d, disse. \u201cAs pessoas est\u00e3o na fila do c\u00e2ncer porque n\u00e3o conseguem rem\u00e9dio na Farm\u00e1cia Popular\u201d, bradou, emocionado. \u201cQue pa\u00eds queremos construir? N\u00e3o vamos aceitar essa situa\u00e7\u00e3o\u201d.<\/span><\/p>\n<p class=\"p2\" style=\"text-align: justify;\"><span class=\"s1\">\u201cVamos tomar todas as medidas necess\u00e1rias para n\u00e3o entrarmos em 2023 com esse n\u00edvel de inseguran\u00e7a e de desmonte para coisas vitais para a popula\u00e7\u00e3o\u201d, enfatizou. \u201c\u00c9 fundamental que o Senado e a C\u00e2mara estejam em posse das informa\u00e7\u00f5es para que a folha de pagamento rode para janeiro. Tem uma pandemia ressurgindo, crian\u00e7as sem vacina\u00e7\u00e3o\u201d.<\/span><\/p>\n<h3 class=\"p2\" style=\"text-align: justify;\"><span class=\"s1\"><b>Din\u00e2mica de trabalho<\/b><\/span><\/h3>\n<p class=\"p2\" style=\"text-align: justify;\"><span class=\"s1\">Chioro fez uma apresenta\u00e7\u00e3o na qual detalhou a din\u00e2mica do trabalho do grupo na transi\u00e7\u00e3o, apontando os esfor\u00e7os da equipe trabalha para identificar as vulnerabilidades da \u00e1rea da sa\u00fade. Ele destacou que o grupo cumpre uma extensa agenda de interlocu\u00e7\u00e3o com diversas entidades e representantes do setor da sa\u00fade.<\/span><\/p>\n<p class=\"p2\" style=\"text-align: justify;\"><span class=\"s1\">\u201cForam 12 audi\u00eancias com partidos pol\u00edticos, povos ind\u00edgenas, com complexo econ\u00f4mico e industrial da sa\u00fade, reunindo laborat\u00f3rios p\u00fablicos e universidades, lideran\u00e7as m\u00e9dicas, Tribunal de Contas da Uni\u00e3o (TCU), Minist\u00e9rio da Sa\u00fade, Anvisa, secret\u00e1rios municipais e estaduais, pesquisadores envolvidos no enfrentamento \u00e0 Covid-19 e comunicadores da \u00e1rea cient\u00edfica\u201d, elencou.<\/span><\/p>\n<p class=\"p2\" style=\"text-align: justify;\"><span class=\"s1\">Os integrantes ainda ir\u00e3o se reunir com representantes do setor de enfermagem, sa\u00fade mental, sa\u00fade suplementar, al\u00e9m do Conselho Nacional de Sa\u00fade, entidades de trabalhadores, sa\u00fade bucal.<\/span><\/p>\n<\/div>\n","protected":false},"excerpt":{"rendered":"<p>Equipe de transi\u00e7\u00e3o defende restitui\u00e7\u00e3o de R$ 22,7 bi. \u201c\u00c9 o m\u00ednimo do m\u00ednimo\u201d para o SUS funcionar, afirmou Humberto Costa, em coletiva. Grupo de trabalho aponta destrui\u00e7\u00e3o do Programa Nacional de Imuniza O quadro de caos absoluto na \u00e1rea da sa\u00fade, resultado de quatro anos de desgoverno Bolsonaro \u00e9 grave, com efeitos nefastos em [&hellip;]<\/p>\n","protected":false},"author":2,"featured_media":111671,"comment_status":"open","ping_status":"open","sticky":false,"template":"","format":"standard","meta":[],"categories":[23,105],"tags":[],"_links":{"self":[{"href":"https:\/\/www.blogdopaulonunes.com\/v5\/index.php\/wp-json\/wp\/v2\/posts\/111670"}],"collection":[{"href":"https:\/\/www.blogdopaulonunes.com\/v5\/index.php\/wp-json\/wp\/v2\/posts"}],"about":[{"href":"https:\/\/www.blogdopaulonunes.com\/v5\/index.php\/wp-json\/wp\/v2\/types\/post"}],"author":[{"embeddable":true,"href":"https:\/\/www.blogdopaulonunes.com\/v5\/index.php\/wp-json\/wp\/v2\/users\/2"}],"replies":[{"embeddable":true,"href":"https:\/\/www.blogdopaulonunes.com\/v5\/index.php\/wp-json\/wp\/v2\/comments?post=111670"}],"version-history":[{"count":1,"href":"https:\/\/www.blogdopaulonunes.com\/v5\/index.php\/wp-json\/wp\/v2\/posts\/111670\/revisions"}],"predecessor-version":[{"id":111672,"href":"https:\/\/www.blogdopaulonunes.com\/v5\/index.php\/wp-json\/wp\/v2\/posts\/111670\/revisions\/111672"}],"wp:featuredmedia":[{"embeddable":true,"href":"https:\/\/www.blogdopaulonunes.com\/v5\/index.php\/wp-json\/wp\/v2\/media\/111671"}],"wp:attachment":[{"href":"https:\/\/www.blogdopaulonunes.com\/v5\/index.php\/wp-json\/wp\/v2\/media?parent=111670"}],"wp:term":[{"taxonomy":"category","embeddable":true,"href":"https:\/\/www.blogdopaulonunes.com\/v5\/index.php\/wp-json\/wp\/v2\/categories?post=111670"},{"taxonomy":"post_tag","embeddable":true,"href":"https:\/\/www.blogdopaulonunes.com\/v5\/index.php\/wp-json\/wp\/v2\/tags?post=111670"}],"curies":[{"name":"wp","href":"https:\/\/api.w.org\/{rel}","templated":true}]}}