{"id":111627,"date":"2022-11-23T12:46:07","date_gmt":"2022-11-23T15:46:07","guid":{"rendered":"https:\/\/www.blogdopaulonunes.com\/v5\/?p=111627"},"modified":"2022-11-23T12:46:07","modified_gmt":"2022-11-23T15:46:07","slug":"governo-bolsonaro-corta-verba-e-agua-potavel-de-16-milhao-de-pessoas-no-nordeste-apos-eleicoes","status":"publish","type":"post","link":"https:\/\/www.blogdopaulonunes.com\/v5\/index.php\/2022\/11\/23\/governo-bolsonaro-corta-verba-e-agua-potavel-de-16-milhao-de-pessoas-no-nordeste-apos-eleicoes\/","title":{"rendered":"Governo Bolsonaro corta verba e \u00e1gua pot\u00e1vel de 1,6 milh\u00e3o de pessoas no Nordeste ap\u00f3s elei\u00e7\u00f5es"},"content":{"rendered":"<p style=\"text-align: justify;\">Ap\u00f3s as elei\u00e7\u00f5es, a opera\u00e7\u00e3o Carro-Pipa, que leva \u00e1gua pot\u00e1vel \u00e0s fam\u00edlias nordestinas h\u00e1 mais de 20 anos, teve os recursos cortados pelo governo do presidente Jair Bolsonaro (PL). De acordo com a planilha do Ex\u00e9rcito, 1,6 milh\u00e3o de pessoas em oito estados do Nordeste, teriam direito ao abastecimento neste \u00faltimo m\u00eas est\u00e3o prejudicadas.<\/p>\n<p style=\"text-align: justify;\">Segundo informa\u00e7\u00f5es do colunista Carlos Madeiro, do UOL, o primeiro estado a ter o abastecimento suspenso foi Alagoas. No caso de Pernambuco, Para\u00edba e Bahia, a paralisa\u00e7\u00e3o foi informada apenas na quinzena final de novembro, assim como como vem ocorrendo nos demais estados.<br \/>\nA opera\u00e7\u00e3o Carro-Pipa \u00e9 financiada com recursos do Ex\u00e9rcito Brasileiro em parceria com o MDR (Minist\u00e9rio do Desenvolvimento Regional). Al\u00e9m disso, ambos confirmaram que a suspens\u00e3o ocorreu por falta de verbas para continuidade.<!--more--><br \/>\nEm um documento do 72\u00ba Batalh\u00e3o de Infantaria Motorizado, com sede em Petrolina (PE), endere\u00e7ado a Defesas Civis de munic\u00edpios de Pernambuco e Bahia, o Ex\u00e9rcito informa que \u201co recebimento parcial de recursos financeiros para atender a execu\u00e7\u00e3o do servi\u00e7o ser\u00e1 somente para at\u00e9 o dia 15 de novembro corrente\u201d. O documento foi assinado pelo coronel Paulo Francisco Matheus de Oliveira no \u00faltimo dia 14.<\/p>\n<p><img loading=\"lazy\" class=\"wp-image-899773 size-full entered lazyloaded\" src=\"https:\/\/controle.diariodocentrodomundo.com.br\/wp-content\/uploads\/2022\/11\/documento-entregue-as-defesas-civis-dos-municipios-de-pe-e-ba-1669145593502_v2_750x1-jpg.webp\" sizes=\"(max-width: 750px) 100vw, 750px\" srcset=\"https:\/\/www.diariodocentrodomundo.com.br\/wp-content\/uploads\/2022\/11\/documento-entregue-as-defesas-civis-dos-municipios-de-pe-e-ba-1669145593502_v2_750x1-jpg.webp 750w, https:\/\/www.diariodocentrodomundo.com.br\/wp-content\/uploads\/2022\/11\/documento-entregue-as-defesas-civis-dos-municipios-de-pe-e-ba-1669145593502_v2_750x1-jpg-260x300.webp 260w, https:\/\/www.diariodocentrodomundo.com.br\/wp-content\/uploads\/2022\/11\/documento-entregue-as-defesas-civis-dos-municipios-de-pe-e-ba-1669145593502_v2_750x1-jpg-520x600.webp 520w, https:\/\/www.diariodocentrodomundo.com.br\/wp-content\/uploads\/2022\/11\/documento-entregue-as-defesas-civis-dos-municipios-de-pe-e-ba-1669145593502_v2_750x1-jpg-364x420.webp 364w, https:\/\/www.diariodocentrodomundo.com.br\/wp-content\/uploads\/2022\/11\/documento-entregue-as-defesas-civis-dos-municipios-de-pe-e-ba-1669145593502_v2_750x1-jpg-640x738.webp 640w, https:\/\/www.diariodocentrodomundo.com.br\/wp-content\/uploads\/2022\/11\/documento-entregue-as-defesas-civis-dos-municipios-de-pe-e-ba-1669145593502_v2_750x1-jpg-681x785.webp 681w, https:\/\/www.diariodocentrodomundo.com.br\/wp-content\/uploads\/2022\/11\/documento-entregue-as-defesas-civis-dos-municipios-de-pe-e-ba-1669145593502_v2_750x1-jpg-150x173.webp 150w\" alt=\"\" width=\"750\" height=\"865\" data-lazy-srcset=\"https:\/\/www.diariodocentrodomundo.com.br\/wp-content\/uploads\/2022\/11\/documento-entregue-as-defesas-civis-dos-municipios-de-pe-e-ba-1669145593502_v2_750x1-jpg.webp 750w, https:\/\/www.diariodocentrodomundo.com.br\/wp-content\/uploads\/2022\/11\/documento-entregue-as-defesas-civis-dos-municipios-de-pe-e-ba-1669145593502_v2_750x1-jpg-260x300.webp 260w, https:\/\/www.diariodocentrodomundo.com.br\/wp-content\/uploads\/2022\/11\/documento-entregue-as-defesas-civis-dos-municipios-de-pe-e-ba-1669145593502_v2_750x1-jpg-520x600.webp 520w, https:\/\/www.diariodocentrodomundo.com.br\/wp-content\/uploads\/2022\/11\/documento-entregue-as-defesas-civis-dos-municipios-de-pe-e-ba-1669145593502_v2_750x1-jpg-364x420.webp 364w, https:\/\/www.diariodocentrodomundo.com.br\/wp-content\/uploads\/2022\/11\/documento-entregue-as-defesas-civis-dos-municipios-de-pe-e-ba-1669145593502_v2_750x1-jpg-640x738.webp 640w, https:\/\/www.diariodocentrodomundo.com.br\/wp-content\/uploads\/2022\/11\/documento-entregue-as-defesas-civis-dos-municipios-de-pe-e-ba-1669145593502_v2_750x1-jpg-681x785.webp 681w, https:\/\/www.diariodocentrodomundo.com.br\/wp-content\/uploads\/2022\/11\/documento-entregue-as-defesas-civis-dos-municipios-de-pe-e-ba-1669145593502_v2_750x1-jpg-150x173.webp 150w\" data-lazy-sizes=\"(max-width: 750px) 100vw, 750px\" data-lazy-src=\"https:\/\/controle.diariodocentrodomundo.com.br\/wp-content\/uploads\/2022\/11\/documento-entregue-as-defesas-civis-dos-municipios-de-pe-e-ba-1669145593502_v2_750x1-jpg.webp\" data-ll-status=\"loaded\" \/>Documento entregue \u00e0s defesas civis dos munic\u00edpios de PE e BA \u2013 Foto: Reprodu\u00e7\u00e3o\/Arte UOL<\/p>\n<p>O Ex\u00e9rcito informou ontem que a corpora\u00e7\u00e3o \u201c\u00e9 respons\u00e1vel apenas pelas a\u00e7\u00f5es que envolvem a execu\u00e7\u00e3o da opera\u00e7\u00e3o, a partir do repasse de recursos do Minist\u00e9rio do Desenvolvimento Regional ao Minist\u00e9rio da Defesa\u201d.<\/p>\n<p style=\"text-align: justify;\">\u201cOs recursos disponibilizados pelo MDR at\u00e9 o momento permitiram a execu\u00e7\u00e3o da opera\u00e7\u00e3o na sua plenitude at\u00e9 o dia 16 de novembro. O Ex\u00e9rcito Brasileiro aguarda nova descentraliza\u00e7\u00e3o de recursos para que seja retomada a distribui\u00e7\u00e3o rotineira de \u00e1gua\u201d, disse.<\/p>\n<p style=\"text-align: justify;\">O MDR, por sua vez, disse que a renumera\u00e7\u00e3o dos pipeiros \u00e9 feita pelo Ex\u00e9rcito e que a pasta \u201capenas faz o repasse dos recursos\u201d. Al\u00e9m disso, apontou que \u201cas necessidades de recursos adicionais foram formalmente encaminhadas ao Minist\u00e9rio da Economia, para que seja poss\u00edvel retomar, o quanto antes, a opera\u00e7\u00e3o\u201d.<\/p>\n","protected":false},"excerpt":{"rendered":"<p>Ap\u00f3s as elei\u00e7\u00f5es, a opera\u00e7\u00e3o Carro-Pipa, que leva \u00e1gua pot\u00e1vel \u00e0s fam\u00edlias nordestinas h\u00e1 mais de 20 anos, teve os recursos cortados pelo governo do presidente Jair Bolsonaro (PL). De acordo com a planilha do Ex\u00e9rcito, 1,6 milh\u00e3o de pessoas em oito estados do Nordeste, teriam direito ao abastecimento neste \u00faltimo m\u00eas est\u00e3o prejudicadas. Segundo [&hellip;]<\/p>\n","protected":false},"author":2,"featured_media":111628,"comment_status":"open","ping_status":"open","sticky":false,"template":"","format":"standard","meta":[],"categories":[23,105],"tags":[],"_links":{"self":[{"href":"https:\/\/www.blogdopaulonunes.com\/v5\/index.php\/wp-json\/wp\/v2\/posts\/111627"}],"collection":[{"href":"https:\/\/www.blogdopaulonunes.com\/v5\/index.php\/wp-json\/wp\/v2\/posts"}],"about":[{"href":"https:\/\/www.blogdopaulonunes.com\/v5\/index.php\/wp-json\/wp\/v2\/types\/post"}],"author":[{"embeddable":true,"href":"https:\/\/www.blogdopaulonunes.com\/v5\/index.php\/wp-json\/wp\/v2\/users\/2"}],"replies":[{"embeddable":true,"href":"https:\/\/www.blogdopaulonunes.com\/v5\/index.php\/wp-json\/wp\/v2\/comments?post=111627"}],"version-history":[{"count":1,"href":"https:\/\/www.blogdopaulonunes.com\/v5\/index.php\/wp-json\/wp\/v2\/posts\/111627\/revisions"}],"predecessor-version":[{"id":111629,"href":"https:\/\/www.blogdopaulonunes.com\/v5\/index.php\/wp-json\/wp\/v2\/posts\/111627\/revisions\/111629"}],"wp:featuredmedia":[{"embeddable":true,"href":"https:\/\/www.blogdopaulonunes.com\/v5\/index.php\/wp-json\/wp\/v2\/media\/111628"}],"wp:attachment":[{"href":"https:\/\/www.blogdopaulonunes.com\/v5\/index.php\/wp-json\/wp\/v2\/media?parent=111627"}],"wp:term":[{"taxonomy":"category","embeddable":true,"href":"https:\/\/www.blogdopaulonunes.com\/v5\/index.php\/wp-json\/wp\/v2\/categories?post=111627"},{"taxonomy":"post_tag","embeddable":true,"href":"https:\/\/www.blogdopaulonunes.com\/v5\/index.php\/wp-json\/wp\/v2\/tags?post=111627"}],"curies":[{"name":"wp","href":"https:\/\/api.w.org\/{rel}","templated":true}]}}